{"id":3519,"date":"2025-05-21T10:55:59","date_gmt":"2025-05-21T08:55:59","guid":{"rendered":"https:\/\/agora.xtec.cat\/ies-baldiri\/?p=3519"},"modified":"2025-05-19T17:17:57","modified_gmt":"2025-05-19T15:17:57","slug":"activitats-3r-i-4t-deso-projecte-de-memoria-historica","status":"publish","type":"post","link":"https:\/\/agora.xtec.cat\/ies-baldiri\/general\/activitats-3r-i-4t-deso-projecte-de-memoria-historica\/","title":{"rendered":"Activitats 3r i 4t d&#8217;ESO &#8211; Projecte de Mem\u00f2ria Hist\u00f2rica"},"content":{"rendered":"<p>Seguim amb m\u00e9s mostres d&#8217;activitats fetes durant el mes d&#8217;Abril per treballar la mem\u00f2ria hist\u00f2rica<\/p>\n<p><b>A 3r de l\u2019ESO <\/b><span style=\"font-weight: 400;\">ha aprofundit sobre les conseq\u00fc\u00e8ncies de la guerra i m\u00e9s concretament sobre les conseq\u00fc\u00e8ncies que va tenir la Guerra Civil espanyola. En aquest cas s\u2019han centrat en la repressi\u00f3 a la que va sotmetre el r\u00e8gim franquista a totes les persones que van lluitar a favor de la Rep\u00fablica. <\/span><\/p>\n<p><span style=\"font-weight: 400;\">Al llarg d\u2019aquest treball l\u2019alumnat ha descobert sis persones de la nostra localitat, el Prat de Llobregat, que van ser assassinades o represaliades d\u2019alguna manera pel r\u00e8gim.\u00a0<\/span><\/p>\n<p><a href=\"https:\/\/agora.xtec.cat\/ies-baldiri\/wp-content\/uploads\/usu896\/2025\/05\/IMG_3064.jpg\"><img loading=\"lazy\" decoding=\"async\" class=\"wp-image-3520 alignnone\" src=\"https:\/\/agora.xtec.cat\/ies-baldiri\/wp-content\/uploads\/usu896\/2025\/05\/IMG_3064-201x300.jpg\" alt=\"\" width=\"156\" height=\"233\" srcset=\"https:\/\/agora.xtec.cat\/ies-baldiri\/wp-content\/uploads\/usu896\/2025\/05\/IMG_3064-201x300.jpg 201w, https:\/\/agora.xtec.cat\/ies-baldiri\/wp-content\/uploads\/usu896\/2025\/05\/IMG_3064-685x1024.jpg 685w, https:\/\/agora.xtec.cat\/ies-baldiri\/wp-content\/uploads\/usu896\/2025\/05\/IMG_3064-768x1148.jpg 768w, https:\/\/agora.xtec.cat\/ies-baldiri\/wp-content\/uploads\/usu896\/2025\/05\/IMG_3064.jpg 1007w\" sizes=\"auto, (max-width: 156px) 100vw, 156px\" \/><\/a> <a href=\"https:\/\/agora.xtec.cat\/ies-baldiri\/wp-content\/uploads\/usu896\/2025\/05\/IMG_3066.jpg\">\u00a0 <\/a><a href=\"https:\/\/agora.xtec.cat\/ies-baldiri\/wp-content\/uploads\/usu896\/2025\/05\/IMG_3065.jpg\"><img loading=\"lazy\" decoding=\"async\" class=\"alignnone wp-image-3524\" src=\"https:\/\/agora.xtec.cat\/ies-baldiri\/wp-content\/uploads\/usu896\/2025\/05\/IMG_3065-233x300.jpg\" alt=\"\" width=\"178\" height=\"229\" srcset=\"https:\/\/agora.xtec.cat\/ies-baldiri\/wp-content\/uploads\/usu896\/2025\/05\/IMG_3065-233x300.jpg 233w, https:\/\/agora.xtec.cat\/ies-baldiri\/wp-content\/uploads\/usu896\/2025\/05\/IMG_3065-797x1024.jpg 797w, https:\/\/agora.xtec.cat\/ies-baldiri\/wp-content\/uploads\/usu896\/2025\/05\/IMG_3065-768x987.jpg 768w, https:\/\/agora.xtec.cat\/ies-baldiri\/wp-content\/uploads\/usu896\/2025\/05\/IMG_3065.jpg 1170w\" sizes=\"auto, (max-width: 178px) 100vw, 178px\" \/>\u00a0 <\/a><a href=\"https:\/\/agora.xtec.cat\/ies-baldiri\/wp-content\/uploads\/usu896\/2025\/05\/IMG_3066.jpg\">\u00a0<img loading=\"lazy\" decoding=\"async\" class=\"alignnone wp-image-3521\" src=\"https:\/\/agora.xtec.cat\/ies-baldiri\/wp-content\/uploads\/usu896\/2025\/05\/IMG_3066-232x300.jpg\" alt=\"\" width=\"179\" height=\"231\" srcset=\"https:\/\/agora.xtec.cat\/ies-baldiri\/wp-content\/uploads\/usu896\/2025\/05\/IMG_3066-232x300.jpg 232w, https:\/\/agora.xtec.cat\/ies-baldiri\/wp-content\/uploads\/usu896\/2025\/05\/IMG_3066-792x1024.jpg 792w, https:\/\/agora.xtec.cat\/ies-baldiri\/wp-content\/uploads\/usu896\/2025\/05\/IMG_3066-768x993.jpg 768w, https:\/\/agora.xtec.cat\/ies-baldiri\/wp-content\/uploads\/usu896\/2025\/05\/IMG_3066.jpg 992w\" sizes=\"auto, (max-width: 179px) 100vw, 179px\" \/><\/a> \u00a0<a href=\"https:\/\/agora.xtec.cat\/ies-baldiri\/wp-content\/uploads\/usu896\/2025\/05\/IMG_3067.jpg\"><img loading=\"lazy\" decoding=\"async\" class=\"wp-image-3523 alignnone\" src=\"https:\/\/agora.xtec.cat\/ies-baldiri\/wp-content\/uploads\/usu896\/2025\/05\/IMG_3067-245x300.jpg\" alt=\"\" width=\"190\" height=\"233\" srcset=\"https:\/\/agora.xtec.cat\/ies-baldiri\/wp-content\/uploads\/usu896\/2025\/05\/IMG_3067-245x300.jpg 245w, https:\/\/agora.xtec.cat\/ies-baldiri\/wp-content\/uploads\/usu896\/2025\/05\/IMG_3067-835x1024.jpg 835w, https:\/\/agora.xtec.cat\/ies-baldiri\/wp-content\/uploads\/usu896\/2025\/05\/IMG_3067-768x942.jpg 768w, https:\/\/agora.xtec.cat\/ies-baldiri\/wp-content\/uploads\/usu896\/2025\/05\/IMG_3067.jpg 1170w\" sizes=\"auto, (max-width: 190px) 100vw, 190px\" \/><\/a><\/p>\n<p><b>A 4t de l\u2019ESO<\/b><span style=\"font-weight: 400;\"> han fet un treball sobre la import\u00e0ncia de\u00a0 les fonts hist\u00f2riques per interpretar el passat de forma vera\u00e7. Tamb\u00e9 han fet un treball de comparaci\u00f3 entre el passat i el present a partir de not\u00edcies de les guerres del s. XX i les not\u00edcies d\u2019actualitat. Similituds i difer\u00e8ncies&#8230; que mostren com la hist\u00f2ria es repeteix&#8230;<\/span><\/p>\n","protected":false},"excerpt":{"rendered":"<p>Seguim amb m\u00e9s mostres d&#8217;activitats fetes durant el mes d&#8217;Abril per treballar la mem\u00f2ria hist\u00f2rica<br \/>\nA 3r de l\u2019ESO ha aprofundit sobre les conseq\u00fc\u00e8ncies de la guerra i m\u00e9s concretament sobre les conseq\u00fc\u00e8ncies que va tenir la Guerra Civil espanyola. En aquest cas s\u2019han centrat en&hellip;  <a href=\"https:\/\/agora.xtec.cat\/ies-baldiri\/general\/activitats-3r-i-4t-deso-projecte-de-memoria-historica\/\" title=\"Read Activitats 3r i 4t d&#8217;ESO &#8211; Projecte de Mem\u00f2ria Hist\u00f2rica\">Llegeix m\u00e9s\u00bb<\/a><\/p>\n","protected":false},"author":63,"featured_media":0,"comment_status":"closed","ping_status":"closed","sticky":false,"template":"","format":"standard","meta":{"_bbp_topic_count":0,"_bbp_reply_count":0,"_bbp_total_topic_count":0,"_bbp_total_reply_count":0,"_bbp_voice_count":0,"_bbp_anonymous_reply_count":0,"_bbp_topic_count_hidden":0,"_bbp_reply_count_hidden":0,"_bbp_forum_subforum_count":0,"footnotes":""},"categories":[157,158,1,29],"tags":[298],"class_list":["post-3519","post","type-post","status-publish","format-standard","hentry","category-3r-eso","category-4t-eso","category-general","category-portada","tag-memoria-historica"],"post_mailing_queue_ids":[],"_links":{"self":[{"href":"https:\/\/agora.xtec.cat\/ies-baldiri\/wp-json\/wp\/v2\/posts\/3519","targetHints":{"allow":["GET"]}}],"collection":[{"href":"https:\/\/agora.xtec.cat\/ies-baldiri\/wp-json\/wp\/v2\/posts"}],"about":[{"href":"https:\/\/agora.xtec.cat\/ies-baldiri\/wp-json\/wp\/v2\/types\/post"}],"author":[{"embeddable":true,"href":"https:\/\/agora.xtec.cat\/ies-baldiri\/wp-json\/wp\/v2\/users\/63"}],"replies":[{"embeddable":true,"href":"https:\/\/agora.xtec.cat\/ies-baldiri\/wp-json\/wp\/v2\/comments?post=3519"}],"version-history":[{"count":6,"href":"https:\/\/agora.xtec.cat\/ies-baldiri\/wp-json\/wp\/v2\/posts\/3519\/revisions"}],"predecessor-version":[{"id":3531,"href":"https:\/\/agora.xtec.cat\/ies-baldiri\/wp-json\/wp\/v2\/posts\/3519\/revisions\/3531"}],"wp:attachment":[{"href":"https:\/\/agora.xtec.cat\/ies-baldiri\/wp-json\/wp\/v2\/media?parent=3519"}],"wp:term":[{"taxonomy":"category","embeddable":true,"href":"https:\/\/agora.xtec.cat\/ies-baldiri\/wp-json\/wp\/v2\/categories?post=3519"},{"taxonomy":"post_tag","embeddable":true,"href":"https:\/\/agora.xtec.cat\/ies-baldiri\/wp-json\/wp\/v2\/tags?post=3519"}],"curies":[{"name":"wp","href":"https:\/\/api.w.org\/{rel}","templated":true}]}}