{"id":3496,"date":"2025-05-20T10:35:12","date_gmt":"2025-05-20T08:35:12","guid":{"rendered":"https:\/\/agora.xtec.cat\/ies-baldiri\/?p=3496"},"modified":"2025-05-20T17:28:08","modified_gmt":"2025-05-20T15:28:08","slug":"activitats-1r-i-2n-eso-projecte-memoria-historica","status":"publish","type":"post","link":"https:\/\/agora.xtec.cat\/ies-baldiri\/general\/activitats-1r-i-2n-eso-projecte-memoria-historica\/","title":{"rendered":"Activitats 1r i 2n ESO &#8211; Projecte Mem\u00f2ria hist\u00f2rica"},"content":{"rendered":"<p>Avui us presentem el recull d&#8217;activitats fetes a 1r d&#8217;ESO dins del marc del projecte de Mem\u00f2ria Hist\u00f2rica.<\/p>\n<p><b>A 1r de l\u2019ESO <\/b><span style=\"font-weight: 400;\">hem parlat de les guerres del passat, de per qu\u00e8 s\u2019originen aquestes, i ho hem\u00a0 vinculat amb les guerres del present. Hem reflexionat sobre el proc\u00e9s de deshumanitzaci\u00f3 de l\u2019enemic que porta a les persones a cometre massacres i genocidis. <\/span><\/p>\n<p><span style=\"font-weight: 400;\">Ens hem preguntat si podr\u00edem resoldre els conflictes d\u2019una altra manera. La guerra no es pot explicar amb paraules, aix\u00ed que l\u2019alumnat ha realitzat un treball de reflexi\u00f3 sobre el tema a trav\u00e9s de l\u2019art. Tamb\u00e9 han investigat sobre els diferents conflictes que a l\u2019actualitat hi ha al m\u00f3n.<\/span><\/p>\n<p>Us deixem algunes fotografies dels treballs realitzats!<\/p>\n<p><a href=\"https:\/\/agora.xtec.cat\/ies-baldiri\/wp-content\/uploads\/usu896\/2025\/05\/IMG_3058.jpg\"><img loading=\"lazy\" decoding=\"async\" class=\"size-medium wp-image-3507 alignnone\" src=\"https:\/\/agora.xtec.cat\/ies-baldiri\/wp-content\/uploads\/usu896\/2025\/05\/IMG_3058-224x300.jpg\" alt=\"\" width=\"224\" height=\"300\" srcset=\"https:\/\/agora.xtec.cat\/ies-baldiri\/wp-content\/uploads\/usu896\/2025\/05\/IMG_3058-224x300.jpg 224w, https:\/\/agora.xtec.cat\/ies-baldiri\/wp-content\/uploads\/usu896\/2025\/05\/IMG_3058-763x1024.jpg 763w, https:\/\/agora.xtec.cat\/ies-baldiri\/wp-content\/uploads\/usu896\/2025\/05\/IMG_3058-768x1031.jpg 768w, https:\/\/agora.xtec.cat\/ies-baldiri\/wp-content\/uploads\/usu896\/2025\/05\/IMG_3058.jpg 1122w\" sizes=\"auto, (max-width: 224px) 100vw, 224px\" \/><\/a> <a href=\"https:\/\/agora.xtec.cat\/ies-baldiri\/wp-content\/uploads\/usu896\/2025\/05\/IMG_3060.jpg\">\u00a0 <img loading=\"lazy\" decoding=\"async\" class=\"alignnone wp-image-3509\" src=\"https:\/\/agora.xtec.cat\/ies-baldiri\/wp-content\/uploads\/usu896\/2025\/05\/IMG_3060-215x300.jpg\" alt=\"\" width=\"279\" height=\"389\" srcset=\"https:\/\/agora.xtec.cat\/ies-baldiri\/wp-content\/uploads\/usu896\/2025\/05\/IMG_3060-215x300.jpg 215w, https:\/\/agora.xtec.cat\/ies-baldiri\/wp-content\/uploads\/usu896\/2025\/05\/IMG_3060-733x1024.jpg 733w, https:\/\/agora.xtec.cat\/ies-baldiri\/wp-content\/uploads\/usu896\/2025\/05\/IMG_3060-768x1072.jpg 768w, https:\/\/agora.xtec.cat\/ies-baldiri\/wp-content\/uploads\/usu896\/2025\/05\/IMG_3060.jpg 1057w\" sizes=\"auto, (max-width: 279px) 100vw, 279px\" \/><\/a> \u00a0<img loading=\"lazy\" decoding=\"async\" class=\"alignnone wp-image-3508\" src=\"https:\/\/agora.xtec.cat\/ies-baldiri\/wp-content\/uploads\/usu896\/2025\/05\/IMG_3062-221x300.jpg\" alt=\"\" width=\"288\" height=\"391\" srcset=\"https:\/\/agora.xtec.cat\/ies-baldiri\/wp-content\/uploads\/usu896\/2025\/05\/IMG_3062-221x300.jpg 221w, https:\/\/agora.xtec.cat\/ies-baldiri\/wp-content\/uploads\/usu896\/2025\/05\/IMG_3062-756x1024.jpg 756w, https:\/\/agora.xtec.cat\/ies-baldiri\/wp-content\/uploads\/usu896\/2025\/05\/IMG_3062-768x1040.jpg 768w, https:\/\/agora.xtec.cat\/ies-baldiri\/wp-content\/uploads\/usu896\/2025\/05\/IMG_3062.jpg 1105w\" sizes=\"auto, (max-width: 288px) 100vw, 288px\" \/><\/p>\n<p><a href=\"https:\/\/agora.xtec.cat\/ies-baldiri\/wp-content\/uploads\/usu896\/2025\/05\/IMG_3061.jpg\"><img loading=\"lazy\" decoding=\"async\" class=\" wp-image-3510 alignnone\" src=\"https:\/\/agora.xtec.cat\/ies-baldiri\/wp-content\/uploads\/usu896\/2025\/05\/IMG_3061-300x221.jpg\" alt=\"\" width=\"296\" height=\"218\" srcset=\"https:\/\/agora.xtec.cat\/ies-baldiri\/wp-content\/uploads\/usu896\/2025\/05\/IMG_3061-300x221.jpg 300w, https:\/\/agora.xtec.cat\/ies-baldiri\/wp-content\/uploads\/usu896\/2025\/05\/IMG_3061-1024x753.jpg 1024w, https:\/\/agora.xtec.cat\/ies-baldiri\/wp-content\/uploads\/usu896\/2025\/05\/IMG_3061-768x565.jpg 768w, https:\/\/agora.xtec.cat\/ies-baldiri\/wp-content\/uploads\/usu896\/2025\/05\/IMG_3061.jpg 1128w\" sizes=\"auto, (max-width: 296px) 100vw, 296px\" \/><\/a><a href=\"https:\/\/agora.xtec.cat\/ies-baldiri\/wp-content\/uploads\/usu896\/2025\/05\/IMG_3059.jpg\"> \u00a0<\/a><a href=\"https:\/\/agora.xtec.cat\/ies-baldiri\/wp-content\/uploads\/usu896\/2025\/05\/IMG_3059.jpg\"><img loading=\"lazy\" decoding=\"async\" class=\"alignnone wp-image-3511\" src=\"https:\/\/agora.xtec.cat\/ies-baldiri\/wp-content\/uploads\/usu896\/2025\/05\/IMG_3059-300x224.jpg\" alt=\"\" width=\"292\" height=\"218\" srcset=\"https:\/\/agora.xtec.cat\/ies-baldiri\/wp-content\/uploads\/usu896\/2025\/05\/IMG_3059-300x224.jpg 300w, https:\/\/agora.xtec.cat\/ies-baldiri\/wp-content\/uploads\/usu896\/2025\/05\/IMG_3059-1024x764.jpg 1024w, https:\/\/agora.xtec.cat\/ies-baldiri\/wp-content\/uploads\/usu896\/2025\/05\/IMG_3059-768x573.jpg 768w, https:\/\/agora.xtec.cat\/ies-baldiri\/wp-content\/uploads\/usu896\/2025\/05\/IMG_3059-200x150.jpg 200w, https:\/\/agora.xtec.cat\/ies-baldiri\/wp-content\/uploads\/usu896\/2025\/05\/IMG_3059.jpg 1170w\" sizes=\"auto, (max-width: 292px) 100vw, 292px\" \/><\/a><a href=\"https:\/\/agora.xtec.cat\/ies-baldiri\/wp-content\/uploads\/usu896\/2025\/05\/IMG_3059.jpg\">\u00a0<\/a><\/p>\n<p>&nbsp;<\/p>\n<p><b>A 2n de l\u2019ESO<\/b><span style=\"font-weight: 400;\"> l\u2019alumnat ha investigat sobre la seva pr\u00f2pia mem\u00f2ria personal, intrafamiliar. A partir d\u2019hist\u00f2ries petites i personals han arribat a explicar per\u00edodes de la nostra hist\u00f2ria m\u00e9s recent i aix\u00ed construir la mem\u00f2ria col\u00b7lectiva. Amb aquest treball personal l\u2019alumnat ha pogut descobrir la seva\u00a0 mem\u00f2ria per\u00f2 tamb\u00e9 la de companyes i companys d\u2019altres llocs del m\u00f3n que els han descobert altres hist\u00f2ries i altres cultures.<\/span><\/p>\n<p><a href=\"https:\/\/agora.xtec.cat\/ies-baldiri\/wp-content\/uploads\/usu896\/2025\/05\/IMG_3063.jpg\"><img loading=\"lazy\" decoding=\"async\" class=\"alignnone wp-image-3512 size-large\" src=\"https:\/\/agora.xtec.cat\/ies-baldiri\/wp-content\/uploads\/usu896\/2025\/05\/IMG_3063-744x1024.jpg\" alt=\"\" width=\"744\" height=\"1024\" srcset=\"https:\/\/agora.xtec.cat\/ies-baldiri\/wp-content\/uploads\/usu896\/2025\/05\/IMG_3063-744x1024.jpg 744w, https:\/\/agora.xtec.cat\/ies-baldiri\/wp-content\/uploads\/usu896\/2025\/05\/IMG_3063-218x300.jpg 218w, https:\/\/agora.xtec.cat\/ies-baldiri\/wp-content\/uploads\/usu896\/2025\/05\/IMG_3063-768x1057.jpg 768w, https:\/\/agora.xtec.cat\/ies-baldiri\/wp-content\/uploads\/usu896\/2025\/05\/IMG_3063.jpg 968w\" sizes=\"auto, (max-width: 744px) 100vw, 744px\" \/><\/a><\/p>\n","protected":false},"excerpt":{"rendered":"<p>Avui us presentem el recull d&#8217;activitats fetes a 1r d&#8217;ESO dins del marc del projecte de Mem\u00f2ria Hist\u00f2rica.<br \/>\nA 1r de l\u2019ESO hem parlat de les guerres del passat, de per qu\u00e8 s\u2019originen aquestes, i ho hem\u00a0 vinculat amb les guerres del present. Hem reflexionat sobre&hellip;  <a href=\"https:\/\/agora.xtec.cat\/ies-baldiri\/general\/activitats-1r-i-2n-eso-projecte-memoria-historica\/\" title=\"Read Activitats 1r i 2n ESO &#8211; Projecte Mem\u00f2ria hist\u00f2rica\">Llegeix m\u00e9s\u00bb<\/a><\/p>\n","protected":false},"author":63,"featured_media":3509,"comment_status":"closed","ping_status":"closed","sticky":false,"template":"","format":"standard","meta":{"_bbp_topic_count":0,"_bbp_reply_count":0,"_bbp_total_topic_count":0,"_bbp_total_reply_count":0,"_bbp_voice_count":0,"_bbp_anonymous_reply_count":0,"_bbp_topic_count_hidden":0,"_bbp_reply_count_hidden":0,"_bbp_forum_subforum_count":0,"footnotes":""},"categories":[147,156,1,29],"tags":[298],"class_list":["post-3496","post","type-post","status-publish","format-standard","has-post-thumbnail","hentry","category-eso1","category-2n-eso","category-general","category-portada","tag-memoria-historica"],"post_mailing_queue_ids":[],"_links":{"self":[{"href":"https:\/\/agora.xtec.cat\/ies-baldiri\/wp-json\/wp\/v2\/posts\/3496","targetHints":{"allow":["GET"]}}],"collection":[{"href":"https:\/\/agora.xtec.cat\/ies-baldiri\/wp-json\/wp\/v2\/posts"}],"about":[{"href":"https:\/\/agora.xtec.cat\/ies-baldiri\/wp-json\/wp\/v2\/types\/post"}],"author":[{"embeddable":true,"href":"https:\/\/agora.xtec.cat\/ies-baldiri\/wp-json\/wp\/v2\/users\/63"}],"replies":[{"embeddable":true,"href":"https:\/\/agora.xtec.cat\/ies-baldiri\/wp-json\/wp\/v2\/comments?post=3496"}],"version-history":[{"count":6,"href":"https:\/\/agora.xtec.cat\/ies-baldiri\/wp-json\/wp\/v2\/posts\/3496\/revisions"}],"predecessor-version":[{"id":3547,"href":"https:\/\/agora.xtec.cat\/ies-baldiri\/wp-json\/wp\/v2\/posts\/3496\/revisions\/3547"}],"wp:featuredmedia":[{"embeddable":true,"href":"https:\/\/agora.xtec.cat\/ies-baldiri\/wp-json\/wp\/v2\/media\/3509"}],"wp:attachment":[{"href":"https:\/\/agora.xtec.cat\/ies-baldiri\/wp-json\/wp\/v2\/media?parent=3496"}],"wp:term":[{"taxonomy":"category","embeddable":true,"href":"https:\/\/agora.xtec.cat\/ies-baldiri\/wp-json\/wp\/v2\/categories?post=3496"},{"taxonomy":"post_tag","embeddable":true,"href":"https:\/\/agora.xtec.cat\/ies-baldiri\/wp-json\/wp\/v2\/tags?post=3496"}],"curies":[{"name":"wp","href":"https:\/\/api.w.org\/{rel}","templated":true}]}}