{"id":3015,"date":"2024-10-27T10:44:31","date_gmt":"2024-10-27T09:44:31","guid":{"rendered":"https:\/\/agora.xtec.cat\/ies-baldiri\/?p=3015"},"modified":"2024-10-27T10:46:28","modified_gmt":"2024-10-27T09:46:28","slug":"26-doctubre-dia-de-la-consciencia-per-a-la-comunitat-intersexual","status":"publish","type":"post","link":"https:\/\/agora.xtec.cat\/ies-baldiri\/general\/26-doctubre-dia-de-la-consciencia-per-a-la-comunitat-intersexual\/","title":{"rendered":"26 d&#8217;octubre: Dia de la consci\u00e8ncia per a la comunitat intersexual"},"content":{"rendered":"<p><a href=\"https:\/\/agora.xtec.cat\/ies-baldiri\/wp-content\/uploads\/usu896\/2024\/10\/Cartel-Vora-Organico-Rosa-y-Verde.png\"><img loading=\"lazy\" decoding=\"async\" class=\" wp-image-3023 alignleft\" src=\"https:\/\/agora.xtec.cat\/ies-baldiri\/wp-content\/uploads\/usu896\/2024\/10\/Cartel-Vora-Organico-Rosa-y-Verde-212x300.png\" alt=\"\" width=\"144\" height=\"204\" srcset=\"https:\/\/agora.xtec.cat\/ies-baldiri\/wp-content\/uploads\/usu896\/2024\/10\/Cartel-Vora-Organico-Rosa-y-Verde-212x300.png 212w, https:\/\/agora.xtec.cat\/ies-baldiri\/wp-content\/uploads\/usu896\/2024\/10\/Cartel-Vora-Organico-Rosa-y-Verde-724x1024.png 724w, https:\/\/agora.xtec.cat\/ies-baldiri\/wp-content\/uploads\/usu896\/2024\/10\/Cartel-Vora-Organico-Rosa-y-Verde-768x1086.png 768w, https:\/\/agora.xtec.cat\/ies-baldiri\/wp-content\/uploads\/usu896\/2024\/10\/Cartel-Vora-Organico-Rosa-y-Verde-1086x1536.png 1086w, https:\/\/agora.xtec.cat\/ies-baldiri\/wp-content\/uploads\/usu896\/2024\/10\/Cartel-Vora-Organico-Rosa-y-Verde-1448x2048.png 1448w, https:\/\/agora.xtec.cat\/ies-baldiri\/wp-content\/uploads\/usu896\/2024\/10\/Cartel-Vora-Organico-Rosa-y-Verde.png 1587w\" sizes=\"auto, (max-width: 144px) 100vw, 144px\" \/><\/a>Des de l&#8217;optativa ODS i, aprofitant que el dia 26 d&#8217;octubre \u00e9s el Dia de la consci\u00e8ncia per a la comunitat intersexual, hem estat tractant aquest tema per tal de donar-hi visibilitzaci\u00f3 i informaci\u00f3 a l&#8217;alumnat del centre.<\/p>\n<p>Per aix\u00f2 hem estat elaborant un seguit de cartells que podreu veure per les tres plantes de l&#8217;institut.<\/p>\n<p>Us deixem alguns com a mostra.<\/p>\n<p>&nbsp;<\/p>\n<p><a href=\"https:\/\/agora.xtec.cat\/ies-baldiri\/wp-content\/uploads\/usu896\/2024\/10\/orgullosament.png\"><img loading=\"lazy\" decoding=\"async\" class=\"alignright size-medium wp-image-3017\" src=\"https:\/\/agora.xtec.cat\/ies-baldiri\/wp-content\/uploads\/usu896\/2024\/10\/orgullosament-212x300.png\" alt=\"\" width=\"212\" height=\"300\" srcset=\"https:\/\/agora.xtec.cat\/ies-baldiri\/wp-content\/uploads\/usu896\/2024\/10\/orgullosament-212x300.png 212w, https:\/\/agora.xtec.cat\/ies-baldiri\/wp-content\/uploads\/usu896\/2024\/10\/orgullosament-724x1024.png 724w, https:\/\/agora.xtec.cat\/ies-baldiri\/wp-content\/uploads\/usu896\/2024\/10\/orgullosament-768x1086.png 768w, https:\/\/agora.xtec.cat\/ies-baldiri\/wp-content\/uploads\/usu896\/2024\/10\/orgullosament-1086x1536.png 1086w, https:\/\/agora.xtec.cat\/ies-baldiri\/wp-content\/uploads\/usu896\/2024\/10\/orgullosament-1448x2048.png 1448w, https:\/\/agora.xtec.cat\/ies-baldiri\/wp-content\/uploads\/usu896\/2024\/10\/orgullosament.png 1587w\" sizes=\"auto, (max-width: 212px) 100vw, 212px\" \/><\/a> <a href=\"https:\/\/agora.xtec.cat\/ies-baldiri\/wp-content\/uploads\/usu896\/2024\/10\/Screenshot-2024-10-24-10.54.44.png\"><img loading=\"lazy\" decoding=\"async\" class=\"alignright size-medium wp-image-3018\" src=\"https:\/\/agora.xtec.cat\/ies-baldiri\/wp-content\/uploads\/usu896\/2024\/10\/Screenshot-2024-10-24-10.54.44-211x300.png\" alt=\"\" width=\"211\" height=\"300\" srcset=\"https:\/\/agora.xtec.cat\/ies-baldiri\/wp-content\/uploads\/usu896\/2024\/10\/Screenshot-2024-10-24-10.54.44-211x300.png 211w, https:\/\/agora.xtec.cat\/ies-baldiri\/wp-content\/uploads\/usu896\/2024\/10\/Screenshot-2024-10-24-10.54.44-721x1024.png 721w, https:\/\/agora.xtec.cat\/ies-baldiri\/wp-content\/uploads\/usu896\/2024\/10\/Screenshot-2024-10-24-10.54.44.png 760w\" sizes=\"auto, (max-width: 211px) 100vw, 211px\" \/><\/a> <a href=\"https:\/\/agora.xtec.cat\/ies-baldiri\/wp-content\/uploads\/usu896\/2024\/10\/image-3.png\"><img loading=\"lazy\" decoding=\"async\" class=\"alignright size-medium wp-image-3016\" src=\"https:\/\/agora.xtec.cat\/ies-baldiri\/wp-content\/uploads\/usu896\/2024\/10\/image-3-212x300.png\" alt=\"\" width=\"212\" height=\"300\" srcset=\"https:\/\/agora.xtec.cat\/ies-baldiri\/wp-content\/uploads\/usu896\/2024\/10\/image-3-212x300.png 212w, https:\/\/agora.xtec.cat\/ies-baldiri\/wp-content\/uploads\/usu896\/2024\/10\/image-3-724x1024.png 724w, https:\/\/agora.xtec.cat\/ies-baldiri\/wp-content\/uploads\/usu896\/2024\/10\/image-3-768x1086.png 768w, https:\/\/agora.xtec.cat\/ies-baldiri\/wp-content\/uploads\/usu896\/2024\/10\/image-3-1086x1536.png 1086w, https:\/\/agora.xtec.cat\/ies-baldiri\/wp-content\/uploads\/usu896\/2024\/10\/image-3.png 1414w\" sizes=\"auto, (max-width: 212px) 100vw, 212px\" \/><\/a><\/p>\n<p>&nbsp;<\/p>\n","protected":false},"excerpt":{"rendered":"<p><a href=\"https:\/\/agora.xtec.cat\/ies-baldiri\/wp-content\/uploads\/usu896\/2024\/10\/Cartel-Vora-Organico-Rosa-y-Verde.png\"><\/a>Des de l&#8217;optativa ODS i, aprofitant que el dia 26 d&#8217;octubre \u00e9s el Dia de la consci\u00e8ncia per a la comunitat intersexual, hem estat tractant aquest tema per tal de donar-hi visibilitzaci\u00f3 i informaci\u00f3 a l&#8217;alumnat del centre.<br \/>\nPer aix\u00f2 hem estat elaborant un seguit&hellip;  <a href=\"https:\/\/agora.xtec.cat\/ies-baldiri\/general\/26-doctubre-dia-de-la-consciencia-per-a-la-comunitat-intersexual\/\" title=\"Read 26 d&#8217;octubre: Dia de la consci\u00e8ncia per a la comunitat intersexual\">Llegeix m\u00e9s\u00bb<\/a><\/p>\n","protected":false},"author":39,"featured_media":3023,"comment_status":"closed","ping_status":"closed","sticky":false,"template":"","format":"standard","meta":{"_bbp_topic_count":0,"_bbp_reply_count":0,"_bbp_total_topic_count":0,"_bbp_total_reply_count":0,"_bbp_voice_count":0,"_bbp_anonymous_reply_count":0,"_bbp_topic_count_hidden":0,"_bbp_reply_count_hidden":0,"_bbp_forum_subforum_count":0,"footnotes":""},"categories":[8,1,168,29],"tags":[173,270,169,183,311,293,310],"class_list":["post-3015","post","type-post","status-publish","format-standard","has-post-thumbnail","hentry","category-batxillerat","category-general","category-medusa","category-portada","tag-baldiri","tag-batxillerat","tag-classiques","tag-cultura-classica","tag-intersexualitat","tag-ods","tag-orgull"],"post_mailing_queue_ids":[],"_links":{"self":[{"href":"https:\/\/agora.xtec.cat\/ies-baldiri\/wp-json\/wp\/v2\/posts\/3015","targetHints":{"allow":["GET"]}}],"collection":[{"href":"https:\/\/agora.xtec.cat\/ies-baldiri\/wp-json\/wp\/v2\/posts"}],"about":[{"href":"https:\/\/agora.xtec.cat\/ies-baldiri\/wp-json\/wp\/v2\/types\/post"}],"author":[{"embeddable":true,"href":"https:\/\/agora.xtec.cat\/ies-baldiri\/wp-json\/wp\/v2\/users\/39"}],"replies":[{"embeddable":true,"href":"https:\/\/agora.xtec.cat\/ies-baldiri\/wp-json\/wp\/v2\/comments?post=3015"}],"version-history":[{"count":1,"href":"https:\/\/agora.xtec.cat\/ies-baldiri\/wp-json\/wp\/v2\/posts\/3015\/revisions"}],"predecessor-version":[{"id":3024,"href":"https:\/\/agora.xtec.cat\/ies-baldiri\/wp-json\/wp\/v2\/posts\/3015\/revisions\/3024"}],"wp:featuredmedia":[{"embeddable":true,"href":"https:\/\/agora.xtec.cat\/ies-baldiri\/wp-json\/wp\/v2\/media\/3023"}],"wp:attachment":[{"href":"https:\/\/agora.xtec.cat\/ies-baldiri\/wp-json\/wp\/v2\/media?parent=3015"}],"wp:term":[{"taxonomy":"category","embeddable":true,"href":"https:\/\/agora.xtec.cat\/ies-baldiri\/wp-json\/wp\/v2\/categories?post=3015"},{"taxonomy":"post_tag","embeddable":true,"href":"https:\/\/agora.xtec.cat\/ies-baldiri\/wp-json\/wp\/v2\/tags?post=3015"}],"curies":[{"name":"wp","href":"https:\/\/api.w.org\/{rel}","templated":true}]}}