{"id":2875,"date":"2024-04-16T10:21:17","date_gmt":"2024-04-16T08:21:17","guid":{"rendered":"https:\/\/agora.xtec.cat\/ies-baldiri\/?p=2875"},"modified":"2024-04-16T10:21:17","modified_gmt":"2024-04-16T08:21:17","slug":"portes-obertes-batxillerat-2024","status":"publish","type":"post","link":"https:\/\/agora.xtec.cat\/ies-baldiri\/batxillerat\/portes-obertes-batxillerat-2024\/","title":{"rendered":"Portes obertes batxillerat 2024"},"content":{"rendered":"<p>Benvolgudes fam\u00edlies,<\/p>\n<p>Del 18 al 25 d\u2019abril es podr\u00e0 presentar la sol\u00b7licitud als ensenyaments de Batxillerat per al curs 2024-25 (Preinscripci\u00f3 Batxillerat). Per aquest motiu ens complau convidar-vos a la <span style=\"color: #3366ff;\">Jornada de Portes Obertes<\/span> del nostre institut, que tindr\u00e0 lloc el dia <strong>11 d\u2019abril, a les 17.30 h<\/strong>.<\/p>\n<p><img loading=\"lazy\" decoding=\"async\" class=\"alignleft size-full wp-image-2847\" src=\"https:\/\/agora.xtec.cat\/ies-baldiri\/wp-content\/uploads\/usu896\/2024\/03\/portesobertesbatx24.png\" alt=\"\" width=\"273\" height=\"184\" \/><\/p>\n<p>En aquesta sessi\u00f3, adre\u00e7ada tant a fam\u00edlies com a futurs alumnes, us explicarem les caracter\u00edstiques generals d\u2019aquesta etapa, les modalitats que es poden cursar en el centre i els trets distintius dels itineraris que hem dissenyat: mat\u00e8ries de modalitat, optatives i trimestrals. Aprofitarem per explicar-vos alguns aspectes organitzatius del nostre institut que us puguin ajudar a triar el centre m\u00e9s adequat a les vostres necessitats.<\/p>\n<p>Us hi esperem!<\/p>\n","protected":false},"excerpt":{"rendered":"<p>Benvolgudes fam\u00edlies,<br \/>\nDel 18 al 25 d\u2019abril es podr\u00e0 presentar la sol\u00b7licitud als ensenyaments de Batxillerat per al curs 2024-25 (Preinscripci\u00f3 Batxillerat). Per aquest motiu ens complau convidar-vos a la Jornada de Portes Obertes del nostre institut, que tindr\u00e0 lloc el dia 11 d\u2019abril, a les&hellip;  <a href=\"https:\/\/agora.xtec.cat\/ies-baldiri\/batxillerat\/portes-obertes-batxillerat-2024\/\" title=\"Read Portes obertes batxillerat 2024\">Llegeix m\u00e9s\u00bb<\/a><\/p>\n","protected":false},"author":1,"featured_media":0,"comment_status":"closed","ping_status":"closed","sticky":false,"template":"","format":"standard","meta":{"_bbp_topic_count":0,"_bbp_reply_count":0,"_bbp_total_topic_count":0,"_bbp_total_reply_count":0,"_bbp_voice_count":0,"_bbp_anonymous_reply_count":0,"_bbp_topic_count_hidden":0,"_bbp_reply_count_hidden":0,"_bbp_forum_subforum_count":0,"footnotes":""},"categories":[8,29],"tags":[288,234],"class_list":["post-2875","post","type-post","status-publish","format-standard","hentry","category-batxillerat","category-portada","tag-curs2324","tag-preinscripcio"],"post_mailing_queue_ids":[],"_links":{"self":[{"href":"https:\/\/agora.xtec.cat\/ies-baldiri\/wp-json\/wp\/v2\/posts\/2875","targetHints":{"allow":["GET"]}}],"collection":[{"href":"https:\/\/agora.xtec.cat\/ies-baldiri\/wp-json\/wp\/v2\/posts"}],"about":[{"href":"https:\/\/agora.xtec.cat\/ies-baldiri\/wp-json\/wp\/v2\/types\/post"}],"author":[{"embeddable":true,"href":"https:\/\/agora.xtec.cat\/ies-baldiri\/wp-json\/wp\/v2\/users\/1"}],"replies":[{"embeddable":true,"href":"https:\/\/agora.xtec.cat\/ies-baldiri\/wp-json\/wp\/v2\/comments?post=2875"}],"version-history":[{"count":1,"href":"https:\/\/agora.xtec.cat\/ies-baldiri\/wp-json\/wp\/v2\/posts\/2875\/revisions"}],"predecessor-version":[{"id":2876,"href":"https:\/\/agora.xtec.cat\/ies-baldiri\/wp-json\/wp\/v2\/posts\/2875\/revisions\/2876"}],"wp:attachment":[{"href":"https:\/\/agora.xtec.cat\/ies-baldiri\/wp-json\/wp\/v2\/media?parent=2875"}],"wp:term":[{"taxonomy":"category","embeddable":true,"href":"https:\/\/agora.xtec.cat\/ies-baldiri\/wp-json\/wp\/v2\/categories?post=2875"},{"taxonomy":"post_tag","embeddable":true,"href":"https:\/\/agora.xtec.cat\/ies-baldiri\/wp-json\/wp\/v2\/tags?post=2875"}],"curies":[{"name":"wp","href":"https:\/\/api.w.org\/{rel}","templated":true}]}}