{"id":2559,"date":"2023-04-26T13:59:20","date_gmt":"2023-04-26T11:59:20","guid":{"rendered":"https:\/\/agora.xtec.cat\/ies-baldiri\/?p=2559"},"modified":"2023-04-26T13:59:20","modified_gmt":"2023-04-26T11:59:20","slug":"un-sant-jordi-classic","status":"publish","type":"post","link":"https:\/\/agora.xtec.cat\/ies-baldiri\/general\/un-sant-jordi-classic\/","title":{"rendered":"Un Sant Jordi cl\u00e0ssic"},"content":{"rendered":"<p style=\"text-align: justify\">Enguany hem tornat a celebrar Sant Jordi, per\u00f2 el dia de la celebraci\u00f3 era molt especial per les alumnes de primer de batxillerat human\u00edstic, doncs coincidia amb l&#8217;aniversari de la fundaci\u00f3 de Roma, all\u00e0 pel 753 aC.<\/p>\n<p><iframe loading=\"lazy\" title=\"YouTube video player\" src=\"\/\/www.youtube.com\/embed\/yLtdxHC049A\" width=\"560\" height=\"315\" frameborder=\"0\"><\/iframe><\/p>\n<p style=\"text-align: justify\">Per aquesta coincid\u00e8ncia, hem volgut fer una lectura dels primers versos de la Il\u00edada d&#8217;Homer, la primera obra de la literatura occidental. I ho hem volgut fer en l&#8217;original (grec antic), llat\u00ed, itali\u00e0, franc\u00e8s, alemany, angl\u00e8s, castell\u00e0 i catal\u00e0, algunes de les lleng\u00fces en qu\u00e8 ha estat tradu\u00edda\u00a0 aquesta obra, perqu\u00e8 les lleng\u00fces cl\u00e0ssiques no estan mortes&#8230;. S\u00d3N IMMORTALS!!!<\/p>\n<p>&nbsp;<\/p>\n<p>&nbsp;<\/p>\n","protected":false},"excerpt":{"rendered":"<p>Enguany hem tornat a celebrar Sant Jordi, per\u00f2 el dia de la celebraci\u00f3 era molt especial per les alumnes de primer de batxillerat human\u00edstic, doncs coincidia amb l&#8217;aniversari de la fundaci\u00f3 de Roma, all\u00e0 pel 753 aC.<\/p>\n<p>Per aquesta coincid\u00e8ncia, hem volgut fer una lectura dels&hellip;  <a href=\"https:\/\/agora.xtec.cat\/ies-baldiri\/general\/un-sant-jordi-classic\/\" title=\"Read Un Sant Jordi cl\u00e0ssic\">Llegeix m\u00e9s\u00bb<\/a><\/p>\n","protected":false},"author":39,"featured_media":2561,"comment_status":"closed","ping_status":"closed","sticky":false,"template":"","format":"standard","meta":{"_bbp_topic_count":0,"_bbp_reply_count":0,"_bbp_total_topic_count":0,"_bbp_total_reply_count":0,"_bbp_voice_count":0,"_bbp_anonymous_reply_count":0,"_bbp_topic_count_hidden":0,"_bbp_reply_count_hidden":0,"_bbp_forum_subforum_count":0,"footnotes":""},"categories":[159,8,1,168,29],"tags":[191,63,173,270,169,183,286,287,179,141,254,38],"class_list":["post-2559","post","type-post","status-publish","format-standard","has-post-thumbnail","hentry","category-1r-batx","category-batxillerat","category-general","category-medusa","category-portada","tag-grec","tag-actes","tag-baldiri","tag-batxillerat","tag-classiques","tag-cultura-classica","tag-homer","tag-iliada","tag-llati","tag-llengua","tag-pervivencia-classica","tag-sant-jordi"],"post_mailing_queue_ids":[],"_links":{"self":[{"href":"https:\/\/agora.xtec.cat\/ies-baldiri\/wp-json\/wp\/v2\/posts\/2559","targetHints":{"allow":["GET"]}}],"collection":[{"href":"https:\/\/agora.xtec.cat\/ies-baldiri\/wp-json\/wp\/v2\/posts"}],"about":[{"href":"https:\/\/agora.xtec.cat\/ies-baldiri\/wp-json\/wp\/v2\/types\/post"}],"author":[{"embeddable":true,"href":"https:\/\/agora.xtec.cat\/ies-baldiri\/wp-json\/wp\/v2\/users\/39"}],"replies":[{"embeddable":true,"href":"https:\/\/agora.xtec.cat\/ies-baldiri\/wp-json\/wp\/v2\/comments?post=2559"}],"version-history":[{"count":2,"href":"https:\/\/agora.xtec.cat\/ies-baldiri\/wp-json\/wp\/v2\/posts\/2559\/revisions"}],"predecessor-version":[{"id":2562,"href":"https:\/\/agora.xtec.cat\/ies-baldiri\/wp-json\/wp\/v2\/posts\/2559\/revisions\/2562"}],"wp:featuredmedia":[{"embeddable":true,"href":"https:\/\/agora.xtec.cat\/ies-baldiri\/wp-json\/wp\/v2\/media\/2561"}],"wp:attachment":[{"href":"https:\/\/agora.xtec.cat\/ies-baldiri\/wp-json\/wp\/v2\/media?parent=2559"}],"wp:term":[{"taxonomy":"category","embeddable":true,"href":"https:\/\/agora.xtec.cat\/ies-baldiri\/wp-json\/wp\/v2\/categories?post=2559"},{"taxonomy":"post_tag","embeddable":true,"href":"https:\/\/agora.xtec.cat\/ies-baldiri\/wp-json\/wp\/v2\/tags?post=2559"}],"curies":[{"name":"wp","href":"https:\/\/api.w.org\/{rel}","templated":true}]}}