{"id":2223,"date":"2022-05-06T18:39:18","date_gmt":"2022-05-06T16:39:18","guid":{"rendered":"https:\/\/agora.xtec.cat\/ies-baldiri\/?p=2223"},"modified":"2022-05-06T18:52:27","modified_gmt":"2022-05-06T16:52:27","slug":"19e-forum-de-treballs-de-recerca-ciutat-del-prat","status":"publish","type":"post","link":"https:\/\/agora.xtec.cat\/ies-baldiri\/general\/19e-forum-de-treballs-de-recerca-ciutat-del-prat\/","title":{"rendered":"19\u00e9 F\u00f2rum de treballs de recerca &#8220;Ciutat del Prat&#8221;"},"content":{"rendered":"<p><strong>Carla V\u00e1zquez<\/strong>, de 2n de batxillerat esc\u00e8nic, guardonada en el <strong>19\u00e8 F\u00d2RUM DE TREBALLS DE RECERCA DE LA CIUTAT DEL PRAT<\/strong><\/p>\n<p>El 21 d&#8217;abril es va celebrar el F\u00f2rum de Treballs de Recerca d&#8217;enguany, amb la pres\u00e8ncia de l&#8217;alcalde del Prat, la regidora d&#8217;educaci\u00f3, autoritats educatives, alumnes, professorat i fam\u00edlies, al Centre C\u00edvic Ribera Baixa.<\/p>\n<p>I entre els guardonats, la nostra alumna Carla V\u00e1zquez, amb els seu excel\u00b7lent treball Escalfa, que surts! La por esc\u00e8nica en actors i atletes. Enhorabona!<\/p>\n<p><img loading=\"lazy\" decoding=\"async\" class=\"alignleft wp-image-2224 size-large\" src=\"https:\/\/agora.xtec.cat\/ies-baldiri\/wp-content\/uploads\/usu896\/2022\/05\/forum-1024x768.jpg\" alt=\"\" width=\"1024\" height=\"768\" srcset=\"https:\/\/agora.xtec.cat\/ies-baldiri\/wp-content\/uploads\/usu896\/2022\/05\/forum-1024x768.jpg 1024w, https:\/\/agora.xtec.cat\/ies-baldiri\/wp-content\/uploads\/usu896\/2022\/05\/forum-300x225.jpg 300w, https:\/\/agora.xtec.cat\/ies-baldiri\/wp-content\/uploads\/usu896\/2022\/05\/forum-768x576.jpg 768w, https:\/\/agora.xtec.cat\/ies-baldiri\/wp-content\/uploads\/usu896\/2022\/05\/forum-1536x1152.jpg 1536w, https:\/\/agora.xtec.cat\/ies-baldiri\/wp-content\/uploads\/usu896\/2022\/05\/forum-2048x1536.jpg 2048w, https:\/\/agora.xtec.cat\/ies-baldiri\/wp-content\/uploads\/usu896\/2022\/05\/forum-200x150.jpg 200w\" sizes=\"auto, (max-width: 1024px) 100vw, 1024px\" \/><\/p>\n","protected":false},"excerpt":{"rendered":"<p>Carla V\u00e1zquez, de 2n de batxillerat esc\u00e8nic, guardonada en el 19\u00e8 F\u00d2RUM DE TREBALLS DE RECERCA DE LA CIUTAT DEL PRAT<br \/>\nEl 21 d&#8217;abril es va celebrar el F\u00f2rum de Treballs de Recerca d&#8217;enguany, amb la pres\u00e8ncia de l&#8217;alcalde del Prat, la regidora d&#8217;educaci\u00f3, autoritats educatives,&hellip;  <a href=\"https:\/\/agora.xtec.cat\/ies-baldiri\/general\/19e-forum-de-treballs-de-recerca-ciutat-del-prat\/\" title=\"Read 19\u00e9 F\u00f2rum de treballs de recerca &#8220;Ciutat del Prat&#8221;\">Llegeix m\u00e9s\u00bb<\/a><\/p>\n","protected":false},"author":1,"featured_media":2224,"comment_status":"closed","ping_status":"closed","sticky":false,"template":"","format":"standard","meta":{"_bbp_topic_count":0,"_bbp_reply_count":0,"_bbp_total_topic_count":0,"_bbp_total_reply_count":0,"_bbp_voice_count":0,"_bbp_anonymous_reply_count":0,"_bbp_topic_count_hidden":0,"_bbp_reply_count_hidden":0,"_bbp_forum_subforum_count":0,"footnotes":""},"categories":[160,8,1,29],"tags":[101],"class_list":["post-2223","post","type-post","status-publish","format-standard","has-post-thumbnail","hentry","category-2n-batx","category-batxillerat","category-general","category-portada","tag-forum-tr"],"post_mailing_queue_ids":[],"_links":{"self":[{"href":"https:\/\/agora.xtec.cat\/ies-baldiri\/wp-json\/wp\/v2\/posts\/2223","targetHints":{"allow":["GET"]}}],"collection":[{"href":"https:\/\/agora.xtec.cat\/ies-baldiri\/wp-json\/wp\/v2\/posts"}],"about":[{"href":"https:\/\/agora.xtec.cat\/ies-baldiri\/wp-json\/wp\/v2\/types\/post"}],"author":[{"embeddable":true,"href":"https:\/\/agora.xtec.cat\/ies-baldiri\/wp-json\/wp\/v2\/users\/1"}],"replies":[{"embeddable":true,"href":"https:\/\/agora.xtec.cat\/ies-baldiri\/wp-json\/wp\/v2\/comments?post=2223"}],"version-history":[{"count":2,"href":"https:\/\/agora.xtec.cat\/ies-baldiri\/wp-json\/wp\/v2\/posts\/2223\/revisions"}],"predecessor-version":[{"id":2230,"href":"https:\/\/agora.xtec.cat\/ies-baldiri\/wp-json\/wp\/v2\/posts\/2223\/revisions\/2230"}],"wp:featuredmedia":[{"embeddable":true,"href":"https:\/\/agora.xtec.cat\/ies-baldiri\/wp-json\/wp\/v2\/media\/2224"}],"wp:attachment":[{"href":"https:\/\/agora.xtec.cat\/ies-baldiri\/wp-json\/wp\/v2\/media?parent=2223"}],"wp:term":[{"taxonomy":"category","embeddable":true,"href":"https:\/\/agora.xtec.cat\/ies-baldiri\/wp-json\/wp\/v2\/categories?post=2223"},{"taxonomy":"post_tag","embeddable":true,"href":"https:\/\/agora.xtec.cat\/ies-baldiri\/wp-json\/wp\/v2\/tags?post=2223"}],"curies":[{"name":"wp","href":"https:\/\/api.w.org\/{rel}","templated":true}]}}