{"id":2202,"date":"2022-04-21T16:00:03","date_gmt":"2022-04-21T14:00:03","guid":{"rendered":"https:\/\/agora.xtec.cat\/ies-baldiri\/?p=2202"},"modified":"2022-10-25T13:05:26","modified_gmt":"2022-10-25T11:05:26","slug":"preinscripcio-batxillerat-curs-2022-23","status":"publish","type":"post","link":"https:\/\/agora.xtec.cat\/ies-baldiri\/batxillerat\/preinscripcio-batxillerat-curs-2022-23\/","title":{"rendered":"Preinscripci\u00f3 Batxillerat curs 2022-23"},"content":{"rendered":"<table style=\"width: 100%; border-collapse: collapse;\">\n<tbody>\n<tr>\n<td style=\"width: 100%;\">\n<h3>Itinerari formatiu de batxillerat (provisional): <strong><span style=\"text-decoration: underline;\"><a href=\"https:\/\/agora.xtec.cat\/ies-baldiri\/wp-content\/uploads\/usu896\/2022\/04\/Itineraris-Provisionals-Batxillerat-22-23-1r.pdf\" target=\"_blank\" rel=\"noopener\">Cliqueu aqu\u00ed<\/a><\/span><\/strong><\/h3>\n<h3>Oferta inicial de places de batxillerat: <span style=\"text-decoration: underline;\"><strong><a href=\"https:\/\/agora.xtec.cat\/ies-baldiri\/wp-content\/uploads\/usu896\/2022\/04\/Oferta-inical-places-Batxillerat.pdf\">Oferta inicial places Batxillerat<\/a><\/strong><\/span><\/h3>\n<h3>Publicaci\u00f3 de la llista de sol\u00b7licituds que han demanat el centre i l&#8217;ensenyament en primera\u00a0\u00a0petici\u00f3 amb la puntuaci\u00f3 provisional a 23\/05\/2022: <a href=\"https:\/\/agora.xtec.cat\/ies-baldiri\/wp-content\/uploads\/usu896\/2022\/04\/Llista-provisional-amb-la-puntuacio-BATX.pdf\"><span style=\"text-decoration: underline;\">Llista provisional amb la puntuaci\u00f3 BATX<\/span><\/a><\/h3>\n<h3>Publicaci\u00f3 de la llista de sol\u00b7licituds que han demanat el centre i l&#8217;ensenyament en primera petici\u00f3 amb la puntuaci\u00f3 resoltes les reclamacions a 03\/06\/2022: <span style=\"text-decoration: underline;\"><a href=\"https:\/\/agora.xtec.cat\/ies-baldiri\/wp-content\/uploads\/usu896\/2022\/04\/Publicacio-de-la-llista-de-sollicituds-que-han-demanat-el-centre-i-lensenyament-en-primera-030622.pdf\">Cliqueu aqu\u00ed<\/a><\/span><\/h3>\n<h3>Alumnes assignats al centre amb indicaci\u00f3 de la primera petici\u00f3: <a href=\"https:\/\/agora.xtec.cat\/ies-baldiri\/wp-content\/uploads\/usu896\/2022\/03\/Alumnes-assignats-al-centre-amb-indicacio-de-la-primera-peticio1.pdf\">Cliqueu aqu\u00ed<\/a><\/h3>\n<h3>Alumnes preinscrits al centre a 22\/06\/22: <a href=\"https:\/\/agora.xtec.cat\/ies-baldiri\/wp-content\/uploads\/usu896\/2022\/03\/Alumnes-preinscrits-al-centre-220622.pdf\">Cliqueu aqu\u00ed<\/a><\/h3>\n<p>&nbsp;<\/td>\n<\/tr>\n<\/tbody>\n<\/table>\n<h3>PREINSCRIPCI\u00d3 BATXILLERAT CURS 2022-23<\/h3>\n<p>Les sol\u00b7licituds s\u2019han de realitzar de <strong>forma telem\u00e0tica<\/strong> (del 20 al 26 d\u2019abril). Es pot realitzar a trav\u00e9s d&#8217;un <strong>ordinador, una tauleta t\u00e0ctil o un tel\u00e8fon m\u00f2bil, escollint el formulari de preinscripci\u00f3 en format electr\u00f2nic o b\u00e9 el formulari de <\/strong><strong>preinscripci\u00f3 en suport inform\u00e0tic<\/strong>.<\/p>\n<p>Una vegada completada la sol\u00b7licitud obtindreu un <strong>resguard<\/strong> que s\u2019ha d\u2019<strong>enviar per correu electr\u00f2nic<\/strong>, juntament amb la <strong>documentaci\u00f3<\/strong> necess\u00e0ria <strong>escanejada o fotografiada<\/strong>, a la seg\u00fcent adre\u00e7a electr\u00f2nica:<\/p>\n<p style=\"text-align: center;\"><a href=\"mailto:ies-baldiri@xtec.cat\">ies-baldiri@xtec.cat<\/a><\/p>\n<p>Si trieu el formulari de preinscripci\u00f3 en suport inform\u00e0tic necessitareu el <strong>codi de l&#8217;Institut Baldiri Guilera (08023131)<\/strong> i l&#8217;<strong>identificador<\/strong> de l&#8217;alumne o alumna. \u00c9s una dada obligat\u00f2ria que han de facilitar els centres on estan escolaritzats, per\u00f2 tamb\u00e9 es pot consultar l&#8217;identificador de l&#8217;alumne a trav\u00e9s del web de la Generalitat si disposeu de l&#8217;idCAT m\u00f2bil.<\/p>\n<p>Les fam\u00edlies que tingueu dubtes o dificultat per fer el tr\u00e0mit de la preinscripci\u00f3 telem\u00e0tica podeu trucar al tel\u00e8fon <strong>933791895, de dilluns a divendres, de 8 a 14.30 h o dilluns, de 16 a 18 h<\/strong>. Tamb\u00e9 podeu enviar un correu electr\u00f2nic a l&#8217;adre\u00e7a electr\u00f2nica del centre (<a href=\"mailto:ies-baldiri@xtec.cat\">ies-baldiri@xtec.cat<\/a>).<\/p>\n<p>Per a m\u00e9s informaci\u00f3 sobre la preinscripci\u00f3, consulteu la web del Departament d\u2019Educaci\u00f3 <a href=\"https:\/\/preinscripcio.gencat.cat\/ca\/estudis\/batxillerat\/inici\/\" target=\"_blank\" rel=\"noopener\">Preinscripci\u00f3 2022-23<\/a>.<\/p>\n<p><a href=\"https:\/\/drive.google.com\/file\/d\/1Y2z81scEuipQtY-VpmlfrPzdpwR9K327\/view\" target=\"_blank\" rel=\"noopener\">Calendari de preinscripci\u00f3 Batxillerat<\/a><\/p>\n<p><a href=\"http:\/\/queestudiar.gencat.cat\/ca\/index.html\" target=\"_blank\" rel=\"noopener\">Enlla\u00e7 a la sol\u00b7licitud de preinscripci\u00f3<\/a><\/p>\n<p><a href=\"https:\/\/drive.google.com\/file\/d\/1h1WNe79R0LfMOwXNPmw11CDP7c1E_K52\/view\" target=\"_blank\" rel=\"noopener\">Criteris de baremaci\u00f3<\/a><\/p>\n<p><a href=\"https:\/\/drive.google.com\/file\/d\/1fy4hteGlLf5WcGEoD5IxFV3tHU7gFOiU\/view\" target=\"_blank\" rel=\"noopener\">Documentaci\u00f3 acreditativa<\/a><\/p>\n<p><a href=\"https:\/\/drive.google.com\/file\/d\/1F2n_6wGU8C1ezzqaKwfmOTh6raV-2LPu\/view\" target=\"_blank\" rel=\"noopener\">Tutorial per consultar l\u2019identificador de l\u2019alumne<\/a><\/p>\n<p><a href=\"https:\/\/drive.google.com\/file\/d\/1i8y2g94wqSnk4kJbnIGZT-6hNHSSBex_\/view\" target=\"_blank\" rel=\"noopener\">Tutorial per obtenir l\u2019idCAT m\u00f2bil<\/a><\/p>\n<p><a href=\"http:\/\/queestudiar.gencat.cat\/ca\/index.html\" target=\"_blank\" rel=\"noopener\">Enlla\u00e7 a la consulta de l\u2019identificador de l\u2019alumne<\/a><\/p>\n<h2>Portes obertes Batxillerat Curs 2022-23<\/h2>\n<p><strong>Benvolgudes fam\u00edlies,<\/strong><\/p>\n<p><strong>L\u2019Institut Baldiri Guilera us convida a la sessi\u00f3 de Portes Obertes de Batxillerat que tindr\u00e0 ll<\/strong>oc <strong>dijous, 7 d\u2019abril, a les 18 h<\/strong> per videoconfer\u00e8ncia a trav\u00e9s de Meet.<\/p>\n<p>El mateix dia tindreu a la vostra disposici\u00f3 en aquesta p\u00e0gina web l\u2019enlla\u00e7 per accedir-hi.<\/p>\n<p>Durant les pr\u00f2ximes setmanes publicarem puntualment tota la informaci\u00f3 relacionada amb la <strong>Preinscripci\u00f3 de Batxillerat per al curs 2022-23<\/strong>.<\/p>\n<p>Impartim Batxillerat en les modalitats de:<\/p>\n<ul>\n<li>Arts Esc\u00e8niques<\/li>\n<li>Humanitats i Ci\u00e8ncies Socials<\/li>\n<li>Ci\u00e8ncies i Tecnologia<\/li>\n<\/ul>\n<p>El seg\u00fcent v\u00eddeo \u00e9s una petita mostra de les moltes activitats que tenen lloc cada dia en el nostre institut<\/p>\n<p><iframe loading=\"lazy\" title=\"YouTube video player\" src=\"https:\/\/www.youtube.com\/embed\/pWsM5RrIGc8\" width=\"560\" height=\"315\" frameborder=\"0\" allowfullscreen=\"allowfullscreen\"><\/iframe><\/p>\n","protected":false},"excerpt":{"rendered":"<p>Itinerari formatiu de batxillerat (provisional): <a href=\"https:\/\/agora.xtec.cat\/ies-baldiri\/wp-content\/uploads\/usu896\/2022\/04\/Itineraris-Provisionals-Batxillerat-22-23-1r.pdf\" target=\"_blank\" rel=\"noopener\">Cliqueu aqu\u00ed<\/a><br \/>\nOferta inicial de places de batxillerat: <a href=\"https:\/\/agora.xtec.cat\/ies-baldiri\/wp-content\/uploads\/usu896\/2022\/04\/Oferta-inical-places-Batxillerat.pdf\">Oferta inicial places Batxillerat<\/a><br \/>\nPublicaci\u00f3 de la llista de sol\u00b7licituds que han demanat el centre i l&#8217;ensenyament en primera\u00a0\u00a0petici\u00f3 amb la puntuaci\u00f3 provisional a 23\/05\/2022: <a href=\"https:\/\/agora.xtec.cat\/ies-baldiri\/wp-content\/uploads\/usu896\/2022\/04\/Llista-provisional-amb-la-puntuacio-BATX.pdf\">Llista provisional amb la&hellip;  <a href=\"https:\/\/agora.xtec.cat\/ies-baldiri\/batxillerat\/preinscripcio-batxillerat-curs-2022-23\/\" title=\"Read Preinscripci\u00f3 Batxillerat curs 2022-23\">Llegeix m\u00e9s\u00bb<\/a><\/p>\n","protected":false},"author":1,"featured_media":2203,"comment_status":"closed","ping_status":"closed","sticky":false,"template":"","format":"standard","meta":{"_bbp_topic_count":0,"_bbp_reply_count":0,"_bbp_total_topic_count":0,"_bbp_total_reply_count":0,"_bbp_voice_count":0,"_bbp_anonymous_reply_count":0,"_bbp_topic_count_hidden":0,"_bbp_reply_count_hidden":0,"_bbp_forum_subforum_count":0,"footnotes":""},"categories":[8,29],"tags":[270,234],"class_list":["post-2202","post","type-post","status-publish","format-standard","has-post-thumbnail","hentry","category-batxillerat","category-portada","tag-batxillerat","tag-preinscripcio"],"post_mailing_queue_ids":[],"_links":{"self":[{"href":"https:\/\/agora.xtec.cat\/ies-baldiri\/wp-json\/wp\/v2\/posts\/2202","targetHints":{"allow":["GET"]}}],"collection":[{"href":"https:\/\/agora.xtec.cat\/ies-baldiri\/wp-json\/wp\/v2\/posts"}],"about":[{"href":"https:\/\/agora.xtec.cat\/ies-baldiri\/wp-json\/wp\/v2\/types\/post"}],"author":[{"embeddable":true,"href":"https:\/\/agora.xtec.cat\/ies-baldiri\/wp-json\/wp\/v2\/users\/1"}],"replies":[{"embeddable":true,"href":"https:\/\/agora.xtec.cat\/ies-baldiri\/wp-json\/wp\/v2\/comments?post=2202"}],"version-history":[{"count":3,"href":"https:\/\/agora.xtec.cat\/ies-baldiri\/wp-json\/wp\/v2\/posts\/2202\/revisions"}],"predecessor-version":[{"id":2296,"href":"https:\/\/agora.xtec.cat\/ies-baldiri\/wp-json\/wp\/v2\/posts\/2202\/revisions\/2296"}],"wp:featuredmedia":[{"embeddable":true,"href":"https:\/\/agora.xtec.cat\/ies-baldiri\/wp-json\/wp\/v2\/media\/2203"}],"wp:attachment":[{"href":"https:\/\/agora.xtec.cat\/ies-baldiri\/wp-json\/wp\/v2\/media?parent=2202"}],"wp:term":[{"taxonomy":"category","embeddable":true,"href":"https:\/\/agora.xtec.cat\/ies-baldiri\/wp-json\/wp\/v2\/categories?post=2202"},{"taxonomy":"post_tag","embeddable":true,"href":"https:\/\/agora.xtec.cat\/ies-baldiri\/wp-json\/wp\/v2\/tags?post=2202"}],"curies":[{"name":"wp","href":"https:\/\/api.w.org\/{rel}","templated":true}]}}