{"id":2184,"date":"2022-03-14T09:14:36","date_gmt":"2022-03-14T08:14:36","guid":{"rendered":"https:\/\/agora.xtec.cat\/ies-baldiri\/?p=2184"},"modified":"2022-03-14T09:14:36","modified_gmt":"2022-03-14T08:14:36","slug":"implicacions-etiques-en-el-treball-de-recerca","status":"publish","type":"post","link":"https:\/\/agora.xtec.cat\/ies-baldiri\/batxillerat\/implicacions-etiques-en-el-treball-de-recerca\/","title":{"rendered":"Implicacions \u00e8tiques en el Treball de Recerca"},"content":{"rendered":"<p>L\u2019alumnat de 1r #batxillerat participa en nous tallers sobre les implicacions \u00e8tiques del Treball de Recerca.<\/p>\n<p>Reflexionem sobre com les nostres decisions i accions afecten les altres persones i el medi ambient. L&#8217;\u00e8tica i els drets humans emergeixen en diferents moments de la investigaci\u00f3: Quin servei poden fer les recerques per millorar les condicions de vida? Quines aportacions fan per la just\u00edcia global? Com respectem els drets d\u2019autoria? S\u00f3n \u00e8tiques les preguntes que volem fer a l\u2019entrevista? Com gestionarem el consentiment informat?El nostre experiment \u00e9s respectu\u00f3s amb el medi ambient? Tenim en compte la dignitat de les persones que col\u00b7laboren en la recerca? Com protegim la dignitat d\u2019altres persones i cultures? Com retornem a la societat els resultats?<\/p>\n<p>Durant la din\u00e0mica l\u2019alumnat debat, idea i comparteix com tenir en compte la dimensi\u00f3 \u00e8tica del treball de recerca perqu\u00e8 contribueixi a la defensa i protecci\u00f3 dels\u00a0 drets humans\u00a0 \u00c9s una activitat de @SolidaritatUB, amb el suport de l&#8217;@ajelprat #Educaci\u00f3 #EducaJust\u00edciaGlobal #Just\u00edciaGlobal #Recerca #\u00c8tica<\/p>\n<p>Marc D\u00edaz i Planas<\/p>\n<p><a href=\"http:\/\/www.solidaritat.ub.edu\/educacio-per-la-pau-i-la-ciutadania-global\/\" data-saferedirecturl=\"https:\/\/www.google.com\/url?q=http:\/\/www.solidaritat.ub.edu\/educacio-per-la-pau-i-la-ciutadania-global\/&amp;source=gmail&amp;ust=1647331417438000&amp;usg=AOvVaw3UQlDJRDv7IajRrMTByYhD\">Recerca per a la Ciutadania Global<\/a><\/p>\n<p><img loading=\"lazy\" decoding=\"async\" class=\"alignleft size-thumbnail wp-image-2185\" src=\"https:\/\/agora.xtec.cat\/ies-baldiri\/wp-content\/uploads\/usu896\/2022\/03\/eticaTR-150x150.jpg\" alt=\"\" width=\"150\" height=\"150\" \/><\/p>\n","protected":false},"excerpt":{"rendered":"<p>L\u2019alumnat de 1r #batxillerat participa en nous tallers sobre les implicacions \u00e8tiques del Treball de Recerca.<br \/>\nReflexionem sobre com les nostres decisions i accions afecten les altres persones i el medi ambient. L&#8217;\u00e8tica i els drets humans emergeixen en diferents moments de la investigaci\u00f3: Quin servei&hellip;  <a href=\"https:\/\/agora.xtec.cat\/ies-baldiri\/batxillerat\/implicacions-etiques-en-el-treball-de-recerca\/\" title=\"Read Implicacions \u00e8tiques en el Treball de Recerca\">Llegeix m\u00e9s\u00bb<\/a><\/p>\n","protected":false},"author":1,"featured_media":2185,"comment_status":"closed","ping_status":"closed","sticky":false,"template":"","format":"standard","meta":{"_bbp_topic_count":0,"_bbp_reply_count":0,"_bbp_total_topic_count":0,"_bbp_total_reply_count":0,"_bbp_voice_count":0,"_bbp_anonymous_reply_count":0,"_bbp_topic_count_hidden":0,"_bbp_reply_count_hidden":0,"_bbp_forum_subforum_count":0,"footnotes":""},"categories":[160,8,29],"tags":[189,269,102],"class_list":["post-2184","post","type-post","status-publish","format-standard","has-post-thumbnail","hentry","category-2n-batx","category-batxillerat","category-portada","tag-drets-humans","tag-etica","tag-treballs-de-recerca"],"post_mailing_queue_ids":[],"_links":{"self":[{"href":"https:\/\/agora.xtec.cat\/ies-baldiri\/wp-json\/wp\/v2\/posts\/2184","targetHints":{"allow":["GET"]}}],"collection":[{"href":"https:\/\/agora.xtec.cat\/ies-baldiri\/wp-json\/wp\/v2\/posts"}],"about":[{"href":"https:\/\/agora.xtec.cat\/ies-baldiri\/wp-json\/wp\/v2\/types\/post"}],"author":[{"embeddable":true,"href":"https:\/\/agora.xtec.cat\/ies-baldiri\/wp-json\/wp\/v2\/users\/1"}],"replies":[{"embeddable":true,"href":"https:\/\/agora.xtec.cat\/ies-baldiri\/wp-json\/wp\/v2\/comments?post=2184"}],"version-history":[{"count":1,"href":"https:\/\/agora.xtec.cat\/ies-baldiri\/wp-json\/wp\/v2\/posts\/2184\/revisions"}],"predecessor-version":[{"id":2186,"href":"https:\/\/agora.xtec.cat\/ies-baldiri\/wp-json\/wp\/v2\/posts\/2184\/revisions\/2186"}],"wp:featuredmedia":[{"embeddable":true,"href":"https:\/\/agora.xtec.cat\/ies-baldiri\/wp-json\/wp\/v2\/media\/2185"}],"wp:attachment":[{"href":"https:\/\/agora.xtec.cat\/ies-baldiri\/wp-json\/wp\/v2\/media?parent=2184"}],"wp:term":[{"taxonomy":"category","embeddable":true,"href":"https:\/\/agora.xtec.cat\/ies-baldiri\/wp-json\/wp\/v2\/categories?post=2184"},{"taxonomy":"post_tag","embeddable":true,"href":"https:\/\/agora.xtec.cat\/ies-baldiri\/wp-json\/wp\/v2\/tags?post=2184"}],"curies":[{"name":"wp","href":"https:\/\/api.w.org\/{rel}","templated":true}]}}