{"id":2060,"date":"2021-12-23T14:16:23","date_gmt":"2021-12-23T13:16:23","guid":{"rendered":"https:\/\/agora.xtec.cat\/ies-baldiri\/?p=2060"},"modified":"2021-12-25T08:54:04","modified_gmt":"2021-12-25T07:54:04","slug":"nadal-a-la-romana-les-saturnalia","status":"publish","type":"post","link":"https:\/\/agora.xtec.cat\/ies-baldiri\/general\/nadal-a-la-romana-les-saturnalia\/","title":{"rendered":"Nadal a la romana: les Saturnalia"},"content":{"rendered":"<p><a href=\"https:\/\/agora.xtec.cat\/ies-baldiri\/wp-content\/uploads\/usu896\/2021\/12\/Ets-roma-si...2.jpg\"><img loading=\"lazy\" decoding=\"async\" class=\"size-medium wp-image-2073 alignleft\" src=\"https:\/\/agora.xtec.cat\/ies-baldiri\/wp-content\/uploads\/usu896\/2021\/12\/Ets-roma-si...2-120x300.jpg\" alt=\"\" width=\"120\" height=\"300\" srcset=\"https:\/\/agora.xtec.cat\/ies-baldiri\/wp-content\/uploads\/usu896\/2021\/12\/Ets-roma-si...2-120x300.jpg 120w, https:\/\/agora.xtec.cat\/ies-baldiri\/wp-content\/uploads\/usu896\/2021\/12\/Ets-roma-si...2-410x1024.jpg 410w, https:\/\/agora.xtec.cat\/ies-baldiri\/wp-content\/uploads\/usu896\/2021\/12\/Ets-roma-si...2-768x1920.jpg 768w, https:\/\/agora.xtec.cat\/ies-baldiri\/wp-content\/uploads\/usu896\/2021\/12\/Ets-roma-si...2-614x1536.jpg 614w, https:\/\/agora.xtec.cat\/ies-baldiri\/wp-content\/uploads\/usu896\/2021\/12\/Ets-roma-si...2.jpg 800w\" sizes=\"auto, (max-width: 120px) 100vw, 120px\" \/><\/a>Quan arriben les dates de Nadal, ens agrada reflexionar sobre el seu origen i parlar d&#8217;unes festes romanes que en tenen molt a veure.<\/p>\n<p>Enguany els alumnes de 3r d&#8217;ESO de l&#8217;optativa de Cultura Cl\u00e0ssica i els de 4rt de llat\u00ed hem conegut qu\u00e8 eren les Saturnalia i quina relaci\u00f3 tenen amb el Nadal i tamb\u00e9 amb el Carnestoltes.<\/p>\n<p>Aqu\u00ed us deixem una mostra del seu treball i que podeu veure a la primera i segona plants. Esperem que us agradi!<\/p>\n<p><a href=\"https:\/\/agora.xtec.cat\/ies-baldiri\/wp-content\/uploads\/usu896\/2021\/12\/Ets-roma-si...-1.jpg\">\u00a0 \u00a0 \u00a0 \u00a0 \u00a0<img loading=\"lazy\" decoding=\"async\" class=\"size-medium wp-image-2072 alignnone\" src=\"https:\/\/agora.xtec.cat\/ies-baldiri\/wp-content\/uploads\/usu896\/2021\/12\/Ets-roma-si...-1-214x300.jpg\" alt=\"\" width=\"214\" height=\"300\" srcset=\"https:\/\/agora.xtec.cat\/ies-baldiri\/wp-content\/uploads\/usu896\/2021\/12\/Ets-roma-si...-1-214x300.jpg 214w, https:\/\/agora.xtec.cat\/ies-baldiri\/wp-content\/uploads\/usu896\/2021\/12\/Ets-roma-si...-1.jpg 663w\" sizes=\"auto, (max-width: 214px) 100vw, 214px\" \/> \u00a0 \u00a0 <\/a><a href=\"https:\/\/agora.xtec.cat\/ies-baldiri\/wp-content\/uploads\/usu896\/2021\/12\/Ets-roma-si...-1.jpg\">\u00a0<\/a>\u00a0 \u00a0 <a href=\"https:\/\/agora.xtec.cat\/ies-baldiri\/wp-content\/uploads\/usu896\/2021\/12\/Ets-roma-si...3.jpg\"><img loading=\"lazy\" decoding=\"async\" class=\"alignnone size-medium wp-image-2076\" src=\"https:\/\/agora.xtec.cat\/ies-baldiri\/wp-content\/uploads\/usu896\/2021\/12\/Ets-roma-si...3-300x298.jpg\" alt=\"\" width=\"300\" height=\"298\" srcset=\"https:\/\/agora.xtec.cat\/ies-baldiri\/wp-content\/uploads\/usu896\/2021\/12\/Ets-roma-si...3-300x298.jpg 300w, https:\/\/agora.xtec.cat\/ies-baldiri\/wp-content\/uploads\/usu896\/2021\/12\/Ets-roma-si...3-150x150.jpg 150w, https:\/\/agora.xtec.cat\/ies-baldiri\/wp-content\/uploads\/usu896\/2021\/12\/Ets-roma-si...3-768x763.jpg 768w, https:\/\/agora.xtec.cat\/ies-baldiri\/wp-content\/uploads\/usu896\/2021\/12\/Ets-roma-si...3.jpg 782w\" sizes=\"auto, (max-width: 300px) 100vw, 300px\" \/><\/a><\/p>\n<p><a href=\"https:\/\/agora.xtec.cat\/ies-baldiri\/wp-content\/uploads\/usu896\/2021\/12\/Ets-roma-si...4.jpg\">\u00a0 \u00a0 \u00a0 \u00a0<img loading=\"lazy\" decoding=\"async\" class=\"alignnone size-medium wp-image-2077\" src=\"https:\/\/agora.xtec.cat\/ies-baldiri\/wp-content\/uploads\/usu896\/2021\/12\/Ets-roma-si...4-213x300.jpg\" alt=\"\" width=\"213\" height=\"300\" srcset=\"https:\/\/agora.xtec.cat\/ies-baldiri\/wp-content\/uploads\/usu896\/2021\/12\/Ets-roma-si...4-213x300.jpg 213w, https:\/\/agora.xtec.cat\/ies-baldiri\/wp-content\/uploads\/usu896\/2021\/12\/Ets-roma-si...4.jpg 575w\" sizes=\"auto, (max-width: 213px) 100vw, 213px\" \/>\u00a0 \u00a0 \u00a0 \u00a0<\/a><a href=\"https:\/\/agora.xtec.cat\/ies-baldiri\/wp-content\/uploads\/usu896\/2021\/12\/Ets-roma-si...6.jpg\"><img loading=\"lazy\" decoding=\"async\" class=\"alignnone size-medium wp-image-2078\" src=\"https:\/\/agora.xtec.cat\/ies-baldiri\/wp-content\/uploads\/usu896\/2021\/12\/Ets-roma-si...6-214x300.jpg\" alt=\"\" width=\"214\" height=\"300\" srcset=\"https:\/\/agora.xtec.cat\/ies-baldiri\/wp-content\/uploads\/usu896\/2021\/12\/Ets-roma-si...6-214x300.jpg 214w, https:\/\/agora.xtec.cat\/ies-baldiri\/wp-content\/uploads\/usu896\/2021\/12\/Ets-roma-si...6.jpg 579w\" sizes=\"auto, (max-width: 214px) 100vw, 214px\" \/><\/a><a href=\"https:\/\/agora.xtec.cat\/ies-baldiri\/wp-content\/uploads\/usu896\/2021\/12\/Ets-roma-si...4.jpg\">\u00a0 \u00a0 \u00a0<\/a><a href=\"https:\/\/agora.xtec.cat\/ies-baldiri\/wp-content\/uploads\/usu896\/2021\/12\/Ets-roma-si...7.jpg\"><img loading=\"lazy\" decoding=\"async\" class=\"alignnone size-medium wp-image-2080\" src=\"https:\/\/agora.xtec.cat\/ies-baldiri\/wp-content\/uploads\/usu896\/2021\/12\/Ets-roma-si...7-213x300.jpg\" alt=\"\" width=\"213\" height=\"300\" \/><\/a><\/p>\n<p><a href=\"https:\/\/agora.xtec.cat\/ies-baldiri\/wp-content\/uploads\/usu896\/2021\/12\/Ets-roma-si...9.jpg\"><img loading=\"lazy\" decoding=\"async\" class=\"alignnone size-medium wp-image-2082\" src=\"https:\/\/agora.xtec.cat\/ies-baldiri\/wp-content\/uploads\/usu896\/2021\/12\/Ets-roma-si...9-212x300.jpg\" alt=\"\" width=\"212\" height=\"300\" srcset=\"https:\/\/agora.xtec.cat\/ies-baldiri\/wp-content\/uploads\/usu896\/2021\/12\/Ets-roma-si...9-212x300.jpg 212w, https:\/\/agora.xtec.cat\/ies-baldiri\/wp-content\/uploads\/usu896\/2021\/12\/Ets-roma-si...9.jpg 574w\" sizes=\"auto, (max-width: 212px) 100vw, 212px\" \/><\/a>\u00a0 \u00a0 \u00a0 \u00a0 <a href=\"https:\/\/agora.xtec.cat\/ies-baldiri\/wp-content\/uploads\/usu896\/2021\/12\/Ets-roma-si...8.jpg\"><img loading=\"lazy\" decoding=\"async\" class=\"alignnone size-medium wp-image-2086\" src=\"https:\/\/agora.xtec.cat\/ies-baldiri\/wp-content\/uploads\/usu896\/2021\/12\/Ets-roma-si...8-213x300.jpg\" alt=\"\" width=\"213\" height=\"300\" srcset=\"https:\/\/agora.xtec.cat\/ies-baldiri\/wp-content\/uploads\/usu896\/2021\/12\/Ets-roma-si...8-213x300.jpg 213w, https:\/\/agora.xtec.cat\/ies-baldiri\/wp-content\/uploads\/usu896\/2021\/12\/Ets-roma-si...8.jpg 579w\" sizes=\"auto, (max-width: 213px) 100vw, 213px\" \/>\u00a0\u00a0\u00a0\u00a0\u00a0 <\/a><a href=\"https:\/\/agora.xtec.cat\/ies-baldiri\/wp-content\/uploads\/usu896\/2021\/12\/Ets-roma-si...11.jpg\"><img loading=\"lazy\" decoding=\"async\" class=\"alignnone size-medium wp-image-2084\" src=\"https:\/\/agora.xtec.cat\/ies-baldiri\/wp-content\/uploads\/usu896\/2021\/12\/Ets-roma-si...11-211x300.jpg\" alt=\"\" width=\"211\" height=\"300\" srcset=\"https:\/\/agora.xtec.cat\/ies-baldiri\/wp-content\/uploads\/usu896\/2021\/12\/Ets-roma-si...11-211x300.jpg 211w, https:\/\/agora.xtec.cat\/ies-baldiri\/wp-content\/uploads\/usu896\/2021\/12\/Ets-roma-si...11.jpg 572w\" sizes=\"auto, (max-width: 211px) 100vw, 211px\" \/><\/a><\/p>\n<p>&nbsp;<\/p>\n<p>&nbsp;<\/p>\n","protected":false},"excerpt":{"rendered":"<p><a href=\"https:\/\/agora.xtec.cat\/ies-baldiri\/wp-content\/uploads\/usu896\/2021\/12\/Ets-roma-si...2.jpg\"><\/a>Quan arriben les dates de Nadal, ens agrada reflexionar sobre el seu origen i parlar d&#8217;unes festes romanes que en tenen molt a veure.<br \/>\nEnguany els alumnes de 3r d&#8217;ESO de l&#8217;optativa de Cultura Cl\u00e0ssica i els de 4rt de llat\u00ed hem conegut qu\u00e8 eren&hellip;  <a href=\"https:\/\/agora.xtec.cat\/ies-baldiri\/general\/nadal-a-la-romana-les-saturnalia\/\" title=\"Read Nadal a la romana: les Saturnalia\">Llegeix m\u00e9s\u00bb<\/a><\/p>\n","protected":false},"author":39,"featured_media":2073,"comment_status":"closed","ping_status":"closed","sticky":false,"template":"","format":"standard","meta":{"_bbp_topic_count":0,"_bbp_reply_count":0,"_bbp_total_topic_count":0,"_bbp_total_reply_count":0,"_bbp_voice_count":0,"_bbp_anonymous_reply_count":0,"_bbp_topic_count_hidden":0,"_bbp_reply_count_hidden":0,"_bbp_forum_subforum_count":0,"footnotes":""},"categories":[157,158,1,168,29],"tags":[169,183,179,117,254],"class_list":["post-2060","post","type-post","status-publish","format-standard","has-post-thumbnail","hentry","category-3r-eso","category-4t-eso","category-general","category-medusa","category-portada","tag-classiques","tag-cultura-classica","tag-llati","tag-nadal","tag-pervivencia-classica"],"post_mailing_queue_ids":[],"_links":{"self":[{"href":"https:\/\/agora.xtec.cat\/ies-baldiri\/wp-json\/wp\/v2\/posts\/2060","targetHints":{"allow":["GET"]}}],"collection":[{"href":"https:\/\/agora.xtec.cat\/ies-baldiri\/wp-json\/wp\/v2\/posts"}],"about":[{"href":"https:\/\/agora.xtec.cat\/ies-baldiri\/wp-json\/wp\/v2\/types\/post"}],"author":[{"embeddable":true,"href":"https:\/\/agora.xtec.cat\/ies-baldiri\/wp-json\/wp\/v2\/users\/39"}],"replies":[{"embeddable":true,"href":"https:\/\/agora.xtec.cat\/ies-baldiri\/wp-json\/wp\/v2\/comments?post=2060"}],"version-history":[{"count":2,"href":"https:\/\/agora.xtec.cat\/ies-baldiri\/wp-json\/wp\/v2\/posts\/2060\/revisions"}],"predecessor-version":[{"id":2087,"href":"https:\/\/agora.xtec.cat\/ies-baldiri\/wp-json\/wp\/v2\/posts\/2060\/revisions\/2087"}],"wp:featuredmedia":[{"embeddable":true,"href":"https:\/\/agora.xtec.cat\/ies-baldiri\/wp-json\/wp\/v2\/media\/2073"}],"wp:attachment":[{"href":"https:\/\/agora.xtec.cat\/ies-baldiri\/wp-json\/wp\/v2\/media?parent=2060"}],"wp:term":[{"taxonomy":"category","embeddable":true,"href":"https:\/\/agora.xtec.cat\/ies-baldiri\/wp-json\/wp\/v2\/categories?post=2060"},{"taxonomy":"post_tag","embeddable":true,"href":"https:\/\/agora.xtec.cat\/ies-baldiri\/wp-json\/wp\/v2\/tags?post=2060"}],"curies":[{"name":"wp","href":"https:\/\/api.w.org\/{rel}","templated":true}]}}