{"id":1754,"date":"2021-01-19T11:36:55","date_gmt":"2021-01-19T10:36:55","guid":{"rendered":"http:\/\/agora.xtec.cat\/ies-baldiri\/?p=1754"},"modified":"2021-01-19T11:37:44","modified_gmt":"2021-01-19T10:37:44","slug":"cada-dia-contra-la-violencia-de-genero","status":"publish","type":"post","link":"https:\/\/agora.xtec.cat\/ies-baldiri\/eso\/cada-dia-contra-la-violencia-de-genero\/","title":{"rendered":"Cada d\u00eda contra la violencia de g\u00e9nero"},"content":{"rendered":"<p>El 25 de noviembre se conmemora el d\u00eda contra la violencia de g\u00e9nero, pero cada d\u00eda hemos de seguir denunciando y luchando por esta violencia contra las mujeres.<br \/>\nTodas y todos hemos de alzar nuestra voz para evidenciar, denunciar y luchar para erradicar de una vez por todas esta lacra social que tantas v\u00edctimas cuesta cada d\u00eda y tanto sufrimiento provoca.<br \/>\nLa educaci\u00f3n es la base fundamental para luchar por la igualdad de las mujeres concienciando comportamientos machistas que nos degradan.<br \/>\nAlguien dijo: \u201c+la poes\u00eda es un arma cargada de futuro\u201d, por este motivo, las alumnas y los alumnos de 1\u00ba de bachillerato B y C, de la materia de Literatura Castellana, han elegido y recitado unos poemas de diferentes autoras y autores j\u00f3venes para mostrar esta problem\u00e1tica e intentar remover conciencias.<\/p>\n<p>ESPEREMOS QUE OS GUSTEN.<\/p>\n<p><iframe loading=\"lazy\" src=\"https:\/\/www.youtube.com\/embed\/_Dj5uXu1Hp0\" width=\"560\" height=\"315\" frameborder=\"0\"><\/iframe><\/p>\n","protected":false},"excerpt":{"rendered":"<p>El 25 de noviembre se conmemora el d\u00eda contra la violencia de g\u00e9nero, pero cada d\u00eda hemos de seguir denunciando y luchando por esta violencia contra las mujeres.<br \/>\nTodas y todos hemos de alzar nuestra voz para evidenciar, denunciar y luchar para erradicar de una vez&hellip;  <a href=\"https:\/\/agora.xtec.cat\/ies-baldiri\/eso\/cada-dia-contra-la-violencia-de-genero\/\" title=\"Read Cada d\u00eda contra la violencia de g\u00e9nero\">Llegeix m\u00e9s\u00bb<\/a><\/p>\n","protected":false},"author":1,"featured_media":1755,"comment_status":"closed","ping_status":"closed","sticky":false,"template":"","format":"standard","meta":{"_bbp_topic_count":0,"_bbp_reply_count":0,"_bbp_total_topic_count":0,"_bbp_total_reply_count":0,"_bbp_voice_count":0,"_bbp_anonymous_reply_count":0,"_bbp_topic_count_hidden":0,"_bbp_reply_count_hidden":0,"_bbp_forum_subforum_count":0,"footnotes":""},"categories":[8,3,29],"tags":[140,235,215],"class_list":["post-1754","post","type-post","status-publish","format-standard","has-post-thumbnail","hentry","category-batxillerat","category-eso","category-portada","tag-literatura","tag-poesia","tag-violencia-de-genere"],"post_mailing_queue_ids":[],"_links":{"self":[{"href":"https:\/\/agora.xtec.cat\/ies-baldiri\/wp-json\/wp\/v2\/posts\/1754","targetHints":{"allow":["GET"]}}],"collection":[{"href":"https:\/\/agora.xtec.cat\/ies-baldiri\/wp-json\/wp\/v2\/posts"}],"about":[{"href":"https:\/\/agora.xtec.cat\/ies-baldiri\/wp-json\/wp\/v2\/types\/post"}],"author":[{"embeddable":true,"href":"https:\/\/agora.xtec.cat\/ies-baldiri\/wp-json\/wp\/v2\/users\/1"}],"replies":[{"embeddable":true,"href":"https:\/\/agora.xtec.cat\/ies-baldiri\/wp-json\/wp\/v2\/comments?post=1754"}],"version-history":[{"count":1,"href":"https:\/\/agora.xtec.cat\/ies-baldiri\/wp-json\/wp\/v2\/posts\/1754\/revisions"}],"predecessor-version":[{"id":1756,"href":"https:\/\/agora.xtec.cat\/ies-baldiri\/wp-json\/wp\/v2\/posts\/1754\/revisions\/1756"}],"wp:featuredmedia":[{"embeddable":true,"href":"https:\/\/agora.xtec.cat\/ies-baldiri\/wp-json\/wp\/v2\/media\/1755"}],"wp:attachment":[{"href":"https:\/\/agora.xtec.cat\/ies-baldiri\/wp-json\/wp\/v2\/media?parent=1754"}],"wp:term":[{"taxonomy":"category","embeddable":true,"href":"https:\/\/agora.xtec.cat\/ies-baldiri\/wp-json\/wp\/v2\/categories?post=1754"},{"taxonomy":"post_tag","embeddable":true,"href":"https:\/\/agora.xtec.cat\/ies-baldiri\/wp-json\/wp\/v2\/tags?post=1754"}],"curies":[{"name":"wp","href":"https:\/\/api.w.org\/{rel}","templated":true}]}}