{"id":1456,"date":"2019-11-25T13:09:04","date_gmt":"2019-11-25T12:09:04","guid":{"rendered":"http:\/\/agora.xtec.cat\/ies-baldiri\/?p=1456"},"modified":"2019-11-25T13:09:04","modified_gmt":"2019-11-25T12:09:04","slug":"visita-a-la-colonia-vidal-2","status":"publish","type":"post","link":"https:\/\/agora.xtec.cat\/ies-baldiri\/portada\/visita-a-la-colonia-vidal-2\/","title":{"rendered":"Visita a la col\u00f2nia Vidal"},"content":{"rendered":"<p>Jingwei Zhu, 4t d&#8217;ESO<\/p>\n<p><span style=\"font-weight: 400\">El 7 de novembre, tots\u00a0 els alumnes de 4rt d\u2019ESO v\u00e0rem visitar la col\u00f2nia Vidal, la col\u00f2nia Viladomiu i el museu hist\u00f2ric de cal Vidal. Ens van explicar en quines situacions vivien les persones d\u2019aquella \u00e8poca: hi havia classes socials molt diferenciades. L\u2019amo era qui decidia qui treballava i vivia a la col\u00f2nia tamb\u00e9. No podien fer vagues, no tenien televisi\u00f3, treballaven des dels 14 anys i es casaven molt joves. Els espais\u00a0 hist\u00f2rics que vam visitar s\u00f3n l\u2019escola, l\u2019 esgl\u00e9sia, la f\u00e0brica, teatre, els habitatges&#8230; Tot molt ben explicat per la magn\u00edfica guia Assumpta Montell\u00e0, una gran historiadora i escriptora. Tamb\u00e9 vam con\u00e8ixer una antiga treballadora de la f\u00e0brica, que encara hi vivia en uns dels habitatges de la col\u00f2nia.<a href=\"https:\/\/agora.xtec.cat\/ies-baldiri\/wp-content\/uploads\/usu896\/2019\/11\/Colonia-Vidal.png\"><img loading=\"lazy\" decoding=\"async\" class=\"alignnone size-full wp-image-1457\" src=\"https:\/\/agora.xtec.cat\/ies-baldiri\/wp-content\/uploads\/usu896\/2019\/11\/Colonia-Vidal.png\" alt=\"\" width=\"617\" height=\"468\" srcset=\"https:\/\/agora.xtec.cat\/ies-baldiri\/wp-content\/uploads\/usu896\/2019\/11\/Colonia-Vidal.png 617w, https:\/\/agora.xtec.cat\/ies-baldiri\/wp-content\/uploads\/usu896\/2019\/11\/Colonia-Vidal-300x228.png 300w\" sizes=\"auto, (max-width: 617px) 100vw, 617px\" \/><\/a><\/span><\/p>\n","protected":false},"excerpt":{"rendered":"<p>Jingwei Zhu, 4t d&#8217;ESO<br \/>\nEl 7 de novembre, tots\u00a0 els alumnes de 4rt d\u2019ESO v\u00e0rem visitar la col\u00f2nia Vidal, la col\u00f2nia Viladomiu i el museu hist\u00f2ric de cal Vidal. Ens van explicar en quines situacions vivien les persones d\u2019aquella \u00e8poca: hi havia classes socials molt diferenciades.&hellip;  <a href=\"https:\/\/agora.xtec.cat\/ies-baldiri\/portada\/visita-a-la-colonia-vidal-2\/\" title=\"Read Visita a la col\u00f2nia Vidal\">Llegeix m\u00e9s\u00bb<\/a><\/p>\n","protected":false},"author":6,"featured_media":0,"comment_status":"open","ping_status":"closed","sticky":false,"template":"","format":"standard","meta":{"_bbp_topic_count":0,"_bbp_reply_count":0,"_bbp_total_topic_count":0,"_bbp_total_reply_count":0,"_bbp_voice_count":0,"_bbp_anonymous_reply_count":0,"_bbp_topic_count_hidden":0,"_bbp_reply_count_hidden":0,"_bbp_forum_subforum_count":0,"footnotes":""},"categories":[29],"tags":[142,39],"class_list":["post-1456","post","type-post","status-publish","format-standard","hentry","category-portada","tag-ciencies-socials","tag-sortides"],"post_mailing_queue_ids":[],"_links":{"self":[{"href":"https:\/\/agora.xtec.cat\/ies-baldiri\/wp-json\/wp\/v2\/posts\/1456","targetHints":{"allow":["GET"]}}],"collection":[{"href":"https:\/\/agora.xtec.cat\/ies-baldiri\/wp-json\/wp\/v2\/posts"}],"about":[{"href":"https:\/\/agora.xtec.cat\/ies-baldiri\/wp-json\/wp\/v2\/types\/post"}],"author":[{"embeddable":true,"href":"https:\/\/agora.xtec.cat\/ies-baldiri\/wp-json\/wp\/v2\/users\/6"}],"replies":[{"embeddable":true,"href":"https:\/\/agora.xtec.cat\/ies-baldiri\/wp-json\/wp\/v2\/comments?post=1456"}],"version-history":[{"count":1,"href":"https:\/\/agora.xtec.cat\/ies-baldiri\/wp-json\/wp\/v2\/posts\/1456\/revisions"}],"predecessor-version":[{"id":1458,"href":"https:\/\/agora.xtec.cat\/ies-baldiri\/wp-json\/wp\/v2\/posts\/1456\/revisions\/1458"}],"wp:attachment":[{"href":"https:\/\/agora.xtec.cat\/ies-baldiri\/wp-json\/wp\/v2\/media?parent=1456"}],"wp:term":[{"taxonomy":"category","embeddable":true,"href":"https:\/\/agora.xtec.cat\/ies-baldiri\/wp-json\/wp\/v2\/categories?post=1456"},{"taxonomy":"post_tag","embeddable":true,"href":"https:\/\/agora.xtec.cat\/ies-baldiri\/wp-json\/wp\/v2\/tags?post=1456"}],"curies":[{"name":"wp","href":"https:\/\/api.w.org\/{rel}","templated":true}]}}