{"id":1352,"date":"2019-04-29T21:57:50","date_gmt":"2019-04-29T19:57:50","guid":{"rendered":"http:\/\/agora.xtec.cat\/ies-baldiri\/?p=1352"},"modified":"2019-04-29T22:02:02","modified_gmt":"2019-04-29T20:02:02","slug":"premis-literaris-tintablava-per-a-joves-del-prat","status":"publish","type":"post","link":"https:\/\/agora.xtec.cat\/ies-baldiri\/general\/premis-literaris-tintablava-per-a-joves-del-prat\/","title":{"rendered":"Premis literaris Tintablava per a joves del Prat"},"content":{"rendered":"<p>Un cop m\u00e9s l\u2019Associaci\u00f3 d\u2019Escriptors del Prat de Llobregat, <strong><em>tintablava<\/em><\/strong>, ha celebrat el lliurament de premis del certamen literari per a joves del Prat. I ja anem per a la VIII edici\u00f3 de Microrelats, la VI de poemes i la II de relats socials i\/o solidaris.<\/p>\n<p>Com cada any, un bon grapat d&#8217;alumnes del Baldiri han participat i, enguany, tenim la satisfacci\u00f3 de comptar amb dos dels nostres alumnes que han acoseguit emocionar els membres del jurat amb les seves creacions:<\/p>\n<p>L&#8217;Adri\u00e1n Belinch\u00f3n, de 4rt C, ha guanyat el segon premi de poesia amb &#8220;El Adi\u00f3s&#8221;, i l&#8217;Albert Mart\u00ednez, de primer de batxillerat A, ha estat guardonat amb el tercer premi de relats socials i\/o solidaris pel seu relat &#8220;El darrer trajecte&#8221;. <a href=\"https:\/\/agora.xtec.cat\/ies-baldiri\/wp-content\/uploads\/usu896\/2019\/04\/20190429_195435.jpg\"><img loading=\"lazy\" decoding=\"async\" class=\"alignnone size-large wp-image-1354\" src=\"https:\/\/agora.xtec.cat\/ies-baldiri\/wp-content\/uploads\/usu896\/2019\/04\/20190429_195435-1024x576.jpg\" alt=\"\" width=\"1024\" height=\"576\" srcset=\"https:\/\/agora.xtec.cat\/ies-baldiri\/wp-content\/uploads\/usu896\/2019\/04\/20190429_195435-1024x576.jpg 1024w, https:\/\/agora.xtec.cat\/ies-baldiri\/wp-content\/uploads\/usu896\/2019\/04\/20190429_195435-300x169.jpg 300w, https:\/\/agora.xtec.cat\/ies-baldiri\/wp-content\/uploads\/usu896\/2019\/04\/20190429_195435-768x432.jpg 768w\" sizes=\"auto, (max-width: 1024px) 100vw, 1024px\" \/><\/a><\/p>\n<p><a href=\"https:\/\/agora.xtec.cat\/ies-baldiri\/wp-content\/uploads\/usu896\/2019\/04\/20190429_194840.jpg\"><img loading=\"lazy\" decoding=\"async\" class=\"alignnone size-large wp-image-1355\" src=\"https:\/\/agora.xtec.cat\/ies-baldiri\/wp-content\/uploads\/usu896\/2019\/04\/20190429_194840-1024x576.jpg\" alt=\"\" width=\"1024\" height=\"576\" srcset=\"https:\/\/agora.xtec.cat\/ies-baldiri\/wp-content\/uploads\/usu896\/2019\/04\/20190429_194840-1024x576.jpg 1024w, https:\/\/agora.xtec.cat\/ies-baldiri\/wp-content\/uploads\/usu896\/2019\/04\/20190429_194840-300x169.jpg 300w, https:\/\/agora.xtec.cat\/ies-baldiri\/wp-content\/uploads\/usu896\/2019\/04\/20190429_194840-768x432.jpg 768w\" sizes=\"auto, (max-width: 1024px) 100vw, 1024px\" \/><\/a><\/p>\n<p>Gr\u00e0cies als alumnes que han participat i moltes felicitats a l&#8217;Albert\u00a0 i l&#8217;Adri\u00e1n pel seu treball!!!<\/p>\n","protected":false},"excerpt":{"rendered":"<p>Un cop m\u00e9s l\u2019Associaci\u00f3 d\u2019Escriptors del Prat de Llobregat, tintablava, ha celebrat el lliurament de premis del certamen literari per a joves del Prat. I ja anem per a la VIII edici\u00f3 de Microrelats, la VI de poemes i la II de relats socials i\/o&hellip;  <a href=\"https:\/\/agora.xtec.cat\/ies-baldiri\/general\/premis-literaris-tintablava-per-a-joves-del-prat\/\" title=\"Read Premis literaris Tintablava per a joves del Prat\">Llegeix m\u00e9s\u00bb<\/a><\/p>\n","protected":false},"author":39,"featured_media":1353,"comment_status":"open","ping_status":"closed","sticky":false,"template":"","format":"standard","meta":{"_bbp_topic_count":0,"_bbp_reply_count":0,"_bbp_total_topic_count":0,"_bbp_total_reply_count":0,"_bbp_voice_count":0,"_bbp_anonymous_reply_count":0,"_bbp_topic_count_hidden":0,"_bbp_reply_count_hidden":0,"_bbp_forum_subforum_count":0,"footnotes":""},"categories":[1,168,29],"tags":[63,173,75,205,103],"class_list":["post-1352","post","type-post","status-publish","format-standard","has-post-thumbnail","hentry","category-general","category-medusa","category-portada","tag-actes","tag-baldiri","tag-concursos","tag-premis","tag-tintablava"],"post_mailing_queue_ids":[],"_links":{"self":[{"href":"https:\/\/agora.xtec.cat\/ies-baldiri\/wp-json\/wp\/v2\/posts\/1352","targetHints":{"allow":["GET"]}}],"collection":[{"href":"https:\/\/agora.xtec.cat\/ies-baldiri\/wp-json\/wp\/v2\/posts"}],"about":[{"href":"https:\/\/agora.xtec.cat\/ies-baldiri\/wp-json\/wp\/v2\/types\/post"}],"author":[{"embeddable":true,"href":"https:\/\/agora.xtec.cat\/ies-baldiri\/wp-json\/wp\/v2\/users\/39"}],"replies":[{"embeddable":true,"href":"https:\/\/agora.xtec.cat\/ies-baldiri\/wp-json\/wp\/v2\/comments?post=1352"}],"version-history":[{"count":3,"href":"https:\/\/agora.xtec.cat\/ies-baldiri\/wp-json\/wp\/v2\/posts\/1352\/revisions"}],"predecessor-version":[{"id":1359,"href":"https:\/\/agora.xtec.cat\/ies-baldiri\/wp-json\/wp\/v2\/posts\/1352\/revisions\/1359"}],"wp:featuredmedia":[{"embeddable":true,"href":"https:\/\/agora.xtec.cat\/ies-baldiri\/wp-json\/wp\/v2\/media\/1353"}],"wp:attachment":[{"href":"https:\/\/agora.xtec.cat\/ies-baldiri\/wp-json\/wp\/v2\/media?parent=1352"}],"wp:term":[{"taxonomy":"category","embeddable":true,"href":"https:\/\/agora.xtec.cat\/ies-baldiri\/wp-json\/wp\/v2\/categories?post=1352"},{"taxonomy":"post_tag","embeddable":true,"href":"https:\/\/agora.xtec.cat\/ies-baldiri\/wp-json\/wp\/v2\/tags?post=1352"}],"curies":[{"name":"wp","href":"https:\/\/api.w.org\/{rel}","templated":true}]}}