{"id":1165,"date":"2018-12-25T20:02:09","date_gmt":"2018-12-25T19:02:09","guid":{"rendered":"http:\/\/agora.xtec.cat\/ies-baldiri\/?p=1165"},"modified":"2018-12-25T20:02:09","modified_gmt":"2018-12-25T19:02:09","slug":"io-saturnalia-ave-sol-invictus","status":"publish","type":"post","link":"https:\/\/agora.xtec.cat\/ies-baldiri\/medusa\/io-saturnalia-ave-sol-invictus\/","title":{"rendered":"Io, Saturnalia! Ave, Sol Invictus!"},"content":{"rendered":"<p>Explica el mite que, quan Saturn va ser expulsat per J\u00fapiter, va arribar a It\u00e0lia i all\u00e0, com a d\u00e9u de l\u2019agricultura, s\u2019hi va estar durant un temps. Mentre va viure amb els it\u00e0lics, aquests van viure en una edat d\u2019or, sense guerres ni males collites, sense propietat privada ni l\u2019esclavitud.<\/p>\n<p><a href=\"https:\/\/agora.xtec.cat\/ies-baldiri\/wp-content\/uploads\/usu896\/2018\/12\/saturnalia.jpg\"><img loading=\"lazy\" decoding=\"async\" class=\" wp-image-1166 alignleft\" src=\"https:\/\/agora.xtec.cat\/ies-baldiri\/wp-content\/uploads\/usu896\/2018\/12\/saturnalia.jpg\" alt=\"\" width=\"283\" height=\"188\" \/><\/a>\u00a0Entre el 17 i el 23 de desembre, coincidint amb el solstici d\u2019hivern, els romans celebraven les Saturnalia, festes en honor al d\u00e9u Saturn i que recordaven aquella edat d\u2019or perduda.<\/p>\n<p>Les feines del camp havien acabat i tenien uns dies de descans en qu\u00e8 no tenien activitats comercials; les escoles, el Senat i els tribunals de just\u00edcia romanien tancats; els jocs d\u2019atzar i les apostes eren permesos i, fins i tot, s\u2019apla\u00e7ava l\u2019execuci\u00f3 dels condemnats a mort. Es regalaven bossetes amb nous, espelmes, ninotets d\u2019argila, o regals de broma que tothom esperava amb desig.<\/p>\n<p>Per\u00f2 el que m\u00e9s crida l\u2019atenci\u00f3 de les Saturnalia era que es vivia en un \u201cm\u00f3n al rev\u00e9s\u201d, on els esclaus passaven a ser els amos i podien rebre una paga extra, en monedes o en vi vi. Els fills es convertien en els amos de la casa i s\u2019escollia un \u201cRei de la Saturnalia\u201d, a qui s\u2019havia de fer cas en tot el que man\u00e9s. Durant aquests dies es guarnien les cases amb plantes verdes, s\u2019encenien espelmes per celebrar la tornada de la llum i es penjaven figures als arbres.<\/p>\n<p><a href=\"https:\/\/agora.xtec.cat\/ies-baldiri\/wp-content\/uploads\/usu896\/2018\/12\/sol-invictus.jpg\"><img loading=\"lazy\" decoding=\"async\" class=\"size-full wp-image-1167 alignright\" src=\"https:\/\/agora.xtec.cat\/ies-baldiri\/wp-content\/uploads\/usu896\/2018\/12\/sol-invictus.jpg\" alt=\"\" width=\"204\" height=\"246\" \/><\/a>L\u2019any 274, l\u2019emperador Aureli\u00e0 introdueix a Roma el culte del Sol Invicte, procedent de S\u00edria i que es celebrava el 25 de desembre i, poc despr\u00e9s, es va identificar amb Mitra, una divinitat d\u2019origen persa que tenia molts seguidors entre els soldats. Ben aviat el cristianisme van assimilar el dia del naixement de Mitra amb el de Jes\u00fas, ja que hi tenien molts trets en com\u00fa: una mare verge, ambd\u00f3s neixen en una caverna on pastors i uns mags l\u2019adoren, neixen per a redimir els pecats del m\u00f3n, viatgen amb dotze deixebles, ressusciten&#8230;<\/p>\n<p>Tantes eren les similituds entre les dues figures que l\u2019emperador Constant\u00ed va declarar que el dia del naixement del Sol Invencible havia de ser considerat una nova festa cristiana per celebrar el naixement de Crist.<\/p>\n","protected":false},"excerpt":{"rendered":"<p>Explica el mite que, quan Saturn va ser expulsat per J\u00fapiter, va arribar a It\u00e0lia i all\u00e0, com a d\u00e9u de l\u2019agricultura, s\u2019hi va estar durant un temps. Mentre va viure amb els it\u00e0lics, aquests van viure en una edat d\u2019or, sense guerres ni males&hellip;  <a href=\"https:\/\/agora.xtec.cat\/ies-baldiri\/medusa\/io-saturnalia-ave-sol-invictus\/\" title=\"Read Io, Saturnalia! Ave, Sol Invictus!\">Llegeix m\u00e9s\u00bb<\/a><\/p>\n","protected":false},"author":39,"featured_media":0,"comment_status":"open","ping_status":"closed","sticky":false,"template":"","format":"standard","meta":{"_bbp_topic_count":0,"_bbp_reply_count":0,"_bbp_total_topic_count":0,"_bbp_total_reply_count":0,"_bbp_voice_count":0,"_bbp_anonymous_reply_count":0,"_bbp_topic_count_hidden":0,"_bbp_reply_count_hidden":0,"_bbp_forum_subforum_count":0,"footnotes":""},"categories":[168],"tags":[169,183,184,182],"class_list":["post-1165","post","type-post","status-publish","format-standard","hentry","category-medusa","tag-classiques","tag-cultura-classica","tag-pervivencia","tag-roma"],"post_mailing_queue_ids":[],"_links":{"self":[{"href":"https:\/\/agora.xtec.cat\/ies-baldiri\/wp-json\/wp\/v2\/posts\/1165","targetHints":{"allow":["GET"]}}],"collection":[{"href":"https:\/\/agora.xtec.cat\/ies-baldiri\/wp-json\/wp\/v2\/posts"}],"about":[{"href":"https:\/\/agora.xtec.cat\/ies-baldiri\/wp-json\/wp\/v2\/types\/post"}],"author":[{"embeddable":true,"href":"https:\/\/agora.xtec.cat\/ies-baldiri\/wp-json\/wp\/v2\/users\/39"}],"replies":[{"embeddable":true,"href":"https:\/\/agora.xtec.cat\/ies-baldiri\/wp-json\/wp\/v2\/comments?post=1165"}],"version-history":[{"count":1,"href":"https:\/\/agora.xtec.cat\/ies-baldiri\/wp-json\/wp\/v2\/posts\/1165\/revisions"}],"predecessor-version":[{"id":1168,"href":"https:\/\/agora.xtec.cat\/ies-baldiri\/wp-json\/wp\/v2\/posts\/1165\/revisions\/1168"}],"wp:attachment":[{"href":"https:\/\/agora.xtec.cat\/ies-baldiri\/wp-json\/wp\/v2\/media?parent=1165"}],"wp:term":[{"taxonomy":"category","embeddable":true,"href":"https:\/\/agora.xtec.cat\/ies-baldiri\/wp-json\/wp\/v2\/categories?post=1165"},{"taxonomy":"post_tag","embeddable":true,"href":"https:\/\/agora.xtec.cat\/ies-baldiri\/wp-json\/wp\/v2\/tags?post=1165"}],"curies":[{"name":"wp","href":"https:\/\/api.w.org\/{rel}","templated":true}]}}