{"id":1104,"date":"2018-11-16T13:17:37","date_gmt":"2018-11-16T12:17:37","guid":{"rendered":"http:\/\/agora.xtec.cat\/ies-baldiri\/?p=1104"},"modified":"2018-11-16T13:48:12","modified_gmt":"2018-11-16T12:48:12","slug":"tret-de-sortida-a-la-setmana-de-la-ciencia-al-baldiri","status":"publish","type":"post","link":"https:\/\/agora.xtec.cat\/ies-baldiri\/eso\/tret-de-sortida-a-la-setmana-de-la-ciencia-al-baldiri\/","title":{"rendered":"Tret de sortida a la setmana de la ci\u00e8ncia al Baldiri!"},"content":{"rendered":"<p>El passat 7 de novembre, els alumnes que cursen la mat\u00e8ria de biologia del 4tD, 1r A i 2n A de batxillerat, van poder assistir a la confer\u00e8ncia &#8220;HOY COMEMOS GENES&#8221; a c\u00e0rrec d&#8217;Andrea Giordano, investigadora del CRAG (Centre de Recerca Agrigen\u00f2mica) de la Universitat Aut\u00f2noma de Barcelona (UAB).<\/p>\n<p>La confer\u00e8ncia, que girava entorn les actuals l\u00ednies obertes d&#8217;investigaci\u00f3 en biotecnologia i enginyeria gen\u00e8tica de la planta del mel\u00f3, va obrir un debat for\u00e7a interessant i profit\u00f3s entre l&#8217;alumnat que, de ben segur, inspir\u00e0 futurs investigadors!<\/p>\n<p><a href=\"https:\/\/agora.xtec.cat\/ies-baldiri\/wp-content\/uploads\/usu896\/2018\/11\/20181107_115917.redimensionada.jpg\"><img loading=\"lazy\" decoding=\"async\" class=\"alignnone size-large wp-image-1108\" src=\"https:\/\/agora.xtec.cat\/ies-baldiri\/wp-content\/uploads\/usu896\/2018\/11\/20181107_115917.redimensionada-1024x576.jpg\" alt=\"\" width=\"1024\" height=\"576\" srcset=\"https:\/\/agora.xtec.cat\/ies-baldiri\/wp-content\/uploads\/usu896\/2018\/11\/20181107_115917.redimensionada-1024x576.jpg 1024w, https:\/\/agora.xtec.cat\/ies-baldiri\/wp-content\/uploads\/usu896\/2018\/11\/20181107_115917.redimensionada-300x169.jpg 300w, https:\/\/agora.xtec.cat\/ies-baldiri\/wp-content\/uploads\/usu896\/2018\/11\/20181107_115917.redimensionada-768x432.jpg 768w, https:\/\/agora.xtec.cat\/ies-baldiri\/wp-content\/uploads\/usu896\/2018\/11\/20181107_115917.redimensionada.jpg 1328w\" sizes=\"auto, (max-width: 1024px) 100vw, 1024px\" \/><\/a><\/p>\n","protected":false},"excerpt":{"rendered":"<p>El passat 7 de novembre, els alumnes que cursen la mat\u00e8ria de biologia del 4tD, 1r A i 2n A de batxillerat, van poder assistir a la confer\u00e8ncia &#8220;HOY COMEMOS GENES&#8221; a c\u00e0rrec d&#8217;Andrea Giordano, investigadora del CRAG (Centre de Recerca Agrigen\u00f2mica) de la Universitat&hellip;  <a href=\"https:\/\/agora.xtec.cat\/ies-baldiri\/eso\/tret-de-sortida-a-la-setmana-de-la-ciencia-al-baldiri\/\" title=\"Read Tret de sortida a la setmana de la ci\u00e8ncia al Baldiri!\">Llegeix m\u00e9s\u00bb<\/a><\/p>\n","protected":false},"author":1,"featured_media":1105,"comment_status":"open","ping_status":"closed","sticky":false,"template":"","format":"standard","meta":{"_bbp_topic_count":0,"_bbp_reply_count":0,"_bbp_total_topic_count":0,"_bbp_total_reply_count":0,"_bbp_voice_count":0,"_bbp_anonymous_reply_count":0,"_bbp_topic_count_hidden":0,"_bbp_reply_count_hidden":0,"_bbp_forum_subforum_count":0,"footnotes":""},"categories":[159,160,158,8,3,29],"tags":[139],"class_list":["post-1104","post","type-post","status-publish","format-standard","has-post-thumbnail","hentry","category-1r-batx","category-2n-batx","category-4t-eso","category-batxillerat","category-eso","category-portada","tag-setmana-de-la-ciencia"],"post_mailing_queue_ids":[],"_links":{"self":[{"href":"https:\/\/agora.xtec.cat\/ies-baldiri\/wp-json\/wp\/v2\/posts\/1104","targetHints":{"allow":["GET"]}}],"collection":[{"href":"https:\/\/agora.xtec.cat\/ies-baldiri\/wp-json\/wp\/v2\/posts"}],"about":[{"href":"https:\/\/agora.xtec.cat\/ies-baldiri\/wp-json\/wp\/v2\/types\/post"}],"author":[{"embeddable":true,"href":"https:\/\/agora.xtec.cat\/ies-baldiri\/wp-json\/wp\/v2\/users\/1"}],"replies":[{"embeddable":true,"href":"https:\/\/agora.xtec.cat\/ies-baldiri\/wp-json\/wp\/v2\/comments?post=1104"}],"version-history":[{"count":3,"href":"https:\/\/agora.xtec.cat\/ies-baldiri\/wp-json\/wp\/v2\/posts\/1104\/revisions"}],"predecessor-version":[{"id":1109,"href":"https:\/\/agora.xtec.cat\/ies-baldiri\/wp-json\/wp\/v2\/posts\/1104\/revisions\/1109"}],"wp:featuredmedia":[{"embeddable":true,"href":"https:\/\/agora.xtec.cat\/ies-baldiri\/wp-json\/wp\/v2\/media\/1105"}],"wp:attachment":[{"href":"https:\/\/agora.xtec.cat\/ies-baldiri\/wp-json\/wp\/v2\/media?parent=1104"}],"wp:term":[{"taxonomy":"category","embeddable":true,"href":"https:\/\/agora.xtec.cat\/ies-baldiri\/wp-json\/wp\/v2\/categories?post=1104"},{"taxonomy":"post_tag","embeddable":true,"href":"https:\/\/agora.xtec.cat\/ies-baldiri\/wp-json\/wp\/v2\/tags?post=1104"}],"curies":[{"name":"wp","href":"https:\/\/api.w.org\/{rel}","templated":true}]}}