{"id":1100,"date":"2018-11-16T12:46:24","date_gmt":"2018-11-16T11:46:24","guid":{"rendered":"http:\/\/agora.xtec.cat\/ies-baldiri\/?p=1100"},"modified":"2018-11-16T12:46:24","modified_gmt":"2018-11-16T11:46:24","slug":"els-escenics-visiten-lit","status":"publish","type":"post","link":"https:\/\/agora.xtec.cat\/ies-baldiri\/batxillerat\/els-escenics-visiten-lit\/","title":{"rendered":"Els esc\u00e8nics visiten l&#8217;IT"},"content":{"rendered":"<p>Els alumnes de primer i segon del batxillerat esc\u00e8nic vam anar a l\u2019Institut del Teatre per veure els tallers de Commedia dell\u2019Arte que ofereixen cada any els alumnes de segon curs d\u2019interpretaci\u00f3. El nostre exalumne, Ferm\u00ed Herrero, hi actuava! Va ser un mat\u00ed especial i es va renovar la il\u00b7lusi\u00f3 dels esc\u00e8nics del Baldiri. S\u2019ha de repetir!<\/p>\n<p><a href=\"https:\/\/agora.xtec.cat\/ies-baldiri\/wp-content\/uploads\/usu896\/2018\/11\/IMG_9277.redimensionada.jpg\"><img loading=\"lazy\" decoding=\"async\" class=\"alignnone size-full wp-image-1102\" src=\"https:\/\/agora.xtec.cat\/ies-baldiri\/wp-content\/uploads\/usu896\/2018\/11\/IMG_9277.redimensionada.jpg\" alt=\"\" width=\"912\" height=\"608\" srcset=\"https:\/\/agora.xtec.cat\/ies-baldiri\/wp-content\/uploads\/usu896\/2018\/11\/IMG_9277.redimensionada.jpg 912w, https:\/\/agora.xtec.cat\/ies-baldiri\/wp-content\/uploads\/usu896\/2018\/11\/IMG_9277.redimensionada-300x200.jpg 300w, https:\/\/agora.xtec.cat\/ies-baldiri\/wp-content\/uploads\/usu896\/2018\/11\/IMG_9277.redimensionada-768x512.jpg 768w\" sizes=\"auto, (max-width: 912px) 100vw, 912px\" \/><\/a><\/p>\n","protected":false},"excerpt":{"rendered":"<p>Els alumnes de primer i segon del batxillerat esc\u00e8nic vam anar a l\u2019Institut del Teatre per veure els tallers de Commedia dell\u2019Arte que ofereixen cada any els alumnes de segon curs d\u2019interpretaci\u00f3. El nostre exalumne, Ferm\u00ed Herrero, hi actuava! Va ser un mat\u00ed especial i&hellip;  <a href=\"https:\/\/agora.xtec.cat\/ies-baldiri\/batxillerat\/els-escenics-visiten-lit\/\" title=\"Read Els esc\u00e8nics visiten l&#8217;IT\">Llegeix m\u00e9s\u00bb<\/a><\/p>\n","protected":false},"author":1,"featured_media":1101,"comment_status":"open","ping_status":"closed","sticky":false,"template":"","format":"standard","meta":{"_bbp_topic_count":0,"_bbp_reply_count":0,"_bbp_total_topic_count":0,"_bbp_total_reply_count":0,"_bbp_voice_count":0,"_bbp_anonymous_reply_count":0,"_bbp_topic_count_hidden":0,"_bbp_reply_count_hidden":0,"_bbp_forum_subforum_count":0,"footnotes":""},"categories":[159,8,29],"tags":[96],"class_list":["post-1100","post","type-post","status-publish","format-standard","has-post-thumbnail","hentry","category-1r-batx","category-batxillerat","category-portada","tag-arts-esceniques"],"post_mailing_queue_ids":[],"_links":{"self":[{"href":"https:\/\/agora.xtec.cat\/ies-baldiri\/wp-json\/wp\/v2\/posts\/1100","targetHints":{"allow":["GET"]}}],"collection":[{"href":"https:\/\/agora.xtec.cat\/ies-baldiri\/wp-json\/wp\/v2\/posts"}],"about":[{"href":"https:\/\/agora.xtec.cat\/ies-baldiri\/wp-json\/wp\/v2\/types\/post"}],"author":[{"embeddable":true,"href":"https:\/\/agora.xtec.cat\/ies-baldiri\/wp-json\/wp\/v2\/users\/1"}],"replies":[{"embeddable":true,"href":"https:\/\/agora.xtec.cat\/ies-baldiri\/wp-json\/wp\/v2\/comments?post=1100"}],"version-history":[{"count":1,"href":"https:\/\/agora.xtec.cat\/ies-baldiri\/wp-json\/wp\/v2\/posts\/1100\/revisions"}],"predecessor-version":[{"id":1103,"href":"https:\/\/agora.xtec.cat\/ies-baldiri\/wp-json\/wp\/v2\/posts\/1100\/revisions\/1103"}],"wp:featuredmedia":[{"embeddable":true,"href":"https:\/\/agora.xtec.cat\/ies-baldiri\/wp-json\/wp\/v2\/media\/1101"}],"wp:attachment":[{"href":"https:\/\/agora.xtec.cat\/ies-baldiri\/wp-json\/wp\/v2\/media?parent=1100"}],"wp:term":[{"taxonomy":"category","embeddable":true,"href":"https:\/\/agora.xtec.cat\/ies-baldiri\/wp-json\/wp\/v2\/categories?post=1100"},{"taxonomy":"post_tag","embeddable":true,"href":"https:\/\/agora.xtec.cat\/ies-baldiri\/wp-json\/wp\/v2\/tags?post=1100"}],"curies":[{"name":"wp","href":"https:\/\/api.w.org\/{rel}","templated":true}]}}