{"id":1022,"date":"2018-06-08T09:39:31","date_gmt":"2018-06-08T07:39:31","guid":{"rendered":"http:\/\/agora.xtec.cat\/ies-baldiri\/?p=1022"},"modified":"2018-06-08T09:39:31","modified_gmt":"2018-06-08T07:39:31","slug":"graduacio-2n-de-batxillerat","status":"publish","type":"post","link":"https:\/\/agora.xtec.cat\/ies-baldiri\/batxillerat\/graduacio-2n-de-batxillerat\/","title":{"rendered":"Graduaci\u00f3 2n de Batxillerat"},"content":{"rendered":"<p>El 17 de maig es va celebrar al nostre institut la graduaci\u00f3 dels alumnes de segon de batxillerat del curs 2017-18. Un acte emotiu compartit amb professors, fam\u00edlies, amics i antics alumnes que no oblidarem. Bona sort a tots!<\/p>\n<p><iframe loading=\"lazy\" width=\"560\" height=\"315\" src=\"https:\/\/www.youtube.com\/embed\/FLvEyYX3Njg?ecver=1\" frameborder=\"0\" allow=\"autoplay; encrypted-media\" allowfullscreen><\/iframe><\/p>\n\r\n\t<div class=\"slideshow_container slideshow_container_style-light\" style=\"height: 450px; \" data-slideshow-id=\"1021\" data-style-name=\"style-light\" data-style-version=\"2.3.1\" >\r\n\r\n\t\t\t\t\t<div class=\"slideshow_loading_icon\"><\/div>\r\n\t\t\r\n\t\t<div class=\"slideshow_content\" style=\"display: none;\">\r\n\r\n\t\t\t<div class=\"slideshow_view\"><div class=\"slideshow_slide slideshow_slide_image\">\n        <a href=\"https:\/\/photos.google.com\/share\/AF1QipPEK2W_GboP-B8z63hjE1HrYPAmlmHLM2mx1VyaYxpoiuKJ8QaWYJTFGOykXTngGg\/photo\/AF1QipN8jrxr2bPtVQYip2x5Fmzzh4CisxazQ3K74HWZ?key=RDJXMW1vVGQ3MlY1Um52NldfdnZVSlp3cmdvRE5R\" target=\"_blank\">        <img src=\"https:\/\/lh3.googleusercontent.com\/AFW5c-eS7psDA4HFlbJ9yP3F4UR0pxNkRD9q_1U5n0H29RXlWGPzACHYpph7byTzxCVjY9GBRnpMW_N8VLZ7LPUc0ww8sVhNwrhatq7SZ15_Z7PA4hzIHlKx9PVqVWAgw4TbzghYLf-deKywAWGak7XVsXBG5g984gt6cThCpmAbK9bO43yZDonsWKgLsCUdSam1ScolvS-5EMfpXpDRqp3lh2c3YGbh0jCucEUvcmfTNVHt2fAUdiDWb0QVLEDmj_X00lGEDpFTDyixehnzOxNYPghiyMUgUXQO1CEa1olMhxK_3a9aBsMoJCLCOIfh0Olf1DurzqKkIq32y9fJeQxo2d8OsUsVVj4TfQxPsPwI7Sv8m6klDpL3forjOwzc_rUfh8x3loPn7QCmiznQYxTRz28o--ccHxW37McC6EA0cZqGjsU8uq4bbpwXFbx-7BqTcVyorr-S4cLECxOssHDYr6AZnBZCMcpizFQUURUJ5p4yZvFE7Z0YNUEqn3bviA5uOD0BH9YFU-BNRO29TeCtnS1maJUKVv2q0mnjRdotqripHQoSw6Qp93Kh3jY5W8grFKoWkS8OzmhqWeqcvgMoKt1QgHjIqAf5m24=w800-h600-no\" alt=\"\"   \/>\n        <\/a>        <div class=\"slideshow_description_box slideshow_transparent\">\n                                        <\/div>\n<\/div>\n\t\n<div style=\"clear: both;\"><\/div><\/div><div class=\"slideshow_view\"><div class=\"slideshow_slide slideshow_slide_image\">\n        <a href=\"https:\/\/photos.google.com\/share\/AF1QipPEK2W_GboP-B8z63hjE1HrYPAmlmHLM2mx1VyaYxpoiuKJ8QaWYJTFGOykXTngGg\/photo\/AF1QipND80D31pP8i4Ht3OWasqzdmzPYAMs7rPRK9Szt?key=RDJXMW1vVGQ3MlY1Um52NldfdnZVSlp3cmdvRE5R\" target=\"_blank\">        <img src=\"https:\/\/lh3.googleusercontent.com\/2dhUQ6Y1VEn1_xbm78Aka7I6H_RanRvPy72nldO5610tbCPVQrz0p3f96-t20QrGprktB1eCBAGDxyVWqWslPpeYWP23D9qR5UJSC1P1vvC39GwGEKYvJt76no7-PWUDcLGhsIeMWMt_FchXh82R-84FcnxGA8ZdLsBcFsmTxYOWzRr8faT2oY_rz2iZijYKNDD6-HwcEaItzwWl13dhFBUqtMhD4PKfAoCgK1_YyvIqRXl2myKgNy4EuBgd2b3CCeO5tzCr6aYSvLPN_CxsejbOHOHM4tBOfT4BiD1cko2PiOuff1ugrwlCTMjzlzAYl24k_YW9I2lk084lHdJy_SRg2eadsXsrtr4EhoaLQ74QlxP-ijfJLW_L3U93Nx2Ndd10dxwqLaw_-PKfZvkiqgPwfJunHZgbj4zzvzoxL11Ld0DiU_fGTXpqa4BNX_r1fCuZJ9hLi5wuPX7Ja0OyD9r5EYB4hb28dfdPupRW52qCPGyM7QRX-s1Mf5336zI99wq-DGan0hitW0nVMPVG676qwfSX47Xb9-w5ZoBa7oJWJpA5uFMHORgb7dvoknqCHqDsPN33xgrLuvvTGLvJQbF90tsX_JdhDoubsL8=w800-h600-no\" alt=\"\"   \/>\n        <\/a>        <div class=\"slideshow_description_box slideshow_transparent\">\n                                        <\/div>\n<\/div>\n\t\n<div style=\"clear: both;\"><\/div><\/div><div class=\"slideshow_view\"><div class=\"slideshow_slide slideshow_slide_image\">\n        <a href=\"https:\/\/photos.google.com\/share\/AF1QipPEK2W_GboP-B8z63hjE1HrYPAmlmHLM2mx1VyaYxpoiuKJ8QaWYJTFGOykXTngGg\/photo\/AF1QipOspuSLR76BntF1KMg96qybJTigqLPXzRsl64UL?key=RDJXMW1vVGQ3MlY1Um52NldfdnZVSlp3cmdvRE5R\" target=\"_blank\">        <img src=\"https:\/\/lh3.googleusercontent.com\/qeS7t5ayL_Cde3LXbe2ZSMbyCYC91oAOSwyrhXOMx3u6dzDJvOUXpiNu5Bucwjl5UWPAXhCaS_sy16ixYyotp2Ym3GmXkVbFcPgs4cIs6mhFJhZK_TM4fjDpP_j4QOQyRAbJsbpJ3jzwGzmGoAXgZtpn3UNu40V0_6llOdP6pdVhOFedv5-jqqnZZSGUWyN718PuxliXYtHgjfwRK0lMFdxbRtnDVU1jZla1OuByeh_YtGKkLQ1TGkE6G3S6szpm_zwoqIDL3TsU4CICghZu7MOICYUz-pcfoWIt5MjccGwc6rIULWxhjrdNZR0VlUGGi35jLFFoA2ONVH6JIYgn1EekcYxK6fGv3gPzG_8jztEJq66OWkUY46JVKr3uNuHB2wSp0C6iAUp6_pqHf7N5k4oCTAZCOFtcOD44TenosE12Bs0TG_-D7bB73WVSLlgkicdEbWZX0cJhB7iAIQdqf8X35ngCNP_GaGkat8mYfyRb07DaJIokCkSOCGbzU8eQ1co4nlY7D-oh2tK123RTUSWRwrKOh__OpUWrAHVlAI9BFgQqk2A3LYMSsbRC-0Kg9Iu-oEgKFge1b-06MrgoPd2QQbPhiH9W6L2pZc8=w800-h600-no\" alt=\"\"   \/>\n        <\/a>        <div class=\"slideshow_description_box slideshow_transparent\">\n                                        <\/div>\n<\/div>\n\t\n<div style=\"clear: both;\"><\/div><\/div>\r\n\t\t<\/div>\r\n\r\n\t\t<div class=\"slideshow_controlPanel slideshow_transparent\" style=\"display: none;\"><ul><li class=\"slideshow_togglePlay\" data-play-text=\"Visualitza\" data-pause-text=\"Pausa\"><\/li><\/ul><\/div>\r\n\r\n\t\t<div class=\"slideshow_button slideshow_previous slideshow_transparent\" role=\"button\" data-previous-text=\"Anterior\" style=\"display: none;\"><\/div>\r\n\t\t<div class=\"slideshow_button slideshow_next slideshow_transparent\" role=\"button\" data-next-text=\"Seg\u00fcent\" style=\"display: none;\"><\/div>\r\n\r\n\t\t<div class=\"slideshow_pagination\" style=\"display: none;\" data-go-to-text=\"V\u00e9s a la diapositiva\"><div class=\"slideshow_pagination_center\"><\/div><\/div>\r\n\r\n\t\t<!-- WordPress Slideshow Version 2.3.1 -->\r\n\r\n\t\t\t<\/div>\r\n\r\n\n","protected":false},"excerpt":{"rendered":"<p>El 17 de maig es va celebrar al nostre institut la graduaci\u00f3 dels alumnes de segon de batxillerat del curs 2017-18. Un acte emotiu compartit amb professors, fam\u00edlies, amics i antics alumnes que no oblidarem. Bona sort a tots!<\/p>\n<p>      &hellip;  <a href=\"https:\/\/agora.xtec.cat\/ies-baldiri\/batxillerat\/graduacio-2n-de-batxillerat\/\" title=\"Read Graduaci\u00f3 2n de Batxillerat\">Llegeix m\u00e9s\u00bb<\/a><\/p>\n","protected":false},"author":1,"featured_media":1024,"comment_status":"open","ping_status":"closed","sticky":false,"template":"","format":"standard","meta":{"_bbp_topic_count":0,"_bbp_reply_count":0,"_bbp_total_topic_count":0,"_bbp_total_reply_count":0,"_bbp_voice_count":0,"_bbp_anonymous_reply_count":0,"_bbp_topic_count_hidden":0,"_bbp_reply_count_hidden":0,"_bbp_forum_subforum_count":0,"footnotes":""},"categories":[8,29],"tags":[152],"class_list":["post-1022","post","type-post","status-publish","format-standard","has-post-thumbnail","hentry","category-batxillerat","category-portada","tag-graduacio"],"post_mailing_queue_ids":[],"_links":{"self":[{"href":"https:\/\/agora.xtec.cat\/ies-baldiri\/wp-json\/wp\/v2\/posts\/1022","targetHints":{"allow":["GET"]}}],"collection":[{"href":"https:\/\/agora.xtec.cat\/ies-baldiri\/wp-json\/wp\/v2\/posts"}],"about":[{"href":"https:\/\/agora.xtec.cat\/ies-baldiri\/wp-json\/wp\/v2\/types\/post"}],"author":[{"embeddable":true,"href":"https:\/\/agora.xtec.cat\/ies-baldiri\/wp-json\/wp\/v2\/users\/1"}],"replies":[{"embeddable":true,"href":"https:\/\/agora.xtec.cat\/ies-baldiri\/wp-json\/wp\/v2\/comments?post=1022"}],"version-history":[{"count":2,"href":"https:\/\/agora.xtec.cat\/ies-baldiri\/wp-json\/wp\/v2\/posts\/1022\/revisions"}],"predecessor-version":[{"id":1025,"href":"https:\/\/agora.xtec.cat\/ies-baldiri\/wp-json\/wp\/v2\/posts\/1022\/revisions\/1025"}],"wp:featuredmedia":[{"embeddable":true,"href":"https:\/\/agora.xtec.cat\/ies-baldiri\/wp-json\/wp\/v2\/media\/1024"}],"wp:attachment":[{"href":"https:\/\/agora.xtec.cat\/ies-baldiri\/wp-json\/wp\/v2\/media?parent=1022"}],"wp:term":[{"taxonomy":"category","embeddable":true,"href":"https:\/\/agora.xtec.cat\/ies-baldiri\/wp-json\/wp\/v2\/categories?post=1022"},{"taxonomy":"post_tag","embeddable":true,"href":"https:\/\/agora.xtec.cat\/ies-baldiri\/wp-json\/wp\/v2\/tags?post=1022"}],"curies":[{"name":"wp","href":"https:\/\/api.w.org\/{rel}","templated":true}]}}