{"id":913,"date":"2017-04-03T14:00:00","date_gmt":"2017-04-03T12:00:00","guid":{"rendered":"http:\/\/agora.xtec.cat\/ies-baix-montseny\/?p=913"},"modified":"2017-04-03T14:00:00","modified_gmt":"2017-04-03T12:00:00","slug":"projecte-suport-vital-basic","status":"publish","type":"post","link":"https:\/\/agora.xtec.cat\/ies-baix-montseny\/general\/projecte-suport-vital-basic\/","title":{"rendered":"Projecte Suport Vital B\u00e0sic"},"content":{"rendered":"<p><span lang=\"es-ES\">Aquest \u00e9s el segon curs que portem a la pr\u00e0ctica el projecte del Suport Vital B\u00e0sic als centres educatius. Durant tres sessions d\u00b4educaci\u00f3 f\u00edsica, els alumnes aprenen com reaccionar davant d\u00b4una aturada card\u00edaca. Aquesta \u00e9s una situaci\u00f3 d&#8217;emerg\u00e8ncia que requereix d&#8217;unes actuacions precises que ben executades augmenten molt la probabilitat de superviv\u00e8ncia de la persona afectada. Durant els quatre cursos de l\u00b4ESO, els alumnes aniran integrant aquests aprenentatges i ser\u00e0 a 4t d&#8217;ESO quan tindran l&#8217;oportunitat de treure un certificat de compet\u00e8ncia avalat pel Consell Catal\u00e0 de Ressucitaci\u00f3.<\/span><\/p>\n<p><a href=\"http:\/\/agora.xtec.cat\/ies-baix-montseny\/wp-content\/uploads\/usu1288\/2017\/04\/IMG1.jpg\"><img loading=\"lazy\" decoding=\"async\" class=\"alignnone size-full wp-image-914\" src=\"http:\/\/agora.xtec.cat\/ies-baix-montseny\/wp-content\/uploads\/usu1288\/2017\/04\/IMG1.jpg\" alt=\"IMG1\" width=\"1000\" height=\"741\" srcset=\"https:\/\/agora.xtec.cat\/ies-baix-montseny\/wp-content\/uploads\/usu1288\/2017\/04\/IMG1.jpg 1000w, https:\/\/agora.xtec.cat\/ies-baix-montseny\/wp-content\/uploads\/usu1288\/2017\/04\/IMG1-300x222.jpg 300w, https:\/\/agora.xtec.cat\/ies-baix-montseny\/wp-content\/uploads\/usu1288\/2017\/04\/IMG1-768x569.jpg 768w\" sizes=\"auto, (max-width: 1000px) 100vw, 1000px\" \/><\/a> <a href=\"http:\/\/agora.xtec.cat\/ies-baix-montseny\/wp-content\/uploads\/usu1288\/2017\/04\/IMG2.jpg\"><img loading=\"lazy\" decoding=\"async\" class=\"alignnone size-large wp-image-915\" src=\"http:\/\/agora.xtec.cat\/ies-baix-montseny\/wp-content\/uploads\/usu1288\/2017\/04\/IMG2.jpg\" alt=\"IMG2\" width=\"1000\" height=\"741\" srcset=\"https:\/\/agora.xtec.cat\/ies-baix-montseny\/wp-content\/uploads\/usu1288\/2017\/04\/IMG2.jpg 1000w, https:\/\/agora.xtec.cat\/ies-baix-montseny\/wp-content\/uploads\/usu1288\/2017\/04\/IMG2-300x222.jpg 300w, https:\/\/agora.xtec.cat\/ies-baix-montseny\/wp-content\/uploads\/usu1288\/2017\/04\/IMG2-768x569.jpg 768w\" sizes=\"auto, (max-width: 1000px) 100vw, 1000px\" \/><\/a> <a href=\"http:\/\/agora.xtec.cat\/ies-baix-montseny\/wp-content\/uploads\/usu1288\/2017\/04\/IMG3.jpg\"><img loading=\"lazy\" decoding=\"async\" class=\"alignnone size-large wp-image-916\" src=\"http:\/\/agora.xtec.cat\/ies-baix-montseny\/wp-content\/uploads\/usu1288\/2017\/04\/IMG3.jpg\" alt=\"IMG3\" width=\"1000\" height=\"741\" srcset=\"https:\/\/agora.xtec.cat\/ies-baix-montseny\/wp-content\/uploads\/usu1288\/2017\/04\/IMG3.jpg 1000w, https:\/\/agora.xtec.cat\/ies-baix-montseny\/wp-content\/uploads\/usu1288\/2017\/04\/IMG3-300x222.jpg 300w, https:\/\/agora.xtec.cat\/ies-baix-montseny\/wp-content\/uploads\/usu1288\/2017\/04\/IMG3-768x569.jpg 768w\" sizes=\"auto, (max-width: 1000px) 100vw, 1000px\" \/><\/a><\/p>\n","protected":false},"excerpt":{"rendered":"<p>Aquest \u00e9s el segon curs que portem a la pr\u00e0ctica el projecte del Suport Vital B\u00e0sic als centres educatius. Durant tres sessions d\u00b4educaci\u00f3 f\u00edsica, els alumnes aprenen com reaccionar davant d\u00b4una aturada card\u00edaca. Aquesta \u00e9s una situaci\u00f3 d&#8217;emerg\u00e8ncia que requereix d&#8217;unes actuacions precises que ben&hellip;  <a href=\"https:\/\/agora.xtec.cat\/ies-baix-montseny\/general\/projecte-suport-vital-basic\/\" title=\"Read Projecte Suport Vital B\u00e0sic\">Llegeix m\u00e9s\u00bb<\/a><\/p>\n","protected":false},"author":1,"featured_media":916,"comment_status":"open","ping_status":"open","sticky":false,"template":"","format":"standard","meta":{"_bbp_topic_count":0,"_bbp_reply_count":0,"_bbp_total_topic_count":0,"_bbp_total_reply_count":0,"_bbp_voice_count":0,"_bbp_anonymous_reply_count":0,"_bbp_topic_count_hidden":0,"_bbp_reply_count_hidden":0,"_bbp_forum_subforum_count":0,"footnotes":""},"categories":[3,1,29],"tags":[],"class_list":["post-913","post","type-post","status-publish","format-standard","has-post-thumbnail","hentry","category-eso","category-general","category-portada"],"post_mailing_queue_ids":[],"_links":{"self":[{"href":"https:\/\/agora.xtec.cat\/ies-baix-montseny\/wp-json\/wp\/v2\/posts\/913","targetHints":{"allow":["GET"]}}],"collection":[{"href":"https:\/\/agora.xtec.cat\/ies-baix-montseny\/wp-json\/wp\/v2\/posts"}],"about":[{"href":"https:\/\/agora.xtec.cat\/ies-baix-montseny\/wp-json\/wp\/v2\/types\/post"}],"author":[{"embeddable":true,"href":"https:\/\/agora.xtec.cat\/ies-baix-montseny\/wp-json\/wp\/v2\/users\/1"}],"replies":[{"embeddable":true,"href":"https:\/\/agora.xtec.cat\/ies-baix-montseny\/wp-json\/wp\/v2\/comments?post=913"}],"version-history":[{"count":1,"href":"https:\/\/agora.xtec.cat\/ies-baix-montseny\/wp-json\/wp\/v2\/posts\/913\/revisions"}],"predecessor-version":[{"id":917,"href":"https:\/\/agora.xtec.cat\/ies-baix-montseny\/wp-json\/wp\/v2\/posts\/913\/revisions\/917"}],"wp:featuredmedia":[{"embeddable":true,"href":"https:\/\/agora.xtec.cat\/ies-baix-montseny\/wp-json\/wp\/v2\/media\/916"}],"wp:attachment":[{"href":"https:\/\/agora.xtec.cat\/ies-baix-montseny\/wp-json\/wp\/v2\/media?parent=913"}],"wp:term":[{"taxonomy":"category","embeddable":true,"href":"https:\/\/agora.xtec.cat\/ies-baix-montseny\/wp-json\/wp\/v2\/categories?post=913"},{"taxonomy":"post_tag","embeddable":true,"href":"https:\/\/agora.xtec.cat\/ies-baix-montseny\/wp-json\/wp\/v2\/tags?post=913"}],"curies":[{"name":"wp","href":"https:\/\/api.w.org\/{rel}","templated":true}]}}