{"id":738,"date":"2016-10-25T16:12:55","date_gmt":"2016-10-25T14:12:55","guid":{"rendered":"http:\/\/agora.xtec.cat\/ies-baix-montseny\/?p=738"},"modified":"2016-10-25T16:12:55","modified_gmt":"2016-10-25T14:12:55","slug":"vaga-destudiants-261016","status":"publish","type":"post","link":"https:\/\/agora.xtec.cat\/ies-baix-montseny\/general\/vaga-destudiants-261016\/","title":{"rendered":"Vaga d&#8217;estudiants 26\/10\/16"},"content":{"rendered":"<p>El dimecres 26 el sindicat d&#8217;estudiants ha convocat una jornada de vaga. Us deixem l&#8217;<a href=\"http:\/\/www.sindicatdestudiants.net\/\">enlla\u00e7<\/a> per si voleu tenir m\u00e9s informaci\u00f3. Aprofitem per recordar-vos que l&#8217;alumnat de 1r i 2n d&#8217;ESO no t\u00e9 dret a vaga i la resta d&#8217;alumnat ha de portar el perm\u00eds espec\u00edfic de les fam\u00edlies o representant legals per tal de secundar-la.<\/p>\n","protected":false},"excerpt":{"rendered":"<p>El dimecres 26 el sindicat d&#8217;estudiants ha convocat una jornada de vaga. Us deixem l&#8217;<a href=\"http:\/\/www.sindicatdestudiants.net\/\">enlla\u00e7<\/a> per si voleu tenir m\u00e9s informaci\u00f3. Aprofitem per recordar-vos que l&#8217;alumnat de 1r i 2n d&#8217;ESO no t\u00e9 dret a vaga i la resta d&#8217;alumnat ha de portar el&hellip;  <a href=\"https:\/\/agora.xtec.cat\/ies-baix-montseny\/general\/vaga-destudiants-261016\/\" title=\"Read Vaga d&#8217;estudiants 26\/10\/16\">Llegeix m\u00e9s\u00bb<\/a><\/p>\n","protected":false},"author":1,"featured_media":0,"comment_status":"open","ping_status":"open","sticky":false,"template":"","format":"standard","meta":{"_bbp_topic_count":0,"_bbp_reply_count":0,"_bbp_total_topic_count":0,"_bbp_total_reply_count":0,"_bbp_voice_count":0,"_bbp_anonymous_reply_count":0,"_bbp_topic_count_hidden":0,"_bbp_reply_count_hidden":0,"_bbp_forum_subforum_count":0,"footnotes":""},"categories":[1,29],"tags":[],"class_list":["post-738","post","type-post","status-publish","format-standard","hentry","category-general","category-portada"],"post_mailing_queue_ids":[],"_links":{"self":[{"href":"https:\/\/agora.xtec.cat\/ies-baix-montseny\/wp-json\/wp\/v2\/posts\/738","targetHints":{"allow":["GET"]}}],"collection":[{"href":"https:\/\/agora.xtec.cat\/ies-baix-montseny\/wp-json\/wp\/v2\/posts"}],"about":[{"href":"https:\/\/agora.xtec.cat\/ies-baix-montseny\/wp-json\/wp\/v2\/types\/post"}],"author":[{"embeddable":true,"href":"https:\/\/agora.xtec.cat\/ies-baix-montseny\/wp-json\/wp\/v2\/users\/1"}],"replies":[{"embeddable":true,"href":"https:\/\/agora.xtec.cat\/ies-baix-montseny\/wp-json\/wp\/v2\/comments?post=738"}],"version-history":[{"count":1,"href":"https:\/\/agora.xtec.cat\/ies-baix-montseny\/wp-json\/wp\/v2\/posts\/738\/revisions"}],"predecessor-version":[{"id":739,"href":"https:\/\/agora.xtec.cat\/ies-baix-montseny\/wp-json\/wp\/v2\/posts\/738\/revisions\/739"}],"wp:attachment":[{"href":"https:\/\/agora.xtec.cat\/ies-baix-montseny\/wp-json\/wp\/v2\/media?parent=738"}],"wp:term":[{"taxonomy":"category","embeddable":true,"href":"https:\/\/agora.xtec.cat\/ies-baix-montseny\/wp-json\/wp\/v2\/categories?post=738"},{"taxonomy":"post_tag","embeddable":true,"href":"https:\/\/agora.xtec.cat\/ies-baix-montseny\/wp-json\/wp\/v2\/tags?post=738"}],"curies":[{"name":"wp","href":"https:\/\/api.w.org\/{rel}","templated":true}]}}