{"id":2715,"date":"2020-04-28T17:07:47","date_gmt":"2020-04-28T15:07:47","guid":{"rendered":"http:\/\/agora.xtec.cat\/ies-baix-montseny\/?p=2715"},"modified":"2020-05-21T13:16:29","modified_gmt":"2020-05-21T11:16:29","slug":"disseny-agenda-curs-2020-2021","status":"publish","type":"post","link":"https:\/\/agora.xtec.cat\/ies-baix-montseny\/general\/disseny-agenda-curs-2020-2021\/","title":{"rendered":"FINALISTES DISSENY AGENDA CURS 2020-2021"},"content":{"rendered":"<p>Des de la mat\u00e8ria de Visual i Pl\u00e0stica aquesta setmana s&#8217;ha fet la proposta de dissenyar la portada del curs vinent.<\/p>\n<p><a href=\"https:\/\/agora.xtec.cat\/ies-baix-montseny\/wp-content\/uploads\/usu1288\/2020\/04\/Que\u0301-es-disen\u0303o-grafico.jpg\"><img loading=\"lazy\" decoding=\"async\" class=\"alignnone size-large wp-image-2716\" src=\"https:\/\/agora.xtec.cat\/ies-baix-montseny\/wp-content\/uploads\/usu1288\/2020\/04\/Que\u0301-es-disen\u0303o-grafico-1024x512.jpg\" alt=\"\" width=\"1024\" height=\"512\" srcset=\"https:\/\/agora.xtec.cat\/ies-baix-montseny\/wp-content\/uploads\/usu1288\/2020\/04\/Que\u0301-es-disen\u0303o-grafico-1024x512.jpg 1024w, https:\/\/agora.xtec.cat\/ies-baix-montseny\/wp-content\/uploads\/usu1288\/2020\/04\/Que\u0301-es-disen\u0303o-grafico-300x150.jpg 300w, https:\/\/agora.xtec.cat\/ies-baix-montseny\/wp-content\/uploads\/usu1288\/2020\/04\/Que\u0301-es-disen\u0303o-grafico-768x384.jpg 768w, https:\/\/agora.xtec.cat\/ies-baix-montseny\/wp-content\/uploads\/usu1288\/2020\/04\/Que\u0301-es-disen\u0303o-grafico.jpg 1140w\" sizes=\"auto, (max-width: 1024px) 100vw, 1024px\" \/><\/a><\/p>\n<p>Hi ha molts alumnes que aquest confinament els est\u00e0 portant molta for\u00e7a a la part creativa. Aqu\u00ed us deixem una mostra de les agendes finalistes. Encara en falten algunes per arribar, aquest curs no ser\u00e0 f\u00e0cil fer de jurat!<\/p>\n<p>&nbsp;<\/p>\n<p><strong> <a href=\"https:\/\/agora.xtec.cat\/ies-baix-montseny\/wp-content\/uploads\/usu1288\/2020\/04\/Ada-Fern\u00e1ndez.jpg\"><img loading=\"lazy\" decoding=\"async\" class=\"alignnone size-large wp-image-19131\" src=\"https:\/\/agora.xtec.cat\/ies-baix-montseny\/wp-content\/uploads\/usu1288\/2020\/04\/Ada-Fern\u00e1ndez-724x1024.jpg\" alt=\"\" width=\"724\" height=\"1024\" srcset=\"https:\/\/agora.xtec.cat\/ies-baix-montseny\/wp-content\/uploads\/usu1288\/2020\/04\/Ada-Fern\u00e1ndez-724x1024.jpg 724w, https:\/\/agora.xtec.cat\/ies-baix-montseny\/wp-content\/uploads\/usu1288\/2020\/04\/Ada-Fern\u00e1ndez-212x300.jpg 212w, https:\/\/agora.xtec.cat\/ies-baix-montseny\/wp-content\/uploads\/usu1288\/2020\/04\/Ada-Fern\u00e1ndez-768x1086.jpg 768w\" sizes=\"auto, (max-width: 724px) 100vw, 724px\" \/><\/a><\/strong><\/p>\n<p><strong> <a href=\"https:\/\/agora.xtec.cat\/ies-baix-montseny\/wp-content\/uploads\/usu1288\/2020\/04\/Ada-Fern\u00e1ndez2.jpg\"><img loading=\"lazy\" decoding=\"async\" class=\"alignnone size-large wp-image-19132\" src=\"https:\/\/agora.xtec.cat\/ies-baix-montseny\/wp-content\/uploads\/usu1288\/2020\/04\/Ada-Fern\u00e1ndez2-724x1024.jpg\" alt=\"\" width=\"724\" height=\"1024\" srcset=\"https:\/\/agora.xtec.cat\/ies-baix-montseny\/wp-content\/uploads\/usu1288\/2020\/04\/Ada-Fern\u00e1ndez2-724x1024.jpg 724w, https:\/\/agora.xtec.cat\/ies-baix-montseny\/wp-content\/uploads\/usu1288\/2020\/04\/Ada-Fern\u00e1ndez2-212x300.jpg 212w, https:\/\/agora.xtec.cat\/ies-baix-montseny\/wp-content\/uploads\/usu1288\/2020\/04\/Ada-Fern\u00e1ndez2-768x1086.jpg 768w, https:\/\/agora.xtec.cat\/ies-baix-montseny\/wp-content\/uploads\/usu1288\/2020\/04\/Ada-Fern\u00e1ndez2.jpg 1994w\" sizes=\"auto, (max-width: 724px) 100vw, 724px\" \/><\/a><\/strong><\/p>\n<p><strong> <a href=\"https:\/\/agora.xtec.cat\/ies-baix-montseny\/wp-content\/uploads\/usu1288\/2020\/04\/Ainhoa-cano.png\"><img loading=\"lazy\" decoding=\"async\" class=\"alignnone size-large wp-image-19133\" src=\"https:\/\/agora.xtec.cat\/ies-baix-montseny\/wp-content\/uploads\/usu1288\/2020\/04\/Ainhoa-cano.png\" alt=\"\" width=\"504\" height=\"818\" srcset=\"https:\/\/agora.xtec.cat\/ies-baix-montseny\/wp-content\/uploads\/usu1288\/2020\/04\/Ainhoa-cano.png 504w, https:\/\/agora.xtec.cat\/ies-baix-montseny\/wp-content\/uploads\/usu1288\/2020\/04\/Ainhoa-cano-185x300.png 185w\" sizes=\"auto, (max-width: 504px) 100vw, 504px\" \/><\/a><\/strong><\/p>\n<p><strong> <a href=\"https:\/\/agora.xtec.cat\/ies-baix-montseny\/wp-content\/uploads\/usu1288\/2020\/04\/Ainhoa-Rodriguez.png\"><img loading=\"lazy\" decoding=\"async\" class=\"alignnone size-large wp-image-19134\" src=\"https:\/\/agora.xtec.cat\/ies-baix-montseny\/wp-content\/uploads\/usu1288\/2020\/04\/Ainhoa-Rodriguez.png\" alt=\"\" width=\"543\" height=\"761\" srcset=\"https:\/\/agora.xtec.cat\/ies-baix-montseny\/wp-content\/uploads\/usu1288\/2020\/04\/Ainhoa-Rodriguez.png 543w, https:\/\/agora.xtec.cat\/ies-baix-montseny\/wp-content\/uploads\/usu1288\/2020\/04\/Ainhoa-Rodriguez-214x300.png 214w\" sizes=\"auto, (max-width: 543px) 100vw, 543px\" \/><\/a><\/strong><\/p>\n<p><strong> <a href=\"https:\/\/agora.xtec.cat\/ies-baix-montseny\/wp-content\/uploads\/usu1288\/2020\/04\/ametista.png\"><img loading=\"lazy\" decoding=\"async\" class=\"alignnone size-large wp-image-19135\" src=\"https:\/\/agora.xtec.cat\/ies-baix-montseny\/wp-content\/uploads\/usu1288\/2020\/04\/ametista.png\" alt=\"\" width=\"862\" height=\"360\" srcset=\"https:\/\/agora.xtec.cat\/ies-baix-montseny\/wp-content\/uploads\/usu1288\/2020\/04\/ametista.png 862w, https:\/\/agora.xtec.cat\/ies-baix-montseny\/wp-content\/uploads\/usu1288\/2020\/04\/ametista-300x125.png 300w, https:\/\/agora.xtec.cat\/ies-baix-montseny\/wp-content\/uploads\/usu1288\/2020\/04\/ametista-768x321.png 768w\" sizes=\"auto, (max-width: 862px) 100vw, 862px\" \/><\/a><\/strong><\/p>\n<p><strong> <a href=\"https:\/\/agora.xtec.cat\/ies-baix-montseny\/wp-content\/uploads\/usu1288\/2020\/04\/Anna-Morales.jpg\"><img loading=\"lazy\" decoding=\"async\" class=\"alignnone size-large wp-image-19136\" src=\"https:\/\/agora.xtec.cat\/ies-baix-montseny\/wp-content\/uploads\/usu1288\/2020\/04\/Anna-Morales-642x1024.jpg\" alt=\"\" width=\"642\" height=\"1024\" srcset=\"https:\/\/agora.xtec.cat\/ies-baix-montseny\/wp-content\/uploads\/usu1288\/2020\/04\/Anna-Morales-642x1024.jpg 642w, https:\/\/agora.xtec.cat\/ies-baix-montseny\/wp-content\/uploads\/usu1288\/2020\/04\/Anna-Morales-188x300.jpg 188w, https:\/\/agora.xtec.cat\/ies-baix-montseny\/wp-content\/uploads\/usu1288\/2020\/04\/Anna-Morales-768x1226.jpg 768w\" sizes=\"auto, (max-width: 642px) 100vw, 642px\" \/><\/a><\/strong><\/p>\n<p><strong> <a href=\"https:\/\/agora.xtec.cat\/ies-baix-montseny\/wp-content\/uploads\/usu1288\/2020\/04\/Ariadna-Pujals.png\"><img loading=\"lazy\" decoding=\"async\" class=\"alignnone size-large wp-image-19137\" src=\"https:\/\/agora.xtec.cat\/ies-baix-montseny\/wp-content\/uploads\/usu1288\/2020\/04\/Ariadna-Pujals.png\" alt=\"\" width=\"512\" height=\"800\" srcset=\"https:\/\/agora.xtec.cat\/ies-baix-montseny\/wp-content\/uploads\/usu1288\/2020\/04\/Ariadna-Pujals.png 512w, https:\/\/agora.xtec.cat\/ies-baix-montseny\/wp-content\/uploads\/usu1288\/2020\/04\/Ariadna-Pujals-192x300.png 192w\" sizes=\"auto, (max-width: 512px) 100vw, 512px\" \/><\/a><\/strong><\/p>\n<p><strong> <a href=\"https:\/\/agora.xtec.cat\/ies-baix-montseny\/wp-content\/uploads\/usu1288\/2020\/04\/carla-garrido.jpg\"><img loading=\"lazy\" decoding=\"async\" class=\"alignnone size-large wp-image-19138\" src=\"https:\/\/agora.xtec.cat\/ies-baix-montseny\/wp-content\/uploads\/usu1288\/2020\/04\/carla-garrido-1024x768.jpg\" alt=\"\" width=\"1024\" height=\"768\" srcset=\"https:\/\/agora.xtec.cat\/ies-baix-montseny\/wp-content\/uploads\/usu1288\/2020\/04\/carla-garrido-1024x768.jpg 1024w, https:\/\/agora.xtec.cat\/ies-baix-montseny\/wp-content\/uploads\/usu1288\/2020\/04\/carla-garrido-300x225.jpg 300w, https:\/\/agora.xtec.cat\/ies-baix-montseny\/wp-content\/uploads\/usu1288\/2020\/04\/carla-garrido-768x576.jpg 768w, https:\/\/agora.xtec.cat\/ies-baix-montseny\/wp-content\/uploads\/usu1288\/2020\/04\/carla-garrido-200x150.jpg 200w\" sizes=\"auto, (max-width: 1024px) 100vw, 1024px\" \/><\/a><\/strong><\/p>\n<p><strong> <a href=\"https:\/\/agora.xtec.cat\/ies-baix-montseny\/wp-content\/uploads\/usu1288\/2020\/04\/Daniela-Carrasco.jpg\"><img loading=\"lazy\" decoding=\"async\" class=\"alignnone size-large wp-image-19139\" src=\"https:\/\/agora.xtec.cat\/ies-baix-montseny\/wp-content\/uploads\/usu1288\/2020\/04\/Daniela-Carrasco-724x1024.jpg\" alt=\"\" width=\"724\" height=\"1024\" srcset=\"https:\/\/agora.xtec.cat\/ies-baix-montseny\/wp-content\/uploads\/usu1288\/2020\/04\/Daniela-Carrasco-724x1024.jpg 724w, https:\/\/agora.xtec.cat\/ies-baix-montseny\/wp-content\/uploads\/usu1288\/2020\/04\/Daniela-Carrasco-212x300.jpg 212w, https:\/\/agora.xtec.cat\/ies-baix-montseny\/wp-content\/uploads\/usu1288\/2020\/04\/Daniela-Carrasco-768x1086.jpg 768w\" sizes=\"auto, (max-width: 724px) 100vw, 724px\" \/><\/a><\/strong><\/p>\n<p><strong> <a href=\"https:\/\/agora.xtec.cat\/ies-baix-montseny\/wp-content\/uploads\/usu1288\/2020\/04\/eneko-prado.jpg\"><img loading=\"lazy\" decoding=\"async\" class=\"alignnone size-large wp-image-19140\" src=\"https:\/\/agora.xtec.cat\/ies-baix-montseny\/wp-content\/uploads\/usu1288\/2020\/04\/eneko-prado-721x1024.jpg\" alt=\"\" width=\"721\" height=\"1024\" srcset=\"https:\/\/agora.xtec.cat\/ies-baix-montseny\/wp-content\/uploads\/usu1288\/2020\/04\/eneko-prado-721x1024.jpg 721w, https:\/\/agora.xtec.cat\/ies-baix-montseny\/wp-content\/uploads\/usu1288\/2020\/04\/eneko-prado-211x300.jpg 211w, https:\/\/agora.xtec.cat\/ies-baix-montseny\/wp-content\/uploads\/usu1288\/2020\/04\/eneko-prado-768x1091.jpg 768w\" sizes=\"auto, (max-width: 721px) 100vw, 721px\" \/><\/a><\/strong><\/p>\n<p><strong> <a href=\"https:\/\/agora.xtec.cat\/ies-baix-montseny\/wp-content\/uploads\/usu1288\/2020\/04\/iara-Samara.png\"><img loading=\"lazy\" decoding=\"async\" class=\"alignnone size-large wp-image-19141\" src=\"https:\/\/agora.xtec.cat\/ies-baix-montseny\/wp-content\/uploads\/usu1288\/2020\/04\/iara-Samara.png\" alt=\"\" width=\"573\" height=\"593\" srcset=\"https:\/\/agora.xtec.cat\/ies-baix-montseny\/wp-content\/uploads\/usu1288\/2020\/04\/iara-Samara.png 573w, https:\/\/agora.xtec.cat\/ies-baix-montseny\/wp-content\/uploads\/usu1288\/2020\/04\/iara-Samara-290x300.png 290w\" sizes=\"auto, (max-width: 573px) 100vw, 573px\" \/><\/a><\/strong><\/p>\n<p><strong> <a href=\"https:\/\/agora.xtec.cat\/ies-baix-montseny\/wp-content\/uploads\/usu1288\/2020\/04\/isaias1111.png\"><img loading=\"lazy\" decoding=\"async\" class=\"alignnone size-large wp-image-19142\" src=\"https:\/\/agora.xtec.cat\/ies-baix-montseny\/wp-content\/uploads\/usu1288\/2020\/04\/isaias1111.png\" alt=\"\" width=\"563\" height=\"420\" srcset=\"https:\/\/agora.xtec.cat\/ies-baix-montseny\/wp-content\/uploads\/usu1288\/2020\/04\/isaias1111.png 563w, https:\/\/agora.xtec.cat\/ies-baix-montseny\/wp-content\/uploads\/usu1288\/2020\/04\/isaias1111-300x224.png 300w, https:\/\/agora.xtec.cat\/ies-baix-montseny\/wp-content\/uploads\/usu1288\/2020\/04\/isaias1111-200x150.png 200w\" sizes=\"auto, (max-width: 563px) 100vw, 563px\" \/><\/a><\/strong><\/p>\n<p><strong> <a href=\"https:\/\/agora.xtec.cat\/ies-baix-montseny\/wp-content\/uploads\/usu1288\/2020\/04\/joana-llopis.jpg\"><img loading=\"lazy\" decoding=\"async\" class=\"alignnone size-large wp-image-19143\" src=\"https:\/\/agora.xtec.cat\/ies-baix-montseny\/wp-content\/uploads\/usu1288\/2020\/04\/joana-llopis-851x1024.jpg\" alt=\"\" width=\"851\" height=\"1024\" srcset=\"https:\/\/agora.xtec.cat\/ies-baix-montseny\/wp-content\/uploads\/usu1288\/2020\/04\/joana-llopis-851x1024.jpg 851w, https:\/\/agora.xtec.cat\/ies-baix-montseny\/wp-content\/uploads\/usu1288\/2020\/04\/joana-llopis-249x300.jpg 249w, https:\/\/agora.xtec.cat\/ies-baix-montseny\/wp-content\/uploads\/usu1288\/2020\/04\/joana-llopis-768x924.jpg 768w, https:\/\/agora.xtec.cat\/ies-baix-montseny\/wp-content\/uploads\/usu1288\/2020\/04\/joana-llopis.jpg 2002w\" sizes=\"auto, (max-width: 851px) 100vw, 851px\" \/><\/a><\/strong><\/p>\n<p><strong> <a href=\"https:\/\/agora.xtec.cat\/ies-baix-montseny\/wp-content\/uploads\/usu1288\/2020\/04\/j\u00falia-cu\u00f1ado.jpg\"><img loading=\"lazy\" decoding=\"async\" class=\"alignnone size-large wp-image-19144\" src=\"https:\/\/agora.xtec.cat\/ies-baix-montseny\/wp-content\/uploads\/usu1288\/2020\/04\/j\u00falia-cu\u00f1ado-724x1024.jpg\" alt=\"\" width=\"724\" height=\"1024\" srcset=\"https:\/\/agora.xtec.cat\/ies-baix-montseny\/wp-content\/uploads\/usu1288\/2020\/04\/j\u00falia-cu\u00f1ado-724x1024.jpg 724w, https:\/\/agora.xtec.cat\/ies-baix-montseny\/wp-content\/uploads\/usu1288\/2020\/04\/j\u00falia-cu\u00f1ado-212x300.jpg 212w, https:\/\/agora.xtec.cat\/ies-baix-montseny\/wp-content\/uploads\/usu1288\/2020\/04\/j\u00falia-cu\u00f1ado-768x1086.jpg 768w\" sizes=\"auto, (max-width: 724px) 100vw, 724px\" \/><\/a><\/strong><\/p>\n<p><strong> <a href=\"https:\/\/agora.xtec.cat\/ies-baix-montseny\/wp-content\/uploads\/usu1288\/2020\/04\/J\u00falia-Daniel.jpg\"><img loading=\"lazy\" decoding=\"async\" class=\"alignnone size-large wp-image-19145\" src=\"https:\/\/agora.xtec.cat\/ies-baix-montseny\/wp-content\/uploads\/usu1288\/2020\/04\/J\u00falia-Daniel-726x1024.jpg\" alt=\"\" width=\"726\" height=\"1024\" srcset=\"https:\/\/agora.xtec.cat\/ies-baix-montseny\/wp-content\/uploads\/usu1288\/2020\/04\/J\u00falia-Daniel-726x1024.jpg 726w, https:\/\/agora.xtec.cat\/ies-baix-montseny\/wp-content\/uploads\/usu1288\/2020\/04\/J\u00falia-Daniel-213x300.jpg 213w, https:\/\/agora.xtec.cat\/ies-baix-montseny\/wp-content\/uploads\/usu1288\/2020\/04\/J\u00falia-Daniel-768x1083.jpg 768w\" sizes=\"auto, (max-width: 726px) 100vw, 726px\" \/><\/a><\/strong><\/p>\n<p><strong> <a href=\"https:\/\/agora.xtec.cat\/ies-baix-montseny\/wp-content\/uploads\/usu1288\/2020\/04\/J\u00falia-Peipoch.jpg\"><img loading=\"lazy\" decoding=\"async\" class=\"alignnone size-large wp-image-19146\" src=\"https:\/\/agora.xtec.cat\/ies-baix-montseny\/wp-content\/uploads\/usu1288\/2020\/04\/J\u00falia-Peipoch-642x1024.jpg\" alt=\"\" width=\"642\" height=\"1024\" srcset=\"https:\/\/agora.xtec.cat\/ies-baix-montseny\/wp-content\/uploads\/usu1288\/2020\/04\/J\u00falia-Peipoch-642x1024.jpg 642w, https:\/\/agora.xtec.cat\/ies-baix-montseny\/wp-content\/uploads\/usu1288\/2020\/04\/J\u00falia-Peipoch-188x300.jpg 188w, https:\/\/agora.xtec.cat\/ies-baix-montseny\/wp-content\/uploads\/usu1288\/2020\/04\/J\u00falia-Peipoch-768x1226.jpg 768w, https:\/\/agora.xtec.cat\/ies-baix-montseny\/wp-content\/uploads\/usu1288\/2020\/04\/J\u00falia-Peipoch.jpg 1557w\" sizes=\"auto, (max-width: 642px) 100vw, 642px\" \/><\/a><\/strong><\/p>\n<p><strong> <a href=\"https:\/\/agora.xtec.cat\/ies-baix-montseny\/wp-content\/uploads\/usu1288\/2020\/04\/Laia-Mol\u00e9s.jpg\"><img loading=\"lazy\" decoding=\"async\" class=\"alignnone size-large wp-image-19147\" src=\"https:\/\/agora.xtec.cat\/ies-baix-montseny\/wp-content\/uploads\/usu1288\/2020\/04\/Laia-Mol\u00e9s-724x1024.jpg\" alt=\"\" width=\"724\" height=\"1024\" srcset=\"https:\/\/agora.xtec.cat\/ies-baix-montseny\/wp-content\/uploads\/usu1288\/2020\/04\/Laia-Mol\u00e9s-724x1024.jpg 724w, https:\/\/agora.xtec.cat\/ies-baix-montseny\/wp-content\/uploads\/usu1288\/2020\/04\/Laia-Mol\u00e9s-212x300.jpg 212w, https:\/\/agora.xtec.cat\/ies-baix-montseny\/wp-content\/uploads\/usu1288\/2020\/04\/Laia-Mol\u00e9s-768x1086.jpg 768w, https:\/\/agora.xtec.cat\/ies-baix-montseny\/wp-content\/uploads\/usu1288\/2020\/04\/Laia-Mol\u00e9s.jpg 1655w\" sizes=\"auto, (max-width: 724px) 100vw, 724px\" \/><\/a><\/strong><\/p>\n<p><strong> <a href=\"https:\/\/agora.xtec.cat\/ies-baix-montseny\/wp-content\/uploads\/usu1288\/2020\/04\/Lidia-Moreno.jpeg\"><img loading=\"lazy\" decoding=\"async\" class=\"alignnone size-large wp-image-19148\" src=\"https:\/\/agora.xtec.cat\/ies-baix-montseny\/wp-content\/uploads\/usu1288\/2020\/04\/Lidia-Moreno-1024x768.jpeg\" alt=\"\" width=\"1024\" height=\"768\" srcset=\"https:\/\/agora.xtec.cat\/ies-baix-montseny\/wp-content\/uploads\/usu1288\/2020\/04\/Lidia-Moreno-1024x768.jpeg 1024w, https:\/\/agora.xtec.cat\/ies-baix-montseny\/wp-content\/uploads\/usu1288\/2020\/04\/Lidia-Moreno-300x225.jpeg 300w, https:\/\/agora.xtec.cat\/ies-baix-montseny\/wp-content\/uploads\/usu1288\/2020\/04\/Lidia-Moreno-768x576.jpeg 768w, https:\/\/agora.xtec.cat\/ies-baix-montseny\/wp-content\/uploads\/usu1288\/2020\/04\/Lidia-Moreno-200x150.jpeg 200w\" sizes=\"auto, (max-width: 1024px) 100vw, 1024px\" \/><\/a><\/strong><\/p>\n<p><strong> <a href=\"https:\/\/agora.xtec.cat\/ies-baix-montseny\/wp-content\/uploads\/usu1288\/2020\/04\/martina-robles.jpg\"><img loading=\"lazy\" decoding=\"async\" class=\"alignnone size-large wp-image-19149\" src=\"https:\/\/agora.xtec.cat\/ies-baix-montseny\/wp-content\/uploads\/usu1288\/2020\/04\/martina-robles-724x1024.jpg\" alt=\"\" width=\"724\" height=\"1024\" srcset=\"https:\/\/agora.xtec.cat\/ies-baix-montseny\/wp-content\/uploads\/usu1288\/2020\/04\/martina-robles-724x1024.jpg 724w, https:\/\/agora.xtec.cat\/ies-baix-montseny\/wp-content\/uploads\/usu1288\/2020\/04\/martina-robles-212x300.jpg 212w, https:\/\/agora.xtec.cat\/ies-baix-montseny\/wp-content\/uploads\/usu1288\/2020\/04\/martina-robles-768x1086.jpg 768w\" sizes=\"auto, (max-width: 724px) 100vw, 724px\" \/><\/a><\/strong><\/p>\n<p><strong> <a href=\"https:\/\/agora.xtec.cat\/ies-baix-montseny\/wp-content\/uploads\/usu1288\/2020\/04\/Oriol-Victory.jpg\"><img loading=\"lazy\" decoding=\"async\" class=\"alignnone size-large wp-image-19150\" src=\"https:\/\/agora.xtec.cat\/ies-baix-montseny\/wp-content\/uploads\/usu1288\/2020\/04\/Oriol-Victory-724x1024.jpg\" alt=\"\" width=\"724\" height=\"1024\" srcset=\"https:\/\/agora.xtec.cat\/ies-baix-montseny\/wp-content\/uploads\/usu1288\/2020\/04\/Oriol-Victory-724x1024.jpg 724w, https:\/\/agora.xtec.cat\/ies-baix-montseny\/wp-content\/uploads\/usu1288\/2020\/04\/Oriol-Victory-212x300.jpg 212w, https:\/\/agora.xtec.cat\/ies-baix-montseny\/wp-content\/uploads\/usu1288\/2020\/04\/Oriol-Victory-768x1086.jpg 768w, https:\/\/agora.xtec.cat\/ies-baix-montseny\/wp-content\/uploads\/usu1288\/2020\/04\/Oriol-Victory.jpg 1654w\" sizes=\"auto, (max-width: 724px) 100vw, 724px\" \/><\/a> <a href=\"https:\/\/agora.xtec.cat\/ies-baix-montseny\/wp-content\/uploads\/usu1288\/2020\/04\/Rita-Millet.jpg\"><img loading=\"lazy\" decoding=\"async\" class=\"alignnone size-large wp-image-19151\" src=\"https:\/\/agora.xtec.cat\/ies-baix-montseny\/wp-content\/uploads\/usu1288\/2020\/04\/Rita-Millet-731x1024.jpg\" alt=\"\" width=\"731\" height=\"1024\" srcset=\"https:\/\/agora.xtec.cat\/ies-baix-montseny\/wp-content\/uploads\/usu1288\/2020\/04\/Rita-Millet-731x1024.jpg 731w, https:\/\/agora.xtec.cat\/ies-baix-montseny\/wp-content\/uploads\/usu1288\/2020\/04\/Rita-Millet-214x300.jpg 214w, https:\/\/agora.xtec.cat\/ies-baix-montseny\/wp-content\/uploads\/usu1288\/2020\/04\/Rita-Millet-768x1075.jpg 768w, https:\/\/agora.xtec.cat\/ies-baix-montseny\/wp-content\/uploads\/usu1288\/2020\/04\/Rita-Millet.jpg 1000w\" sizes=\"auto, (max-width: 731px) 100vw, 731px\" \/><\/a><\/strong><\/p>\n<p><a href=\"https:\/\/agora.xtec.cat\/ies-baix-montseny\/wp-content\/uploads\/usu1288\/2020\/04\/joel-ponce.png\"><img loading=\"lazy\" decoding=\"async\" class=\"alignnone size-large wp-image-19187\" src=\"https:\/\/agora.xtec.cat\/ies-baix-montseny\/wp-content\/uploads\/usu1288\/2020\/04\/joel-ponce-822x1024.png\" alt=\"\" width=\"822\" height=\"1024\" srcset=\"https:\/\/agora.xtec.cat\/ies-baix-montseny\/wp-content\/uploads\/usu1288\/2020\/04\/joel-ponce-822x1024.png 822w, https:\/\/agora.xtec.cat\/ies-baix-montseny\/wp-content\/uploads\/usu1288\/2020\/04\/joel-ponce-241x300.png 241w, https:\/\/agora.xtec.cat\/ies-baix-montseny\/wp-content\/uploads\/usu1288\/2020\/04\/joel-ponce-768x956.png 768w, https:\/\/agora.xtec.cat\/ies-baix-montseny\/wp-content\/uploads\/usu1288\/2020\/04\/joel-ponce.png 1080w\" sizes=\"auto, (max-width: 822px) 100vw, 822px\" \/><\/a><\/p>\n<p><a href=\"https:\/\/agora.xtec.cat\/ies-baix-montseny\/wp-content\/uploads\/usu1288\/2020\/04\/Ot-Agenda-institut-Monstruo-de-las-galletas-copia.jpg\"><img loading=\"lazy\" decoding=\"async\" class=\"alignnone size-large wp-image-19201\" src=\"https:\/\/agora.xtec.cat\/ies-baix-montseny\/wp-content\/uploads\/usu1288\/2020\/04\/Ot-Agenda-institut-Monstruo-de-las-galletas-copia-724x1024.jpg\" alt=\"\" width=\"724\" height=\"1024\" srcset=\"https:\/\/agora.xtec.cat\/ies-baix-montseny\/wp-content\/uploads\/usu1288\/2020\/04\/Ot-Agenda-institut-Monstruo-de-las-galletas-copia-724x1024.jpg 724w, https:\/\/agora.xtec.cat\/ies-baix-montseny\/wp-content\/uploads\/usu1288\/2020\/04\/Ot-Agenda-institut-Monstruo-de-las-galletas-copia-212x300.jpg 212w, https:\/\/agora.xtec.cat\/ies-baix-montseny\/wp-content\/uploads\/usu1288\/2020\/04\/Ot-Agenda-institut-Monstruo-de-las-galletas-copia-768x1086.jpg 768w\" sizes=\"auto, (max-width: 724px) 100vw, 724px\" \/><\/a><\/p>\n<p><a href=\"https:\/\/agora.xtec.cat\/ies-baix-montseny\/wp-content\/uploads\/usu1288\/2020\/04\/Miriam-Ruiz_page-0001.jpg\"><img loading=\"lazy\" decoding=\"async\" class=\"alignnone size-large wp-image-19207\" src=\"https:\/\/agora.xtec.cat\/ies-baix-montseny\/wp-content\/uploads\/usu1288\/2020\/04\/Miriam-Ruiz_page-0001-724x1024.jpg\" alt=\"\" width=\"724\" height=\"1024\" srcset=\"https:\/\/agora.xtec.cat\/ies-baix-montseny\/wp-content\/uploads\/usu1288\/2020\/04\/Miriam-Ruiz_page-0001-724x1024.jpg 724w, https:\/\/agora.xtec.cat\/ies-baix-montseny\/wp-content\/uploads\/usu1288\/2020\/04\/Miriam-Ruiz_page-0001-212x300.jpg 212w, https:\/\/agora.xtec.cat\/ies-baix-montseny\/wp-content\/uploads\/usu1288\/2020\/04\/Miriam-Ruiz_page-0001-768x1086.jpg 768w\" sizes=\"auto, (max-width: 724px) 100vw, 724px\" \/><\/a><\/p>\n","protected":false},"excerpt":{"rendered":"<p>Des de la mat\u00e8ria de Visual i Pl\u00e0stica aquesta setmana s&#8217;ha fet la proposta de dissenyar la portada del curs vinent.<br \/>\n<a href=\"https:\/\/agora.xtec.cat\/ies-baix-montseny\/wp-content\/uploads\/usu1288\/2020\/04\/Que\u0301-es-disen\u0303o-grafico.jpg\"><\/a><br \/>\nHi ha molts alumnes que aquest confinament els est\u00e0 portant molta for\u00e7a a la part creativa. Aqu\u00ed us deixem una mostra de les agendes&hellip;  <a href=\"https:\/\/agora.xtec.cat\/ies-baix-montseny\/general\/disseny-agenda-curs-2020-2021\/\" title=\"Read FINALISTES DISSENY AGENDA CURS 2020-2021\">Llegeix m\u00e9s\u00bb<\/a><\/p>\n","protected":false},"author":7,"featured_media":2716,"comment_status":"open","ping_status":"closed","sticky":false,"template":"","format":"standard","meta":{"_bbp_topic_count":0,"_bbp_reply_count":0,"_bbp_total_topic_count":0,"_bbp_total_reply_count":0,"_bbp_voice_count":0,"_bbp_anonymous_reply_count":0,"_bbp_topic_count_hidden":0,"_bbp_reply_count_hidden":0,"_bbp_forum_subforum_count":0,"footnotes":""},"categories":[64,3,1,29],"tags":[],"class_list":["post-2715","post","type-post","status-publish","format-standard","has-post-thumbnail","hentry","category-activitats","category-eso","category-general","category-portada"],"post_mailing_queue_ids":[],"_links":{"self":[{"href":"https:\/\/agora.xtec.cat\/ies-baix-montseny\/wp-json\/wp\/v2\/posts\/2715","targetHints":{"allow":["GET"]}}],"collection":[{"href":"https:\/\/agora.xtec.cat\/ies-baix-montseny\/wp-json\/wp\/v2\/posts"}],"about":[{"href":"https:\/\/agora.xtec.cat\/ies-baix-montseny\/wp-json\/wp\/v2\/types\/post"}],"author":[{"embeddable":true,"href":"https:\/\/agora.xtec.cat\/ies-baix-montseny\/wp-json\/wp\/v2\/users\/7"}],"replies":[{"embeddable":true,"href":"https:\/\/agora.xtec.cat\/ies-baix-montseny\/wp-json\/wp\/v2\/comments?post=2715"}],"version-history":[{"count":4,"href":"https:\/\/agora.xtec.cat\/ies-baix-montseny\/wp-json\/wp\/v2\/posts\/2715\/revisions"}],"predecessor-version":[{"id":19208,"href":"https:\/\/agora.xtec.cat\/ies-baix-montseny\/wp-json\/wp\/v2\/posts\/2715\/revisions\/19208"}],"wp:featuredmedia":[{"embeddable":true,"href":"https:\/\/agora.xtec.cat\/ies-baix-montseny\/wp-json\/wp\/v2\/media\/2716"}],"wp:attachment":[{"href":"https:\/\/agora.xtec.cat\/ies-baix-montseny\/wp-json\/wp\/v2\/media?parent=2715"}],"wp:term":[{"taxonomy":"category","embeddable":true,"href":"https:\/\/agora.xtec.cat\/ies-baix-montseny\/wp-json\/wp\/v2\/categories?post=2715"},{"taxonomy":"post_tag","embeddable":true,"href":"https:\/\/agora.xtec.cat\/ies-baix-montseny\/wp-json\/wp\/v2\/tags?post=2715"}],"curies":[{"name":"wp","href":"https:\/\/api.w.org\/{rel}","templated":true}]}}