{"id":2708,"date":"2020-04-24T11:28:20","date_gmt":"2020-04-24T09:28:20","guid":{"rendered":"http:\/\/agora.xtec.cat\/ies-baix-montseny\/?p=2708"},"modified":"2020-04-24T11:28:20","modified_gmt":"2020-04-24T09:28:20","slug":"instruccions-departament-deducacio-3r-trimestre","status":"publish","type":"post","link":"https:\/\/agora.xtec.cat\/ies-baix-montseny\/general\/instruccions-departament-deducacio-3r-trimestre\/","title":{"rendered":"INSTRUCCIONS DEPARTAMENT D&#8217;EDUCACI\u00d3 3r TRIMESTRE"},"content":{"rendered":"<p>A continuaci\u00f3 deixem l&#8217;enlla\u00e7 a les informacions publicades pel Departament d&#8217;Educaci\u00f3 el passat 20 d&#8217;abril.<\/p>\n<p>Aquestes s\u00f3n les instruccions per al desenvolupament de l&#8217;acci\u00f3 educativa i l&#8217;avaluaci\u00f3 en el tercer trimestre dels alumnes en els centres on s&#8217;imparteixen els ensenyaments de secund\u00e0ria obligat\u00f2ria, batxillerat i cicles formatius davant la prolongaci\u00f3 del per\u00edode de confinament pe Covid19.<\/p>\n<p><a href=\"https:\/\/agora.xtec.cat\/ies-baix-montseny\/wp-content\/uploads\/usu1288\/2020\/04\/INSTRUCCIONS-3R-TRIMESTRE-ESO-I-BAT.pdf\">INSTRUCCIONS 3R TRIMESTRE ESO I BAT<\/a><\/p>\n<p><a href=\"https:\/\/agora.xtec.cat\/ies-baix-montseny\/wp-content\/uploads\/usu1288\/2020\/04\/INSTRUCCIONS-3R-TRIMESTRE-CICLES.pdf\">INSTRUCCIONS 3R TRIMESTRE CICLES<\/a><\/p>\n","protected":false},"excerpt":{"rendered":"<p>A continuaci\u00f3 deixem l&#8217;enlla\u00e7 a les informacions publicades pel Departament d&#8217;Educaci\u00f3 el passat 20 d&#8217;abril.<br \/>\nAquestes s\u00f3n les instruccions per al desenvolupament de l&#8217;acci\u00f3 educativa i l&#8217;avaluaci\u00f3 en el tercer trimestre dels alumnes en els centres on s&#8217;imparteixen els ensenyaments de secund\u00e0ria obligat\u00f2ria, batxillerat i cicles&hellip;  <a href=\"https:\/\/agora.xtec.cat\/ies-baix-montseny\/general\/instruccions-departament-deducacio-3r-trimestre\/\" title=\"Read INSTRUCCIONS DEPARTAMENT D&#8217;EDUCACI\u00d3 3r TRIMESTRE\">Llegeix m\u00e9s\u00bb<\/a><\/p>\n","protected":false},"author":7,"featured_media":0,"comment_status":"open","ping_status":"closed","sticky":false,"template":"","format":"standard","meta":{"_bbp_topic_count":0,"_bbp_reply_count":0,"_bbp_total_topic_count":0,"_bbp_total_reply_count":0,"_bbp_voice_count":0,"_bbp_anonymous_reply_count":0,"_bbp_topic_count_hidden":0,"_bbp_reply_count_hidden":0,"_bbp_forum_subforum_count":0,"footnotes":""},"categories":[8,30,117,3,118,1,29],"tags":[],"class_list":["post-2708","post","type-post","status-publish","format-standard","hentry","category-batxillerat","category-cicles-formatius","category-covid19","category-eso","category-families","category-general","category-portada"],"post_mailing_queue_ids":[],"_links":{"self":[{"href":"https:\/\/agora.xtec.cat\/ies-baix-montseny\/wp-json\/wp\/v2\/posts\/2708","targetHints":{"allow":["GET"]}}],"collection":[{"href":"https:\/\/agora.xtec.cat\/ies-baix-montseny\/wp-json\/wp\/v2\/posts"}],"about":[{"href":"https:\/\/agora.xtec.cat\/ies-baix-montseny\/wp-json\/wp\/v2\/types\/post"}],"author":[{"embeddable":true,"href":"https:\/\/agora.xtec.cat\/ies-baix-montseny\/wp-json\/wp\/v2\/users\/7"}],"replies":[{"embeddable":true,"href":"https:\/\/agora.xtec.cat\/ies-baix-montseny\/wp-json\/wp\/v2\/comments?post=2708"}],"version-history":[{"count":1,"href":"https:\/\/agora.xtec.cat\/ies-baix-montseny\/wp-json\/wp\/v2\/posts\/2708\/revisions"}],"predecessor-version":[{"id":2711,"href":"https:\/\/agora.xtec.cat\/ies-baix-montseny\/wp-json\/wp\/v2\/posts\/2708\/revisions\/2711"}],"wp:attachment":[{"href":"https:\/\/agora.xtec.cat\/ies-baix-montseny\/wp-json\/wp\/v2\/media?parent=2708"}],"wp:term":[{"taxonomy":"category","embeddable":true,"href":"https:\/\/agora.xtec.cat\/ies-baix-montseny\/wp-json\/wp\/v2\/categories?post=2708"},{"taxonomy":"post_tag","embeddable":true,"href":"https:\/\/agora.xtec.cat\/ies-baix-montseny\/wp-json\/wp\/v2\/tags?post=2708"}],"curies":[{"name":"wp","href":"https:\/\/api.w.org\/{rel}","templated":true}]}}