{"id":2615,"date":"2020-03-16T13:42:13","date_gmt":"2020-03-16T12:42:13","guid":{"rendered":"http:\/\/agora.xtec.cat\/ies-baix-montseny\/?p=2615"},"modified":"2020-04-04T11:55:20","modified_gmt":"2020-04-04T09:55:20","slug":"informacio-pla-de-treball","status":"publish","type":"post","link":"https:\/\/agora.xtec.cat\/ies-baix-montseny\/general\/informacio-pla-de-treball\/","title":{"rendered":"INFORMACI\u00d3 PLA DE TREBALL"},"content":{"rendered":"<div class=\"gmail_default\">Benvolgudes fam\u00edlies,<\/div>\n<div class=\"gmail_default\"><\/div>\n<div class=\"gmail_default\">Per tal que durant aquests dies de confinament l&#8217;alumnat pugui continuar treballant i avan\u00e7ant en el seu proc\u00e9s d&#8217;aprenentatge, el professorat del centre est\u00e0 preparant activitats formadores i no qualificadores organitzades en un pla de treball setmanal per nivells.<\/div>\n<div class=\"gmail_default\"><\/div>\n<div class=\"gmail_default\">Perqu\u00e8 es pugui comen\u00e7ar dem\u00e0 dimarts 17, s&#8217;enviar\u00e0 quest pla de treball setmanal a les fam\u00edlies, als alumnes i es publicar\u00e0 a la web del centre durant el dia d&#8217;avui. El pla de treball per l&#8217;alumnat de cicles comen\u00e7ar\u00e0 dimecres 18.<\/div>\n<div class=\"gmail_default\"><\/div>\n<div class=\"gmail_default\">\u00c9s recomanable seguir una rutina, fer-se un horari, per fer m\u00e9s f\u00e0cil estar recl\u00f2s sense poder sortir, ni fer activitats f\u00edsiques, ni veure els amics,&#8230;<\/div>\n<div class=\"gmail_default\"><\/div>\n<div class=\"gmail_default\">El professorat, en la franja de\u00a0\u00a0<strong>de 9 a 13h i de dilluns a divendres,<\/strong> estar\u00e0 disponible per tal de resoldre dubtes, fer seguiment, acompanyar l&#8217;alumnat que ho necessiti. Es podr\u00e0 contactar amb ell via correu (tindreu un pdf amb tots els correus del professorat a la web) o com el professor\/a us indiqui.<\/div>\n<div class=\"gmail_default\"><\/div>\n<div class=\"gmail_default\">Continuem treballant en benefici del nostres alumnes.<\/div>\n<div class=\"gmail_default\">Gr\u00e0cies per la vostra comprensi\u00f3.<\/div>\n<div class=\"gmail_default\"><\/div>\n<div class=\"gmail_default\">Molts \u00e0nims i molta salut,<\/div>\n","protected":false},"excerpt":{"rendered":"<p>Benvolgudes fam\u00edlies,<\/p>\n<p>Per tal que durant aquests dies de confinament l&#8217;alumnat pugui continuar treballant i avan\u00e7ant en el seu proc\u00e9s d&#8217;aprenentatge, el professorat del centre est\u00e0 preparant activitats formadores i no qualificadores organitzades en un pla de treball setmanal per nivells.<\/p>\n<p>Perqu\u00e8 es pugui comen\u00e7ar dem\u00e0 dimarts&hellip;  <a href=\"https:\/\/agora.xtec.cat\/ies-baix-montseny\/general\/informacio-pla-de-treball\/\" title=\"Read INFORMACI\u00d3 PLA DE TREBALL\">Llegeix m\u00e9s\u00bb<\/a><\/p>\n","protected":false},"author":1,"featured_media":0,"comment_status":"open","ping_status":"closed","sticky":false,"template":"","format":"standard","meta":{"_bbp_topic_count":0,"_bbp_reply_count":0,"_bbp_total_topic_count":0,"_bbp_total_reply_count":0,"_bbp_voice_count":0,"_bbp_anonymous_reply_count":0,"_bbp_topic_count_hidden":0,"_bbp_reply_count_hidden":0,"_bbp_forum_subforum_count":0,"footnotes":""},"categories":[117,1,29],"tags":[],"class_list":["post-2615","post","type-post","status-publish","format-standard","hentry","category-covid19","category-general","category-portada"],"post_mailing_queue_ids":[],"_links":{"self":[{"href":"https:\/\/agora.xtec.cat\/ies-baix-montseny\/wp-json\/wp\/v2\/posts\/2615","targetHints":{"allow":["GET"]}}],"collection":[{"href":"https:\/\/agora.xtec.cat\/ies-baix-montseny\/wp-json\/wp\/v2\/posts"}],"about":[{"href":"https:\/\/agora.xtec.cat\/ies-baix-montseny\/wp-json\/wp\/v2\/types\/post"}],"author":[{"embeddable":true,"href":"https:\/\/agora.xtec.cat\/ies-baix-montseny\/wp-json\/wp\/v2\/users\/1"}],"replies":[{"embeddable":true,"href":"https:\/\/agora.xtec.cat\/ies-baix-montseny\/wp-json\/wp\/v2\/comments?post=2615"}],"version-history":[{"count":1,"href":"https:\/\/agora.xtec.cat\/ies-baix-montseny\/wp-json\/wp\/v2\/posts\/2615\/revisions"}],"predecessor-version":[{"id":2616,"href":"https:\/\/agora.xtec.cat\/ies-baix-montseny\/wp-json\/wp\/v2\/posts\/2615\/revisions\/2616"}],"wp:attachment":[{"href":"https:\/\/agora.xtec.cat\/ies-baix-montseny\/wp-json\/wp\/v2\/media?parent=2615"}],"wp:term":[{"taxonomy":"category","embeddable":true,"href":"https:\/\/agora.xtec.cat\/ies-baix-montseny\/wp-json\/wp\/v2\/categories?post=2615"},{"taxonomy":"post_tag","embeddable":true,"href":"https:\/\/agora.xtec.cat\/ies-baix-montseny\/wp-json\/wp\/v2\/tags?post=2615"}],"curies":[{"name":"wp","href":"https:\/\/api.w.org\/{rel}","templated":true}]}}