{"id":2601,"date":"2020-03-12T14:43:28","date_gmt":"2020-03-12T13:43:28","guid":{"rendered":"http:\/\/agora.xtec.cat\/ies-baix-montseny\/?p=2601"},"modified":"2020-04-04T11:56:35","modified_gmt":"2020-04-04T09:56:35","slug":"lajuntament-de-sant-celoni-informa","status":"publish","type":"post","link":"https:\/\/agora.xtec.cat\/ies-baix-montseny\/general\/lajuntament-de-sant-celoni-informa\/","title":{"rendered":"L&#8217;AJUNTAMENT DE SANT CELONI INFORMA"},"content":{"rendered":"<p style=\"font-weight: 400;\">Pel vostre coneixement, i\u00a0 seguint les indicacions de la Generalitat de Catalunya per contenir la propagaci\u00f3 del Coronavirus, l\u2019Ajuntament de Sant Celoni ha activat el Pla de Protecci\u00f3 Civil Municipal (DUPROCIM) en fase d\u2019alerta i ha pres les mesures seg\u00fcents vigents a partir de divendres 13 de mar\u00e7 i durant 15 dies:<\/p>\n<p style=\"font-weight: 400;\">&#8211;\u00a0\u00a0\u00a0\u00a0\u00a0\u00a0\u00a0\u00a0\u00a0Tancament dels equipaments municipals seg\u00fcents: Biblioteca l\u2019Escorxador, Can Ramis i Sala Bernat Martorell, Oficina de Turisme, Casal d\u2019Avis, local Associaci\u00f3 Neurol\u00f2gica, Sales d\u2019Exposicions de la Rectoria Vella i de Can Ramis, Uni\u00f3 Batllorienca (servei OAC mantindr\u00e0 l\u2019atenci\u00f3 ciutadana), Les Casetes.<\/p>\n<p style=\"font-weight: 400;\">&#8211;\u00a0\u00a0\u00a0\u00a0\u00a0\u00a0\u00a0\u00a0\u00a0Tancament de les instal\u00b7lacions esportives municipals: Pavell\u00f3 11 de Setembre, Camp Municipal d\u2019Esports 11 de Setembre, Pistes d\u2019Atletisme, Camp de Tir amb arc, Pavell\u00f3 Sot de les Granotes, Pistes de petanca i Camp de Futbol de la Batll\u00f2ria<\/p>\n<p style=\"font-weight: 400;\">&#8211;\u00a0\u00a0\u00a0\u00a0\u00a0\u00a0\u00a0\u00a0\u00a0Ajornament dels assajos i espectacles programats al Teatre Ateneu<\/p>\n<p style=\"font-weight: 400;\">&#8211;\u00a0\u00a0\u00a0\u00a0\u00a0\u00a0\u00a0\u00a0\u00a0Suspensi\u00f3 del mercat setmanal dels dimecres 18 i 25 de mar\u00e7<\/p>\n<p style=\"font-weight: 400;\">Aquestes mesures excepcionals es dur\u00e0 a terme mentre duri la fase d\u2019alerta per la propagaci\u00f3 del coronavirus i s\u2019aniran adaptant a les noves indicacions de les autoritats sanit\u00e0ries. A nivell general es demana a la poblaci\u00f3 que en la mesura del possible es mantingui a casa. Per a gestions amb l\u2019administraci\u00f3, es recomana utilitzar les consultes telef\u00f2niques i la tramitaci\u00f3 per Internet.<\/p>\n<p style=\"font-weight: 400;\">L\u2019Ajuntament de Sant Celoni vol transmetre un missatge de tranquil\u00b7litat a la ciutadania i continuar\u00e0 actualitzant la informaci\u00f3. Per resoldre dubtes i per seguir l&#8217;actualitat, cal seguir el web del\u00a0<a href=\"http:\/\/canalsalut.gencat.cat\/ca\/inici\" data-saferedirecturl=\"https:\/\/www.google.com\/url?q=http:\/\/canalsalut.gencat.cat\/ca\/inici&amp;source=gmail&amp;ust=1584106875986000&amp;usg=AFQjCNGjh5LAnEK2QQBdIKaJWiXUYRRv2A\">Departament de Salut.<\/a><\/p>\n","protected":false},"excerpt":{"rendered":"<p>Pel vostre coneixement, i\u00a0 seguint les indicacions de la Generalitat de Catalunya per contenir la propagaci\u00f3 del Coronavirus, l\u2019Ajuntament de Sant Celoni ha activat el Pla de Protecci\u00f3 Civil Municipal (DUPROCIM) en fase d\u2019alerta i ha pres les mesures seg\u00fcents vigents a partir de divendres&hellip;  <a href=\"https:\/\/agora.xtec.cat\/ies-baix-montseny\/general\/lajuntament-de-sant-celoni-informa\/\" title=\"Read L&#8217;AJUNTAMENT DE SANT CELONI INFORMA\">Llegeix m\u00e9s\u00bb<\/a><\/p>\n","protected":false},"author":1,"featured_media":0,"comment_status":"open","ping_status":"closed","sticky":false,"template":"","format":"standard","meta":{"_bbp_topic_count":0,"_bbp_reply_count":0,"_bbp_total_topic_count":0,"_bbp_total_reply_count":0,"_bbp_voice_count":0,"_bbp_anonymous_reply_count":0,"_bbp_topic_count_hidden":0,"_bbp_reply_count_hidden":0,"_bbp_forum_subforum_count":0,"footnotes":""},"categories":[117,1,29],"tags":[],"class_list":["post-2601","post","type-post","status-publish","format-standard","hentry","category-covid19","category-general","category-portada"],"post_mailing_queue_ids":[],"_links":{"self":[{"href":"https:\/\/agora.xtec.cat\/ies-baix-montseny\/wp-json\/wp\/v2\/posts\/2601","targetHints":{"allow":["GET"]}}],"collection":[{"href":"https:\/\/agora.xtec.cat\/ies-baix-montseny\/wp-json\/wp\/v2\/posts"}],"about":[{"href":"https:\/\/agora.xtec.cat\/ies-baix-montseny\/wp-json\/wp\/v2\/types\/post"}],"author":[{"embeddable":true,"href":"https:\/\/agora.xtec.cat\/ies-baix-montseny\/wp-json\/wp\/v2\/users\/1"}],"replies":[{"embeddable":true,"href":"https:\/\/agora.xtec.cat\/ies-baix-montseny\/wp-json\/wp\/v2\/comments?post=2601"}],"version-history":[{"count":1,"href":"https:\/\/agora.xtec.cat\/ies-baix-montseny\/wp-json\/wp\/v2\/posts\/2601\/revisions"}],"predecessor-version":[{"id":2602,"href":"https:\/\/agora.xtec.cat\/ies-baix-montseny\/wp-json\/wp\/v2\/posts\/2601\/revisions\/2602"}],"wp:attachment":[{"href":"https:\/\/agora.xtec.cat\/ies-baix-montseny\/wp-json\/wp\/v2\/media?parent=2601"}],"wp:term":[{"taxonomy":"category","embeddable":true,"href":"https:\/\/agora.xtec.cat\/ies-baix-montseny\/wp-json\/wp\/v2\/categories?post=2601"},{"taxonomy":"post_tag","embeddable":true,"href":"https:\/\/agora.xtec.cat\/ies-baix-montseny\/wp-json\/wp\/v2\/tags?post=2601"}],"curies":[{"name":"wp","href":"https:\/\/api.w.org\/{rel}","templated":true}]}}