{"id":2593,"date":"2020-03-06T23:02:42","date_gmt":"2020-03-06T22:02:42","guid":{"rendered":"http:\/\/agora.xtec.cat\/ies-baix-montseny\/?p=2593"},"modified":"2020-03-06T23:02:42","modified_gmt":"2020-03-06T22:02:42","slug":"comunicat-families-3r-deso-intercanvis","status":"publish","type":"post","link":"https:\/\/agora.xtec.cat\/ies-baix-montseny\/general\/comunicat-families-3r-deso-intercanvis\/","title":{"rendered":"Comunicat fam\u00edlies 3r d&#8217;ESO &#8211; INTERCANVIS"},"content":{"rendered":"<p>Benvolgudes fam\u00edlies,<\/p>\n<div>Ens sap greu comunicar-vos que l&#8217;escola francesa ha decidit anul\u00b7lar completament l&#8217;intercanvi que ten\u00edem amb ells aquest curs degut a l&#8217;epid\u00e8mia de Coronavirus, ja que a Fran\u00e7a el Ministeri de Sanitat ha prohibit tots els viatges escolars.<\/div>\n<div>En relaci\u00f3 al viatge d&#8217;intercanvi a Alemanya, tant l&#8217;organitzaci\u00f3 intermedi\u00e0ria com els dos instituts participants han valorat els riscs que suposa aquest viatge en aquests moments i han decidit no anar-hi durant les dates previstes.<\/div>\n<div><\/div>\n<div>Per tal de tractar aquest tema, us convoquem a una reuni\u00f3 el proper\u00a0<b>dijous 12 de mar\u00e7<\/b>\u00a0<b>a les 18h a la sala d&#8217;actes<\/b>, per resoldre dubtes sobre els intercanvis i presentar-vos la possible alternativa de realitzar col\u00f2nies durant 3 dies (del 30 de mar\u00e7 a l&#8217;1 d&#8217;abril).<\/div>\n","protected":false},"excerpt":{"rendered":"<p>Benvolgudes fam\u00edlies,<br \/>\nEns sap greu comunicar-vos que l&#8217;escola francesa ha decidit anul\u00b7lar completament l&#8217;intercanvi que ten\u00edem amb ells aquest curs degut a l&#8217;epid\u00e8mia de Coronavirus, ja que a Fran\u00e7a el Ministeri de Sanitat ha prohibit tots els viatges escolars.<br \/>\nEn relaci\u00f3 al viatge d&#8217;intercanvi a Alemanya, tant&hellip;  <a href=\"https:\/\/agora.xtec.cat\/ies-baix-montseny\/general\/comunicat-families-3r-deso-intercanvis\/\" title=\"Read Comunicat fam\u00edlies 3r d&#8217;ESO &#8211; INTERCANVIS\">Llegeix m\u00e9s\u00bb<\/a><\/p>\n","protected":false},"author":1,"featured_media":0,"comment_status":"open","ping_status":"closed","sticky":false,"template":"","format":"standard","meta":{"_bbp_topic_count":0,"_bbp_reply_count":0,"_bbp_total_topic_count":0,"_bbp_total_reply_count":0,"_bbp_voice_count":0,"_bbp_anonymous_reply_count":0,"_bbp_topic_count_hidden":0,"_bbp_reply_count_hidden":0,"_bbp_forum_subforum_count":0,"footnotes":""},"categories":[6,1,29],"tags":[],"class_list":["post-2593","post","type-post","status-publish","format-standard","hentry","category-eso-3","category-general","category-portada"],"post_mailing_queue_ids":[],"_links":{"self":[{"href":"https:\/\/agora.xtec.cat\/ies-baix-montseny\/wp-json\/wp\/v2\/posts\/2593","targetHints":{"allow":["GET"]}}],"collection":[{"href":"https:\/\/agora.xtec.cat\/ies-baix-montseny\/wp-json\/wp\/v2\/posts"}],"about":[{"href":"https:\/\/agora.xtec.cat\/ies-baix-montseny\/wp-json\/wp\/v2\/types\/post"}],"author":[{"embeddable":true,"href":"https:\/\/agora.xtec.cat\/ies-baix-montseny\/wp-json\/wp\/v2\/users\/1"}],"replies":[{"embeddable":true,"href":"https:\/\/agora.xtec.cat\/ies-baix-montseny\/wp-json\/wp\/v2\/comments?post=2593"}],"version-history":[{"count":1,"href":"https:\/\/agora.xtec.cat\/ies-baix-montseny\/wp-json\/wp\/v2\/posts\/2593\/revisions"}],"predecessor-version":[{"id":2594,"href":"https:\/\/agora.xtec.cat\/ies-baix-montseny\/wp-json\/wp\/v2\/posts\/2593\/revisions\/2594"}],"wp:attachment":[{"href":"https:\/\/agora.xtec.cat\/ies-baix-montseny\/wp-json\/wp\/v2\/media?parent=2593"}],"wp:term":[{"taxonomy":"category","embeddable":true,"href":"https:\/\/agora.xtec.cat\/ies-baix-montseny\/wp-json\/wp\/v2\/categories?post=2593"},{"taxonomy":"post_tag","embeddable":true,"href":"https:\/\/agora.xtec.cat\/ies-baix-montseny\/wp-json\/wp\/v2\/tags?post=2593"}],"curies":[{"name":"wp","href":"https:\/\/api.w.org\/{rel}","templated":true}]}}