{"id":2582,"date":"2020-02-28T14:33:44","date_gmt":"2020-02-28T13:33:44","guid":{"rendered":"http:\/\/agora.xtec.cat\/ies-baix-montseny\/?p=2582"},"modified":"2020-02-28T14:33:44","modified_gmt":"2020-02-28T13:33:44","slug":"comunicat-del-departament-deducacio-en-relacio-al-coronavirus","status":"publish","type":"post","link":"https:\/\/agora.xtec.cat\/ies-baix-montseny\/general\/comunicat-del-departament-deducacio-en-relacio-al-coronavirus\/","title":{"rendered":"COMUNICAT DEL DEPARTAMENT D&#8217;EDUCACI\u00d3 EN RELACI\u00d3 AL CORONAVIRUS"},"content":{"rendered":"<p style=\"font-weight: 400;\">Davant les peticions que ens han fet arribar diversos centres educatius p\u00fablics, concertats i privats del nostre pa\u00eds, en relaci\u00f3 al coronavirus, el Departament d\u2019Educaci\u00f3 informa que:<\/p>\n<ol style=\"font-weight: 400;\">\n<li>El Departament d\u2019Educaci\u00f3 est\u00e0 en contacte permanent amb el Departament de Salut i l\u2019Ag\u00e8ncia de Salut P\u00fablica.<\/li>\n<li>D\u2019acord amb les recomanacions de les autoritats sanit\u00e0ries, el Departament d\u2019Educaci\u00f3 recorda que els centres educatius han de contactar amb el 061 davant de qualsevol dubte relacionat amb aquesta q\u00fcesti\u00f3, especialment en el cas que una persona presenti una infecci\u00f3 respirat\u00f2ria i que hagi viatjat a la Xina, Corea del Sud, Iran, Jap\u00f3, Singapur o les regions italianes de Piemont, V\u00e8neto, Llombardia i Emilia Romagna o que quedi provat que hagi estat en contacte amb una persona infectada pel virus.<\/li>\n<li>Com a principi general, es recomana no viatjar als pa\u00efsos i a les regions abans esmentades mentre les autoritats sanit\u00e0ries d\u2019aquests pa\u00efsos no aixequin les mesures de control que actualment estan duent a terme o les autoritats internacionals emetin noves recomanacions.<\/li>\n<\/ol>\n<p style=\"font-weight: 400;\">Per a m\u00e9s informaci\u00f3 sobre el coronavirus, consulteu aquest enlla\u00e7 del Canal Salut:\u00a0<a href=\"http:\/\/canalsalut.gencat.cat\/coronavirus\" data-saferedirecturl=\"https:\/\/www.google.com\/url?q=http:\/\/canalsalut.gencat.cat\/coronavirus&amp;source=gmail&amp;ust=1582982630625000&amp;usg=AFQjCNHGRvk5am-nAkVbg_bGQzHeoSkBmQ\">canalsalut.gencat.cat\/coronavirus<\/a><\/p>\n<p style=\"font-weight: 400;\"><em><strong>\u00a0<\/strong><\/em><em><strong>26 de febrer de 2020<\/strong><\/em><\/p>\n<p>&nbsp;<\/p>\n<p><a href=\"https:\/\/agora.xtec.cat\/ies-baix-montseny\/wp-content\/uploads\/usu1288\/2020\/02\/200210135906-coronavirus-cell-full-169.jpg\"><img loading=\"lazy\" decoding=\"async\" class=\"alignnone size-full wp-image-2583\" src=\"https:\/\/agora.xtec.cat\/ies-baix-montseny\/wp-content\/uploads\/usu1288\/2020\/02\/200210135906-coronavirus-cell-full-169.jpg\" alt=\"\" width=\"460\" height=\"260\" srcset=\"https:\/\/agora.xtec.cat\/ies-baix-montseny\/wp-content\/uploads\/usu1288\/2020\/02\/200210135906-coronavirus-cell-full-169.jpg 460w, https:\/\/agora.xtec.cat\/ies-baix-montseny\/wp-content\/uploads\/usu1288\/2020\/02\/200210135906-coronavirus-cell-full-169-300x170.jpg 300w\" sizes=\"auto, (max-width: 460px) 100vw, 460px\" \/><\/a><\/p>\n","protected":false},"excerpt":{"rendered":"<p>Davant les peticions que ens han fet arribar diversos centres educatius p\u00fablics, concertats i privats del nostre pa\u00eds, en relaci\u00f3 al coronavirus, el Departament d\u2019Educaci\u00f3 informa que:<\/p>\n<ol style=\"font-weight: 400;\">\n<li>El Departament d\u2019Educaci\u00f3 est\u00e0 en contacte permanent amb el Departament de Salut i l\u2019Ag\u00e8ncia de Salut P\u00fablica.<\/li>\n<li>D\u2019acord&hellip;  <a href=\"https:\/\/agora.xtec.cat\/ies-baix-montseny\/general\/comunicat-del-departament-deducacio-en-relacio-al-coronavirus\/\" title=\"Read COMUNICAT DEL DEPARTAMENT D&#8217;EDUCACI\u00d3 EN RELACI\u00d3 AL CORONAVIRUS\">Llegeix m\u00e9s\u00bb<\/a><br \/>\n","protected":false},"author":7,"featured_media":2583,"comment_status":"open","ping_status":"closed","sticky":false,"template":"","format":"standard","meta":{"_bbp_topic_count":0,"_bbp_reply_count":0,"_bbp_total_topic_count":0,"_bbp_total_reply_count":0,"_bbp_voice_count":0,"_bbp_anonymous_reply_count":0,"_bbp_topic_count_hidden":0,"_bbp_reply_count_hidden":0,"_bbp_forum_subforum_count":0,"footnotes":""},"categories":[1,29],"tags":[],"class_list":["post-2582","post","type-post","status-publish","format-standard","has-post-thumbnail","hentry","category-general","category-portada"],"post_mailing_queue_ids":[],"_links":{"self":[{"href":"https:\/\/agora.xtec.cat\/ies-baix-montseny\/wp-json\/wp\/v2\/posts\/2582","targetHints":{"allow":["GET"]}}],"collection":[{"href":"https:\/\/agora.xtec.cat\/ies-baix-montseny\/wp-json\/wp\/v2\/posts"}],"about":[{"href":"https:\/\/agora.xtec.cat\/ies-baix-montseny\/wp-json\/wp\/v2\/types\/post"}],"author":[{"embeddable":true,"href":"https:\/\/agora.xtec.cat\/ies-baix-montseny\/wp-json\/wp\/v2\/users\/7"}],"replies":[{"embeddable":true,"href":"https:\/\/agora.xtec.cat\/ies-baix-montseny\/wp-json\/wp\/v2\/comments?post=2582"}],"version-history":[{"count":1,"href":"https:\/\/agora.xtec.cat\/ies-baix-montseny\/wp-json\/wp\/v2\/posts\/2582\/revisions"}],"predecessor-version":[{"id":2584,"href":"https:\/\/agora.xtec.cat\/ies-baix-montseny\/wp-json\/wp\/v2\/posts\/2582\/revisions\/2584"}],"wp:featuredmedia":[{"embeddable":true,"href":"https:\/\/agora.xtec.cat\/ies-baix-montseny\/wp-json\/wp\/v2\/media\/2583"}],"wp:attachment":[{"href":"https:\/\/agora.xtec.cat\/ies-baix-montseny\/wp-json\/wp\/v2\/media?parent=2582"}],"wp:term":[{"taxonomy":"category","embeddable":true,"href":"https:\/\/agora.xtec.cat\/ies-baix-montseny\/wp-json\/wp\/v2\/categories?post=2582"},{"taxonomy":"post_tag","embeddable":true,"href":"https:\/\/agora.xtec.cat\/ies-baix-montseny\/wp-json\/wp\/v2\/tags?post=2582"}],"curies":[{"name":"wp","href":"https:\/\/api.w.org\/{rel}","templated":true}]}}