{"id":2547,"date":"2020-02-11T12:41:15","date_gmt":"2020-02-11T11:41:15","guid":{"rendered":"http:\/\/agora.xtec.cat\/ies-baix-montseny\/?p=2547"},"modified":"2020-02-11T12:41:15","modified_gmt":"2020-02-11T11:41:15","slug":"portes-obertes-2","status":"publish","type":"post","link":"https:\/\/agora.xtec.cat\/ies-baix-montseny\/general\/portes-obertes-2\/","title":{"rendered":"PORTES OBERTES"},"content":{"rendered":"<p>Benvolguts pares, mares i tutors legals,<\/p>\n<p>Us comuniquem que el proper <strong>dimarts 3 de mar\u00e7,<\/strong> a les <strong>18:00 hores,<\/strong> tindr\u00e0 lloc la jornada de portes obertes de l\u2019INS Baix Montseny per a pares i mares d\u2019alumnes de 6\u00e8 de prim\u00e0ria, en la qual us explicarem el projecte educatiu de l\u2019institut, veureu activitats que realitzem al centre i us aclarirem els dubtes que pugueu tenir.<\/p>\n<p>Pel que fa a les portes obertes de postobligat\u00f2ria, seran m\u00e9s endavant per\u00f2 ja us avancem que es faran el<strong>\u00a0dissabte 25 d&#8217;abril<\/strong>\u00a0a les\u00a0<strong>10 hores<\/strong>\u00a0a l\u2019Institut Baix Montseny, farem les portes obertes de postobligat\u00f2ria. Us explicarem el projecte educatiu i el funcionament del Batxillerat i els Cicles Formatius que oferim a l\u2019Institut:<\/p>\n<ul>\n<li>BATXILLERAT (3 modalitats): Humanitats, Ci\u00e8ncies Socials i Ci\u00e8ncies i Tecnologia<\/li>\n<li>Gesti\u00f3 Administrativa<\/li>\n<li>Manteniment Electromec\u00e0nic<\/li>\n<li>Qu\u00edmica Industrial (FP DUAL)<\/li>\n<li>CFGS Mecatr\u00f2nica Industrial (FP DUAL)<\/li>\n<\/ul>\n<p>Volem recordar que la vostra assist\u00e8ncia \u00e9s molt important per tal que conegueu de primera m\u00e0 tota la informaci\u00f3 que fa refer\u00e8ncia a l\u2019educaci\u00f3 i l\u2019aprenentatge dels vostres fills\/es.<\/p>\n<p>Agra\u00efm per endavant la vostra assist\u00e8ncia. Us hi esperem a tots!!!<\/p>\n<p><a href=\"https:\/\/agora.xtec.cat\/ies-baix-montseny\/wp-content\/uploads\/usu1288\/2020\/02\/POSTIT.jpg\"><img loading=\"lazy\" decoding=\"async\" class=\"alignnone size-full wp-image-2551\" src=\"https:\/\/agora.xtec.cat\/ies-baix-montseny\/wp-content\/uploads\/usu1288\/2020\/02\/POSTIT.jpg\" alt=\"\" width=\"960\" height=\"720\" srcset=\"https:\/\/agora.xtec.cat\/ies-baix-montseny\/wp-content\/uploads\/usu1288\/2020\/02\/POSTIT.jpg 960w, https:\/\/agora.xtec.cat\/ies-baix-montseny\/wp-content\/uploads\/usu1288\/2020\/02\/POSTIT-300x225.jpg 300w, https:\/\/agora.xtec.cat\/ies-baix-montseny\/wp-content\/uploads\/usu1288\/2020\/02\/POSTIT-768x576.jpg 768w, https:\/\/agora.xtec.cat\/ies-baix-montseny\/wp-content\/uploads\/usu1288\/2020\/02\/POSTIT-200x150.jpg 200w\" sizes=\"auto, (max-width: 960px) 100vw, 960px\" \/><\/a><\/p>\n","protected":false},"excerpt":{"rendered":"<p>Benvolguts pares, mares i tutors legals,<br \/>\nUs comuniquem que el proper dimarts 3 de mar\u00e7, a les 18:00 hores, tindr\u00e0 lloc la jornada de portes obertes de l\u2019INS Baix Montseny per a pares i mares d\u2019alumnes de 6\u00e8 de prim\u00e0ria, en la qual us explicarem el&hellip;  <a href=\"https:\/\/agora.xtec.cat\/ies-baix-montseny\/general\/portes-obertes-2\/\" title=\"Read PORTES OBERTES\">Llegeix m\u00e9s\u00bb<\/a><\/p>\n","protected":false},"author":7,"featured_media":2551,"comment_status":"open","ping_status":"closed","sticky":false,"template":"","format":"standard","meta":{"_bbp_topic_count":0,"_bbp_reply_count":0,"_bbp_total_topic_count":0,"_bbp_total_reply_count":0,"_bbp_voice_count":0,"_bbp_anonymous_reply_count":0,"_bbp_topic_count_hidden":0,"_bbp_reply_count_hidden":0,"_bbp_forum_subforum_count":0,"footnotes":""},"categories":[64,8,30,3,1,29],"tags":[],"class_list":["post-2547","post","type-post","status-publish","format-standard","has-post-thumbnail","hentry","category-activitats","category-batxillerat","category-cicles-formatius","category-eso","category-general","category-portada"],"post_mailing_queue_ids":[],"_links":{"self":[{"href":"https:\/\/agora.xtec.cat\/ies-baix-montseny\/wp-json\/wp\/v2\/posts\/2547","targetHints":{"allow":["GET"]}}],"collection":[{"href":"https:\/\/agora.xtec.cat\/ies-baix-montseny\/wp-json\/wp\/v2\/posts"}],"about":[{"href":"https:\/\/agora.xtec.cat\/ies-baix-montseny\/wp-json\/wp\/v2\/types\/post"}],"author":[{"embeddable":true,"href":"https:\/\/agora.xtec.cat\/ies-baix-montseny\/wp-json\/wp\/v2\/users\/7"}],"replies":[{"embeddable":true,"href":"https:\/\/agora.xtec.cat\/ies-baix-montseny\/wp-json\/wp\/v2\/comments?post=2547"}],"version-history":[{"count":1,"href":"https:\/\/agora.xtec.cat\/ies-baix-montseny\/wp-json\/wp\/v2\/posts\/2547\/revisions"}],"predecessor-version":[{"id":2552,"href":"https:\/\/agora.xtec.cat\/ies-baix-montseny\/wp-json\/wp\/v2\/posts\/2547\/revisions\/2552"}],"wp:featuredmedia":[{"embeddable":true,"href":"https:\/\/agora.xtec.cat\/ies-baix-montseny\/wp-json\/wp\/v2\/media\/2551"}],"wp:attachment":[{"href":"https:\/\/agora.xtec.cat\/ies-baix-montseny\/wp-json\/wp\/v2\/media?parent=2547"}],"wp:term":[{"taxonomy":"category","embeddable":true,"href":"https:\/\/agora.xtec.cat\/ies-baix-montseny\/wp-json\/wp\/v2\/categories?post=2547"},{"taxonomy":"post_tag","embeddable":true,"href":"https:\/\/agora.xtec.cat\/ies-baix-montseny\/wp-json\/wp\/v2\/tags?post=2547"}],"curies":[{"name":"wp","href":"https:\/\/api.w.org\/{rel}","templated":true}]}}