{"id":2539,"date":"2020-02-04T10:15:02","date_gmt":"2020-02-04T09:15:02","guid":{"rendered":"http:\/\/agora.xtec.cat\/ies-baix-montseny\/?p=2539"},"modified":"2020-02-04T10:15:02","modified_gmt":"2020-02-04T09:15:02","slug":"proves-geso-2","status":"publish","type":"post","link":"https:\/\/agora.xtec.cat\/ies-baix-montseny\/general\/proves-geso-2\/","title":{"rendered":"PROVES GESO"},"content":{"rendered":"<p><a href=\"https:\/\/agora.xtec.cat\/ies-baix-montseny\/wp-content\/uploads\/usu1288\/2020\/02\/examen.jpeg\"><img loading=\"lazy\" decoding=\"async\" class=\"alignnone size-full wp-image-2542\" src=\"https:\/\/agora.xtec.cat\/ies-baix-montseny\/wp-content\/uploads\/usu1288\/2020\/02\/examen.jpeg\" alt=\"\" width=\"656\" height=\"370\" srcset=\"https:\/\/agora.xtec.cat\/ies-baix-montseny\/wp-content\/uploads\/usu1288\/2020\/02\/examen.jpeg 656w, https:\/\/agora.xtec.cat\/ies-baix-montseny\/wp-content\/uploads\/usu1288\/2020\/02\/examen-300x169.jpeg 300w\" sizes=\"auto, (max-width: 656px) 100vw, 656px\" \/><\/a><\/p>\n<p>Cada any es convoquen proves per a l&#8217;obtenci\u00f3 del t\u00edtol de graduat en educaci\u00f3 secund\u00e0ria obligat\u00f2ria, per als alumnes que no l&#8217;hagin obtingut en finalitzar l&#8217;etapa. En aquest apartat hi trobareu tota la informaci\u00f3 necess\u00e0ria per a l&#8217;organitzaci\u00f3 d&#8217;aquestes proves.<\/p>\n<p>Els tres\u00a0<strong>requisits<\/strong>\u00a0que han de reunir els alumnes per poder presentar-se a aquestes proves l\u2019any 2020 s\u00f3n:<\/p>\n<ol>\n<li>Haver finalitzat l&#8217;ESO l\u2019any 2018 o 2019.<\/li>\n<li>Tenir almenys 18 anys o complir-los dins de l&#8217;any 2020.<br \/>\nTamb\u00e9 hi pot conc\u00f3rrer l\u2019alumne\/a que faci els 17 anys l\u2019any 2020 sempre que compleixi alguna de les condicions seg\u00fcents:<br \/>\n&#8211; Tenir un contracte laboral que l\u2019impedeixi assistir al centre en r\u00e8gim ordinari.<br \/>\n&#8211; Trobar-se en proc\u00e9s d&#8217;obtenci\u00f3 d&#8217;un perm\u00eds de treball (alumnat estranger).<br \/>\n&#8211; Ser esportista d&#8217;alt rendiment.<\/li>\n<li>Haver cursat l\u2019ESO (el 4t curs incl\u00f2s) sense haver obtingut el t\u00edtol i amb un m\u00e0xim de cinc mat\u00e8ries suspeses.<\/li>\n<\/ol>\n<p>&nbsp;<\/p>\n<p>En aplicaci\u00f3 d\u2019aquests requisits, queden exclosos de les proves els alumnes inscrits per repetir 4t d\u2019ESO en el present curs 2019-2020. En canvi, hi poden conc\u00f3rrer els alumnes que estan matriculats a ensenyaments d&#8217;adults o a l&#8217;Institut Obert de Catalunya, sempre que compleixin els tres requisits abans esmentats.<\/p>\n<table border=\"1\" width=\"100%\" cellspacing=\"1\" cellpadding=\"3\">\n<tbody>\n<tr>\n<td colspan=\"2\" bgcolor=\"#eeeeee\"><strong>Calendari<\/strong><\/td>\n<\/tr>\n<tr>\n<td width=\"60%\">Publicaci\u00f3 al tauler d&#8217;anuncis del centre o al seu web dels continguts i els criteris d&#8217;avaluaci\u00f3 m\u00ednims exigibles per a la superaci\u00f3 de cadascuna de les mat\u00e8ries<\/td>\n<td>Abans d&#8217;obrir-se el per\u00edode d&#8217;inscripci\u00f3<\/td>\n<\/tr>\n<tr>\n<td>Termini de presentaci\u00f3 de sol\u00b7licituds d&#8217;inscripci\u00f3<\/td>\n<td>Del 3 al 14 de febrer de 2020<\/td>\n<\/tr>\n<tr>\n<td>Publicaci\u00f3 al tauler d\u2019anuncis del centre del calendari de les proves i de les llistes d&#8217;admesos i exclosos<\/td>\n<td>Entre el 17 i el 21 de febrer de 2020<\/td>\n<\/tr>\n<tr>\n<td>Termini de presentaci\u00f3 de reclamacions a les llistes d&#8217;admesos i exclosos<\/td>\n<td>Del 24 al 26 de febrer de 2020<\/td>\n<\/tr>\n<tr>\n<td>Realitzaci\u00f3 de les proves<\/td>\n<td>Durant el mes de mar\u00e7<\/td>\n<\/tr>\n<\/tbody>\n<\/table>\n<p>Les proves a l&#8217;Institut\u00a0 seran dimecres 4 de mar\u00e7 en el seg\u00fcent horari:<\/p>\n<ul>\n<li>9 a 10h : matem\u00e0tiques<\/li>\n<li>11 a 12h: castell\u00e0<\/li>\n<\/ul>\n<p>A continuaci\u00f3 us deixem el temari:<\/p>\n<p>LLENGUA CASTELLANA\u00a0 <a href=\"https:\/\/agora.xtec.cat\/ies-baix-montseny\/wp-content\/uploads\/usu1288\/2020\/02\/Contenidos-objetivos-y-criterios-GESO.pdf\">Contenidos, objetivos y criterios GESO<\/a><\/p>\n<p>MATEM\u00c0TIQUES\u00a0<a href=\"https:\/\/agora.xtec.cat\/ies-baix-montseny\/wp-content\/uploads\/usu1288\/2020\/02\/GESO-MTM-Temari.pdf\">GESO MTM Temari<\/a><\/p>\n","protected":false},"excerpt":{"rendered":"<p><a href=\"https:\/\/agora.xtec.cat\/ies-baix-montseny\/wp-content\/uploads\/usu1288\/2020\/02\/examen.jpeg\"><\/a><br \/>\nCada any es convoquen proves per a l&#8217;obtenci\u00f3 del t\u00edtol de graduat en educaci\u00f3 secund\u00e0ria obligat\u00f2ria, per als alumnes que no l&#8217;hagin obtingut en finalitzar l&#8217;etapa. En aquest apartat hi trobareu tota la informaci\u00f3 necess\u00e0ria per a l&#8217;organitzaci\u00f3 d&#8217;aquestes proves.<br \/>\nEls tres\u00a0requisits\u00a0que han de reunir&hellip;  <a href=\"https:\/\/agora.xtec.cat\/ies-baix-montseny\/general\/proves-geso-2\/\" title=\"Read PROVES GESO\">Llegeix m\u00e9s\u00bb<\/a><\/p>\n","protected":false},"author":7,"featured_media":2542,"comment_status":"open","ping_status":"closed","sticky":false,"template":"","format":"standard","meta":{"_bbp_topic_count":0,"_bbp_reply_count":0,"_bbp_total_topic_count":0,"_bbp_total_reply_count":0,"_bbp_voice_count":0,"_bbp_anonymous_reply_count":0,"_bbp_topic_count_hidden":0,"_bbp_reply_count_hidden":0,"_bbp_forum_subforum_count":0,"footnotes":""},"categories":[7,1,29],"tags":[],"class_list":["post-2539","post","type-post","status-publish","format-standard","has-post-thumbnail","hentry","category-eso-4","category-general","category-portada"],"post_mailing_queue_ids":[],"_links":{"self":[{"href":"https:\/\/agora.xtec.cat\/ies-baix-montseny\/wp-json\/wp\/v2\/posts\/2539","targetHints":{"allow":["GET"]}}],"collection":[{"href":"https:\/\/agora.xtec.cat\/ies-baix-montseny\/wp-json\/wp\/v2\/posts"}],"about":[{"href":"https:\/\/agora.xtec.cat\/ies-baix-montseny\/wp-json\/wp\/v2\/types\/post"}],"author":[{"embeddable":true,"href":"https:\/\/agora.xtec.cat\/ies-baix-montseny\/wp-json\/wp\/v2\/users\/7"}],"replies":[{"embeddable":true,"href":"https:\/\/agora.xtec.cat\/ies-baix-montseny\/wp-json\/wp\/v2\/comments?post=2539"}],"version-history":[{"count":1,"href":"https:\/\/agora.xtec.cat\/ies-baix-montseny\/wp-json\/wp\/v2\/posts\/2539\/revisions"}],"predecessor-version":[{"id":2543,"href":"https:\/\/agora.xtec.cat\/ies-baix-montseny\/wp-json\/wp\/v2\/posts\/2539\/revisions\/2543"}],"wp:featuredmedia":[{"embeddable":true,"href":"https:\/\/agora.xtec.cat\/ies-baix-montseny\/wp-json\/wp\/v2\/media\/2542"}],"wp:attachment":[{"href":"https:\/\/agora.xtec.cat\/ies-baix-montseny\/wp-json\/wp\/v2\/media?parent=2539"}],"wp:term":[{"taxonomy":"category","embeddable":true,"href":"https:\/\/agora.xtec.cat\/ies-baix-montseny\/wp-json\/wp\/v2\/categories?post=2539"},{"taxonomy":"post_tag","embeddable":true,"href":"https:\/\/agora.xtec.cat\/ies-baix-montseny\/wp-json\/wp\/v2\/tags?post=2539"}],"curies":[{"name":"wp","href":"https:\/\/api.w.org\/{rel}","templated":true}]}}