{"id":2526,"date":"2020-01-28T11:37:54","date_gmt":"2020-01-28T10:37:54","guid":{"rendered":"http:\/\/agora.xtec.cat\/ies-baix-montseny\/?p=2526"},"modified":"2020-01-28T11:38:40","modified_gmt":"2020-01-28T10:38:40","slug":"sortida-al-macba","status":"publish","type":"post","link":"https:\/\/agora.xtec.cat\/ies-baix-montseny\/general\/sortida-al-macba\/","title":{"rendered":"SORTIDA AL MACBA"},"content":{"rendered":"<p>Divendres passat els alumnes de 4t d&#8217;ESO de l&#8217;optativa de dibuix v\u00e0rem anar al MACBA.\u00a0 Sota el paradigma de l&#8217;art com a resposta, museu, docents i alumnes hem pogut construir un debat i pensament cr\u00edtic sobre la col.lecci\u00f3.<\/p>\n<p>A partir d&#8217;algunes de les obres exposades, s&#8217;han tocat temes com els discursos de la radicalitat de l&#8217;art des de l&#8217;est\u00e8tica relacional, el feminisme, la for\u00e7a de la imatge en l&#8217;espai p\u00fablic, el pensament cr\u00edtic al servei de la creaci\u00f3 i el pas a la contemporane\u00eftat.<\/p>\n<p><a href=\"https:\/\/agora.xtec.cat\/ies-baix-montseny\/wp-content\/uploads\/usu1288\/2020\/01\/20200128_112022.jpg\"><img loading=\"lazy\" decoding=\"async\" class=\"alignnone size-large wp-image-2527\" src=\"https:\/\/agora.xtec.cat\/ies-baix-montseny\/wp-content\/uploads\/usu1288\/2020\/01\/20200128_112022-1024x1024.jpg\" alt=\"\" width=\"1024\" height=\"1024\" srcset=\"https:\/\/agora.xtec.cat\/ies-baix-montseny\/wp-content\/uploads\/usu1288\/2020\/01\/20200128_112022-1024x1024.jpg 1024w, https:\/\/agora.xtec.cat\/ies-baix-montseny\/wp-content\/uploads\/usu1288\/2020\/01\/20200128_112022-150x150.jpg 150w, https:\/\/agora.xtec.cat\/ies-baix-montseny\/wp-content\/uploads\/usu1288\/2020\/01\/20200128_112022-300x300.jpg 300w, https:\/\/agora.xtec.cat\/ies-baix-montseny\/wp-content\/uploads\/usu1288\/2020\/01\/20200128_112022-768x768.jpg 768w\" sizes=\"auto, (max-width: 1024px) 100vw, 1024px\" \/><\/a><\/p>\n","protected":false},"excerpt":{"rendered":"<p>Divendres passat els alumnes de 4t d&#8217;ESO de l&#8217;optativa de dibuix v\u00e0rem anar al MACBA.\u00a0 Sota el paradigma de l&#8217;art com a resposta, museu, docents i alumnes hem pogut construir un debat i pensament cr\u00edtic sobre la col.lecci\u00f3.<br \/>\nA partir d&#8217;algunes de les obres exposades, s&#8217;han&hellip;  <a href=\"https:\/\/agora.xtec.cat\/ies-baix-montseny\/general\/sortida-al-macba\/\" title=\"Read SORTIDA AL MACBA\">Llegeix m\u00e9s\u00bb<\/a><\/p>\n","protected":false},"author":7,"featured_media":2527,"comment_status":"open","ping_status":"closed","sticky":false,"template":"","format":"standard","meta":{"_bbp_topic_count":0,"_bbp_reply_count":0,"_bbp_total_topic_count":0,"_bbp_total_reply_count":0,"_bbp_voice_count":0,"_bbp_anonymous_reply_count":0,"_bbp_topic_count_hidden":0,"_bbp_reply_count_hidden":0,"_bbp_forum_subforum_count":0,"footnotes":""},"categories":[7,64,3,1,29],"tags":[],"class_list":["post-2526","post","type-post","status-publish","format-standard","has-post-thumbnail","hentry","category-eso-4","category-activitats","category-eso","category-general","category-portada"],"post_mailing_queue_ids":[],"_links":{"self":[{"href":"https:\/\/agora.xtec.cat\/ies-baix-montseny\/wp-json\/wp\/v2\/posts\/2526","targetHints":{"allow":["GET"]}}],"collection":[{"href":"https:\/\/agora.xtec.cat\/ies-baix-montseny\/wp-json\/wp\/v2\/posts"}],"about":[{"href":"https:\/\/agora.xtec.cat\/ies-baix-montseny\/wp-json\/wp\/v2\/types\/post"}],"author":[{"embeddable":true,"href":"https:\/\/agora.xtec.cat\/ies-baix-montseny\/wp-json\/wp\/v2\/users\/7"}],"replies":[{"embeddable":true,"href":"https:\/\/agora.xtec.cat\/ies-baix-montseny\/wp-json\/wp\/v2\/comments?post=2526"}],"version-history":[{"count":1,"href":"https:\/\/agora.xtec.cat\/ies-baix-montseny\/wp-json\/wp\/v2\/posts\/2526\/revisions"}],"predecessor-version":[{"id":2528,"href":"https:\/\/agora.xtec.cat\/ies-baix-montseny\/wp-json\/wp\/v2\/posts\/2526\/revisions\/2528"}],"wp:featuredmedia":[{"embeddable":true,"href":"https:\/\/agora.xtec.cat\/ies-baix-montseny\/wp-json\/wp\/v2\/media\/2527"}],"wp:attachment":[{"href":"https:\/\/agora.xtec.cat\/ies-baix-montseny\/wp-json\/wp\/v2\/media?parent=2526"}],"wp:term":[{"taxonomy":"category","embeddable":true,"href":"https:\/\/agora.xtec.cat\/ies-baix-montseny\/wp-json\/wp\/v2\/categories?post=2526"},{"taxonomy":"post_tag","embeddable":true,"href":"https:\/\/agora.xtec.cat\/ies-baix-montseny\/wp-json\/wp\/v2\/tags?post=2526"}],"curies":[{"name":"wp","href":"https:\/\/api.w.org\/{rel}","templated":true}]}}