{"id":2515,"date":"2020-01-21T09:42:12","date_gmt":"2020-01-21T08:42:12","guid":{"rendered":"http:\/\/agora.xtec.cat\/ies-baix-montseny\/?p=2515"},"modified":"2020-01-21T09:51:33","modified_gmt":"2020-01-21T08:51:33","slug":"modificacio-reunio-intercanvi","status":"publish","type":"post","link":"https:\/\/agora.xtec.cat\/ies-baix-montseny\/general\/modificacio-reunio-intercanvi\/","title":{"rendered":"MODIFICACI\u00d3 REUNI\u00d3 INTERCANVI"},"content":{"rendered":"<p>Degut a la situaci\u00f3 meteorol\u00f2gica, la reuni\u00f3 de l&#8217;intercanvi de Fran\u00e7a i Alemanya que hi havia prevista per aquesta tarda, queda apla\u00e7ada a dimarts vinent a la mateixa\u00a0 hora. Aix\u00ed doncs la farem dimarts 28 de gener a les 17:30h.<\/p>\n<p><a href=\"https:\/\/agora.xtec.cat\/ies-baix-montseny\/wp-content\/uploads\/usu1288\/2020\/01\/nube.png\"><img loading=\"lazy\" decoding=\"async\" class=\"alignnone size-full wp-image-2516\" src=\"https:\/\/agora.xtec.cat\/ies-baix-montseny\/wp-content\/uploads\/usu1288\/2020\/01\/nube.png\" alt=\"\" width=\"775\" height=\"699\" srcset=\"https:\/\/agora.xtec.cat\/ies-baix-montseny\/wp-content\/uploads\/usu1288\/2020\/01\/nube.png 775w, https:\/\/agora.xtec.cat\/ies-baix-montseny\/wp-content\/uploads\/usu1288\/2020\/01\/nube-300x271.png 300w, https:\/\/agora.xtec.cat\/ies-baix-montseny\/wp-content\/uploads\/usu1288\/2020\/01\/nube-768x693.png 768w\" sizes=\"auto, (max-width: 775px) 100vw, 775px\" \/><\/a><\/p>\n","protected":false},"excerpt":{"rendered":"<p>Degut a la situaci\u00f3 meteorol\u00f2gica, la reuni\u00f3 de l&#8217;intercanvi de Fran\u00e7a i Alemanya que hi havia prevista per aquesta tarda, queda apla\u00e7ada a dimarts vinent a la mateixa\u00a0 hora. Aix\u00ed doncs la farem dimarts 28 de gener a les 17:30h.<br \/>\n<a href=\"https:\/\/agora.xtec.cat\/ies-baix-montseny\/wp-content\/uploads\/usu1288\/2020\/01\/nube.png\"><\/a><\/p>\n","protected":false},"author":7,"featured_media":2516,"comment_status":"open","ping_status":"closed","sticky":false,"template":"","format":"standard","meta":{"_bbp_topic_count":0,"_bbp_reply_count":0,"_bbp_total_topic_count":0,"_bbp_total_reply_count":0,"_bbp_voice_count":0,"_bbp_anonymous_reply_count":0,"_bbp_topic_count_hidden":0,"_bbp_reply_count_hidden":0,"_bbp_forum_subforum_count":0,"footnotes":""},"categories":[1,29],"tags":[],"class_list":["post-2515","post","type-post","status-publish","format-standard","has-post-thumbnail","hentry","category-general","category-portada"],"post_mailing_queue_ids":[],"_links":{"self":[{"href":"https:\/\/agora.xtec.cat\/ies-baix-montseny\/wp-json\/wp\/v2\/posts\/2515","targetHints":{"allow":["GET"]}}],"collection":[{"href":"https:\/\/agora.xtec.cat\/ies-baix-montseny\/wp-json\/wp\/v2\/posts"}],"about":[{"href":"https:\/\/agora.xtec.cat\/ies-baix-montseny\/wp-json\/wp\/v2\/types\/post"}],"author":[{"embeddable":true,"href":"https:\/\/agora.xtec.cat\/ies-baix-montseny\/wp-json\/wp\/v2\/users\/7"}],"replies":[{"embeddable":true,"href":"https:\/\/agora.xtec.cat\/ies-baix-montseny\/wp-json\/wp\/v2\/comments?post=2515"}],"version-history":[{"count":2,"href":"https:\/\/agora.xtec.cat\/ies-baix-montseny\/wp-json\/wp\/v2\/posts\/2515\/revisions"}],"predecessor-version":[{"id":2518,"href":"https:\/\/agora.xtec.cat\/ies-baix-montseny\/wp-json\/wp\/v2\/posts\/2515\/revisions\/2518"}],"wp:featuredmedia":[{"embeddable":true,"href":"https:\/\/agora.xtec.cat\/ies-baix-montseny\/wp-json\/wp\/v2\/media\/2516"}],"wp:attachment":[{"href":"https:\/\/agora.xtec.cat\/ies-baix-montseny\/wp-json\/wp\/v2\/media?parent=2515"}],"wp:term":[{"taxonomy":"category","embeddable":true,"href":"https:\/\/agora.xtec.cat\/ies-baix-montseny\/wp-json\/wp\/v2\/categories?post=2515"},{"taxonomy":"post_tag","embeddable":true,"href":"https:\/\/agora.xtec.cat\/ies-baix-montseny\/wp-json\/wp\/v2\/tags?post=2515"}],"curies":[{"name":"wp","href":"https:\/\/api.w.org\/{rel}","templated":true}]}}