{"id":2512,"date":"2020-01-20T11:04:37","date_gmt":"2020-01-20T10:04:37","guid":{"rendered":"http:\/\/agora.xtec.cat\/ies-baix-montseny\/?p=2512"},"modified":"2020-01-20T11:04:37","modified_gmt":"2020-01-20T10:04:37","slug":"meteorologia","status":"publish","type":"post","link":"https:\/\/agora.xtec.cat\/ies-baix-montseny\/general\/meteorologia\/","title":{"rendered":"METEOROLOGIA"},"content":{"rendered":"<p><span class=\"_5mfr\"><span class=\"_6qdm\">?<\/span><\/span><span class=\"_5mfr\"><span class=\"_6qdm\">?<\/span><\/span>Activats els plans\u00a0<a class=\"_58cn\" href=\"https:\/\/www.facebook.com\/hashtag\/neucat?source=feed_text&amp;epa=HASHTAG&amp;__xts__%5B0%5D=68.ARA7vImrsJXmRylZaSTsPPbD0PkR65jzC8ccMcVcMSiHLo8l4bImA7QLmouqPbFaTWMVncFaliEUaGneAjlH6DqriTQnb5d7COo4FC--Z8-2iKtjah4gUiJWJ7PLD0us1OViqShfvRPZYUYRIKCCOGe8ChuUFxsyR779ntGyCRdAvCjOHksjtoP9CWcAu1-b_y-BDTOGf47kNsLiaau3aOoLzupbmCt3C1tgehNWHpJN9DemaZjqlD2jaryXfEbhqE6XvViUXikgJ3HmECmyRngSHO7oPZVLz9bups9B2F6IdGsxaHxxWfhQIHGAqugsqXL5qdtgla22QuCt-SPPkTLMMg&amp;__tn__=%2ANK-R\" data-ft=\"{&quot;type&quot;:104,&quot;tn&quot;:&quot;*N&quot;}\"><span class=\"_5afx\"><span class=\"_58cl _5afz\" aria-label=\"hashtag\">#<\/span><span class=\"_58cm\">NEUCAT<\/span><\/span><\/a>\u00a0<span class=\"_5mfr\"><span class=\"_6qdm\">\u2744\ufe0f<\/span><\/span>\u00a0<a class=\"_58cn\" href=\"https:\/\/www.facebook.com\/hashtag\/ventcat?source=feed_text&amp;epa=HASHTAG&amp;__xts__%5B0%5D=68.ARA7vImrsJXmRylZaSTsPPbD0PkR65jzC8ccMcVcMSiHLo8l4bImA7QLmouqPbFaTWMVncFaliEUaGneAjlH6DqriTQnb5d7COo4FC--Z8-2iKtjah4gUiJWJ7PLD0us1OViqShfvRPZYUYRIKCCOGe8ChuUFxsyR779ntGyCRdAvCjOHksjtoP9CWcAu1-b_y-BDTOGf47kNsLiaau3aOoLzupbmCt3C1tgehNWHpJN9DemaZjqlD2jaryXfEbhqE6XvViUXikgJ3HmECmyRngSHO7oPZVLz9bups9B2F6IdGsxaHxxWfhQIHGAqugsqXL5qdtgla22QuCt-SPPkTLMMg&amp;__tn__=%2ANK-R\" data-ft=\"{&quot;type&quot;:104,&quot;tn&quot;:&quot;*N&quot;}\"><span class=\"_5afx\"><span class=\"_58cl _5afz\" aria-label=\"hashtag\">#<\/span><span class=\"_58cm\">VENTCAT<\/span><\/span><\/a>\u00a0<span class=\"_5mfr\"><span class=\"_6qdm\">?<\/span><\/span>\u00a0i\u00a0<a class=\"_58cn\" href=\"https:\/\/www.facebook.com\/hashtag\/inuncat?source=feed_text&amp;epa=HASHTAG&amp;__xts__%5B0%5D=68.ARA7vImrsJXmRylZaSTsPPbD0PkR65jzC8ccMcVcMSiHLo8l4bImA7QLmouqPbFaTWMVncFaliEUaGneAjlH6DqriTQnb5d7COo4FC--Z8-2iKtjah4gUiJWJ7PLD0us1OViqShfvRPZYUYRIKCCOGe8ChuUFxsyR779ntGyCRdAvCjOHksjtoP9CWcAu1-b_y-BDTOGf47kNsLiaau3aOoLzupbmCt3C1tgehNWHpJN9DemaZjqlD2jaryXfEbhqE6XvViUXikgJ3HmECmyRngSHO7oPZVLz9bups9B2F6IdGsxaHxxWfhQIHGAqugsqXL5qdtgla22QuCt-SPPkTLMMg&amp;__tn__=%2ANK-R\" data-ft=\"{&quot;type&quot;:104,&quot;tn&quot;:&quot;*N&quot;}\"><span class=\"_5afx\"><span class=\"_58cl _5afz\" aria-label=\"hashtag\">#<\/span><span class=\"_58cm\">INUNCAT<\/span><\/span><\/a>\u00a0<span class=\"_5mfr\"><span class=\"_6qdm\">?<\/span><\/span>en fase d&#8217;ALERTA.<br \/>\nMolt\u00edssima precauci\u00f3 per a la primera meitat de la setmana <span class=\"_5mfr\"><span class=\"_6qdm\">\u26a0\ufe0f<\/span><\/span>\u00a0Consulteu els mapes de previsi\u00f3 de NEU\u00a0<span class=\"_5mfr\"><span class=\"_6qdm\">\u2744<\/span><\/span> per avui dilluns<span class=\"_5mfr\"><span class=\"_6qdm\">?<\/span><\/span><\/p>\n<p>En cas d&#8217;agreujament de la situaci\u00f3 us mantindrem informats a trav\u00e9s de la web del centre i del correu electr\u00f2nic.<\/p>\n<p><a href=\"https:\/\/agora.xtec.cat\/ies-baix-montseny\/wp-content\/uploads\/usu1288\/2020\/01\/temps.jpg\"><img loading=\"lazy\" decoding=\"async\" class=\"alignnone size-full wp-image-2513\" src=\"https:\/\/agora.xtec.cat\/ies-baix-montseny\/wp-content\/uploads\/usu1288\/2020\/01\/temps.jpg\" alt=\"\" width=\"705\" height=\"960\" srcset=\"https:\/\/agora.xtec.cat\/ies-baix-montseny\/wp-content\/uploads\/usu1288\/2020\/01\/temps.jpg 705w, https:\/\/agora.xtec.cat\/ies-baix-montseny\/wp-content\/uploads\/usu1288\/2020\/01\/temps-220x300.jpg 220w\" sizes=\"auto, (max-width: 705px) 100vw, 705px\" \/><\/a><\/p>\n","protected":false},"excerpt":{"rendered":"<p>??Activats els plans\u00a0<a class=\"_58cn\" href=\"https:\/\/www.facebook.com\/hashtag\/neucat?source=feed_text&amp;epa=HASHTAG&amp;__xts__%5B0%5D=68.ARA7vImrsJXmRylZaSTsPPbD0PkR65jzC8ccMcVcMSiHLo8l4bImA7QLmouqPbFaTWMVncFaliEUaGneAjlH6DqriTQnb5d7COo4FC--Z8-2iKtjah4gUiJWJ7PLD0us1OViqShfvRPZYUYRIKCCOGe8ChuUFxsyR779ntGyCRdAvCjOHksjtoP9CWcAu1-b_y-BDTOGf47kNsLiaau3aOoLzupbmCt3C1tgehNWHpJN9DemaZjqlD2jaryXfEbhqE6XvViUXikgJ3HmECmyRngSHO7oPZVLz9bups9B2F6IdGsxaHxxWfhQIHGAqugsqXL5qdtgla22QuCt-SPPkTLMMg&amp;__tn__=%2ANK-R\" data-ft=\"{&quot;type&quot;:104,&quot;tn&quot;:&quot;*N&quot;}\">#NEUCAT<\/a>\u00a0\u2744\ufe0f\u00a0<a class=\"_58cn\" href=\"https:\/\/www.facebook.com\/hashtag\/ventcat?source=feed_text&amp;epa=HASHTAG&amp;__xts__%5B0%5D=68.ARA7vImrsJXmRylZaSTsPPbD0PkR65jzC8ccMcVcMSiHLo8l4bImA7QLmouqPbFaTWMVncFaliEUaGneAjlH6DqriTQnb5d7COo4FC--Z8-2iKtjah4gUiJWJ7PLD0us1OViqShfvRPZYUYRIKCCOGe8ChuUFxsyR779ntGyCRdAvCjOHksjtoP9CWcAu1-b_y-BDTOGf47kNsLiaau3aOoLzupbmCt3C1tgehNWHpJN9DemaZjqlD2jaryXfEbhqE6XvViUXikgJ3HmECmyRngSHO7oPZVLz9bups9B2F6IdGsxaHxxWfhQIHGAqugsqXL5qdtgla22QuCt-SPPkTLMMg&amp;__tn__=%2ANK-R\" data-ft=\"{&quot;type&quot;:104,&quot;tn&quot;:&quot;*N&quot;}\">#VENTCAT<\/a>\u00a0?\u00a0i\u00a0<a class=\"_58cn\" href=\"https:\/\/www.facebook.com\/hashtag\/inuncat?source=feed_text&amp;epa=HASHTAG&amp;__xts__%5B0%5D=68.ARA7vImrsJXmRylZaSTsPPbD0PkR65jzC8ccMcVcMSiHLo8l4bImA7QLmouqPbFaTWMVncFaliEUaGneAjlH6DqriTQnb5d7COo4FC--Z8-2iKtjah4gUiJWJ7PLD0us1OViqShfvRPZYUYRIKCCOGe8ChuUFxsyR779ntGyCRdAvCjOHksjtoP9CWcAu1-b_y-BDTOGf47kNsLiaau3aOoLzupbmCt3C1tgehNWHpJN9DemaZjqlD2jaryXfEbhqE6XvViUXikgJ3HmECmyRngSHO7oPZVLz9bups9B2F6IdGsxaHxxWfhQIHGAqugsqXL5qdtgla22QuCt-SPPkTLMMg&amp;__tn__=%2ANK-R\" data-ft=\"{&quot;type&quot;:104,&quot;tn&quot;:&quot;*N&quot;}\">#INUNCAT<\/a>\u00a0?en fase d&#8217;ALERTA.<br \/>\nMolt\u00edssima precauci\u00f3 per a la primera meitat de la setmana \u26a0\ufe0f\u00a0Consulteu els mapes de previsi\u00f3 de NEU\u00a0\u2744 per avui dilluns?<br \/>\nEn cas d&#8217;agreujament de la situaci\u00f3 us mantindrem informats a trav\u00e9s de la&hellip;  <a href=\"https:\/\/agora.xtec.cat\/ies-baix-montseny\/general\/meteorologia\/\" title=\"Read METEOROLOGIA\">Llegeix m\u00e9s\u00bb<\/a><\/p>\n","protected":false},"author":7,"featured_media":2513,"comment_status":"open","ping_status":"closed","sticky":false,"template":"","format":"standard","meta":{"_bbp_topic_count":0,"_bbp_reply_count":0,"_bbp_total_topic_count":0,"_bbp_total_reply_count":0,"_bbp_voice_count":0,"_bbp_anonymous_reply_count":0,"_bbp_topic_count_hidden":0,"_bbp_reply_count_hidden":0,"_bbp_forum_subforum_count":0,"footnotes":""},"categories":[1,29],"tags":[],"class_list":["post-2512","post","type-post","status-publish","format-standard","has-post-thumbnail","hentry","category-general","category-portada"],"post_mailing_queue_ids":[],"_links":{"self":[{"href":"https:\/\/agora.xtec.cat\/ies-baix-montseny\/wp-json\/wp\/v2\/posts\/2512","targetHints":{"allow":["GET"]}}],"collection":[{"href":"https:\/\/agora.xtec.cat\/ies-baix-montseny\/wp-json\/wp\/v2\/posts"}],"about":[{"href":"https:\/\/agora.xtec.cat\/ies-baix-montseny\/wp-json\/wp\/v2\/types\/post"}],"author":[{"embeddable":true,"href":"https:\/\/agora.xtec.cat\/ies-baix-montseny\/wp-json\/wp\/v2\/users\/7"}],"replies":[{"embeddable":true,"href":"https:\/\/agora.xtec.cat\/ies-baix-montseny\/wp-json\/wp\/v2\/comments?post=2512"}],"version-history":[{"count":1,"href":"https:\/\/agora.xtec.cat\/ies-baix-montseny\/wp-json\/wp\/v2\/posts\/2512\/revisions"}],"predecessor-version":[{"id":2514,"href":"https:\/\/agora.xtec.cat\/ies-baix-montseny\/wp-json\/wp\/v2\/posts\/2512\/revisions\/2514"}],"wp:featuredmedia":[{"embeddable":true,"href":"https:\/\/agora.xtec.cat\/ies-baix-montseny\/wp-json\/wp\/v2\/media\/2513"}],"wp:attachment":[{"href":"https:\/\/agora.xtec.cat\/ies-baix-montseny\/wp-json\/wp\/v2\/media?parent=2512"}],"wp:term":[{"taxonomy":"category","embeddable":true,"href":"https:\/\/agora.xtec.cat\/ies-baix-montseny\/wp-json\/wp\/v2\/categories?post=2512"},{"taxonomy":"post_tag","embeddable":true,"href":"https:\/\/agora.xtec.cat\/ies-baix-montseny\/wp-json\/wp\/v2\/tags?post=2512"}],"curies":[{"name":"wp","href":"https:\/\/api.w.org\/{rel}","templated":true}]}}