{"id":2488,"date":"2019-11-29T10:12:19","date_gmt":"2019-11-29T09:12:19","guid":{"rendered":"http:\/\/agora.xtec.cat\/ies-baix-montseny\/?p=2488"},"modified":"2019-11-29T10:12:19","modified_gmt":"2019-11-29T09:12:19","slug":"dia-contra-la-violencia-de-genere","status":"publish","type":"post","link":"https:\/\/agora.xtec.cat\/ies-baix-montseny\/general\/dia-contra-la-violencia-de-genere\/","title":{"rendered":"DIA CONTRA LA VIOL\u00c8NCIA DE G\u00c8NERE"},"content":{"rendered":"<p><span lang=\"CA\">La viol\u00e8ncia contra dones i nenes \u00e9s una de les violacions dels drets humans m\u00e9s esteses, persistents i devastadores del m\u00f3n actual.<\/span><\/p>\n<p><span lang=\"CA\">Parlem d\u2019una viol\u00e8ncia que es manifesta de forma f\u00edsica, sexual i psicol\u00f2gica.<\/span><\/p>\n<p><span lang=\"CA\">Des de l\u2019assignatura de Cultura i Valors amb la col\u00b7laboraci\u00f3 de Visual i Pl\u00e0stica hem portat a terme un parell de sessions de conscienciaci\u00f3\u00a0\u00a0i prevenci\u00f3 en el nostre alumnat de 1r a 3r ESO.<\/span><\/p>\n<p><span lang=\"CA\">S\u2019ha partit des del popular conte de la \u201cCaputxeta Vermella\u201d que va ser creat fa 400 anys per protegir a les joves que sortien al carrer i una de les activitats ha consistit en transformar el conte.<\/span><\/p>\n<p><span lang=\"CA\">Entre tots i totes hem constru\u00eft 300 contes i dibuixos i d\u2019entre ells han volgut publicar aquests que teniu a continuaci\u00f3,\u00a0<\/span><\/p>\n<p><span lang=\"CA\">Esperem que us agradin.<\/span><\/p>\n<p>&nbsp;<\/p>\n<p><a href=\"https:\/\/agora.xtec.cat\/ies-baix-montseny\/wp-content\/uploads\/usu1288\/2019\/11\/20191125_100055-01.jpeg\"><img loading=\"lazy\" decoding=\"async\" class=\"alignnone size-full wp-image-2489\" src=\"https:\/\/agora.xtec.cat\/ies-baix-montseny\/wp-content\/uploads\/usu1288\/2019\/11\/20191125_100055-01.jpeg\" alt=\"\" width=\"640\" height=\"480\" srcset=\"https:\/\/agora.xtec.cat\/ies-baix-montseny\/wp-content\/uploads\/usu1288\/2019\/11\/20191125_100055-01.jpeg 640w, https:\/\/agora.xtec.cat\/ies-baix-montseny\/wp-content\/uploads\/usu1288\/2019\/11\/20191125_100055-01-300x225.jpeg 300w, https:\/\/agora.xtec.cat\/ies-baix-montseny\/wp-content\/uploads\/usu1288\/2019\/11\/20191125_100055-01-200x150.jpeg 200w\" sizes=\"auto, (max-width: 640px) 100vw, 640px\" \/><\/a> <a href=\"https:\/\/agora.xtec.cat\/ies-baix-montseny\/wp-content\/uploads\/usu1288\/2019\/11\/20191125_101818-01.jpeg\"><img loading=\"lazy\" decoding=\"async\" class=\"alignnone size-large wp-image-2490\" src=\"https:\/\/agora.xtec.cat\/ies-baix-montseny\/wp-content\/uploads\/usu1288\/2019\/11\/20191125_101818-01.jpeg\" alt=\"\" width=\"640\" height=\"480\" srcset=\"https:\/\/agora.xtec.cat\/ies-baix-montseny\/wp-content\/uploads\/usu1288\/2019\/11\/20191125_101818-01.jpeg 640w, https:\/\/agora.xtec.cat\/ies-baix-montseny\/wp-content\/uploads\/usu1288\/2019\/11\/20191125_101818-01-300x225.jpeg 300w, https:\/\/agora.xtec.cat\/ies-baix-montseny\/wp-content\/uploads\/usu1288\/2019\/11\/20191125_101818-01-200x150.jpeg 200w\" sizes=\"auto, (max-width: 640px) 100vw, 640px\" \/><\/a><\/p>\n<p align=\"right\"><span style=\"font-family: Arial, sans-serif;\">E.M 3rD ESO<\/span><\/p>\n<p align=\"justify\"><span style=\"text-decoration: underline;\"><strong><em><span style=\"font-family: Arial, sans-serif;\">CAPERUCITA ROJA<\/span><\/em><\/strong><\/span><\/p>\n<p align=\"justify\"><em><span style=\"font-family: Arial, sans-serif;\">Hab\u00eda una vez una ni\u00f1a de 16 a\u00f1os que se llamaba Estel. La hab\u00edan invitado a una fiesta de cumplea\u00f1os en la cual ten\u00eda que ir disfrazada. Cuando se enter\u00f3, le pidi\u00f3 a su abuela que le hiciera una capucha roja.<\/span><\/em><\/p>\n<p align=\"justify\"><em><span style=\"font-family: Arial, sans-serif;\">Una vez en la fiesta, se reuni\u00f3 con sus amigas, que bailaban como locas, mientras beb\u00edan. Estel observ\u00f3 que un \u00ablobito\u00bb la miraba y eso la incomodaba. Se lo coment\u00f3 a sus amigas con la esperanza que la ayudaran, pero ellas le dijeron que fuera con \u00e9l y Estel, como tonta, accedi\u00f3.<\/span><\/em><\/p>\n<p align=\"justify\"><em><span style=\"font-family: Arial, sans-serif;\">\u00c9l la invit\u00f3 a una copa y por no hacer el feo, acept\u00f3. M\u00e1s tarde, insisti\u00f3 en invitarle a otra, pero Estel, en esta ocasi\u00f3n le dijo que ya estaba cansada&#8230; Y era as\u00ed realmente. Estaba cansada de decir que s\u00ed a todo lo que sus amigas y el lobo quer\u00edan. Cansada de ser la Caperucita Roja de toda la vida.<\/span><\/em><\/p>\n<p align=\"justify\"><em><span style=\"font-family: Arial, sans-serif;\">Se levant\u00f3 y le dijo al lobo que NO. \u00c9l se qued\u00f3 en silencio. No dijo nada. Se qued\u00f3 ah\u00ed sentado y vio como Estel se alejaba entre la multitud de la fiesta.<\/span><\/em><\/p>\n<p align=\"justify\"><em><span style=\"font-family: Arial, sans-serif;\">Despu\u00e9s de unos minutos de estar buscando a sus amigas, las encontr\u00f3 en medio de la pista y como si no hubiera nadie m\u00e1s, se plant\u00f3 delante de ellas y les dijo: \u00a1Yo no soy la del cuento! Puedo hacer lo que quiera sin que me lo dig\u00e1is vosotras.<\/span><\/em><\/p>\n<p align=\"justify\"><em><span style=\"font-family: Arial, sans-serif;\">Estel se dio la vuelta y se march\u00f3. Ya no le importaban ni sus amigas, ni el lobo, ni la fiesta. Sali\u00f3 por la puerta sabiendo que una vez fuera, nunca volver\u00eda a ser la misma, pero no le import\u00f3 lo m\u00e1s m\u00ednimo.<\/span><\/em><\/p>\n","protected":false},"excerpt":{"rendered":"<p>La viol\u00e8ncia contra dones i nenes \u00e9s una de les violacions dels drets humans m\u00e9s esteses, persistents i devastadores del m\u00f3n actual.<br \/>\nParlem d\u2019una viol\u00e8ncia que es manifesta de forma f\u00edsica, sexual i psicol\u00f2gica.<br \/>\nDes de l\u2019assignatura de Cultura i Valors amb la col\u00b7laboraci\u00f3 de Visual i&hellip;  <a href=\"https:\/\/agora.xtec.cat\/ies-baix-montseny\/general\/dia-contra-la-violencia-de-genere\/\" title=\"Read DIA CONTRA LA VIOL\u00c8NCIA DE G\u00c8NERE\">Llegeix m\u00e9s\u00bb<\/a><\/p>\n","protected":false},"author":7,"featured_media":2489,"comment_status":"open","ping_status":"closed","sticky":false,"template":"","format":"standard","meta":{"_bbp_topic_count":0,"_bbp_reply_count":0,"_bbp_total_topic_count":0,"_bbp_total_reply_count":0,"_bbp_voice_count":0,"_bbp_anonymous_reply_count":0,"_bbp_topic_count_hidden":0,"_bbp_reply_count_hidden":0,"_bbp_forum_subforum_count":0,"footnotes":""},"categories":[64,3,1,29],"tags":[],"class_list":["post-2488","post","type-post","status-publish","format-standard","has-post-thumbnail","hentry","category-activitats","category-eso","category-general","category-portada"],"post_mailing_queue_ids":[],"_links":{"self":[{"href":"https:\/\/agora.xtec.cat\/ies-baix-montseny\/wp-json\/wp\/v2\/posts\/2488","targetHints":{"allow":["GET"]}}],"collection":[{"href":"https:\/\/agora.xtec.cat\/ies-baix-montseny\/wp-json\/wp\/v2\/posts"}],"about":[{"href":"https:\/\/agora.xtec.cat\/ies-baix-montseny\/wp-json\/wp\/v2\/types\/post"}],"author":[{"embeddable":true,"href":"https:\/\/agora.xtec.cat\/ies-baix-montseny\/wp-json\/wp\/v2\/users\/7"}],"replies":[{"embeddable":true,"href":"https:\/\/agora.xtec.cat\/ies-baix-montseny\/wp-json\/wp\/v2\/comments?post=2488"}],"version-history":[{"count":1,"href":"https:\/\/agora.xtec.cat\/ies-baix-montseny\/wp-json\/wp\/v2\/posts\/2488\/revisions"}],"predecessor-version":[{"id":2492,"href":"https:\/\/agora.xtec.cat\/ies-baix-montseny\/wp-json\/wp\/v2\/posts\/2488\/revisions\/2492"}],"wp:featuredmedia":[{"embeddable":true,"href":"https:\/\/agora.xtec.cat\/ies-baix-montseny\/wp-json\/wp\/v2\/media\/2489"}],"wp:attachment":[{"href":"https:\/\/agora.xtec.cat\/ies-baix-montseny\/wp-json\/wp\/v2\/media?parent=2488"}],"wp:term":[{"taxonomy":"category","embeddable":true,"href":"https:\/\/agora.xtec.cat\/ies-baix-montseny\/wp-json\/wp\/v2\/categories?post=2488"},{"taxonomy":"post_tag","embeddable":true,"href":"https:\/\/agora.xtec.cat\/ies-baix-montseny\/wp-json\/wp\/v2\/tags?post=2488"}],"curies":[{"name":"wp","href":"https:\/\/api.w.org\/{rel}","templated":true}]}}