{"id":2453,"date":"2019-10-31T11:14:46","date_gmt":"2019-10-31T10:14:46","guid":{"rendered":"http:\/\/agora.xtec.cat\/ies-baix-montseny\/?p=2453"},"modified":"2019-11-13T00:14:12","modified_gmt":"2019-11-12T23:14:12","slug":"50-anys-de-lfp-a-sant-celoni","status":"publish","type":"post","link":"https:\/\/agora.xtec.cat\/ies-baix-montseny\/general\/50-anys-de-lfp-a-sant-celoni\/","title":{"rendered":"50 anys de l&#8217;FP a Sant Celoni"},"content":{"rendered":"<p style=\"text-align: justify;\">Aquest acte \u00e9s un reconeixement a totes les persones que han fet possible la Formaci\u00f3 Professional a Sant Celoni i al Baix Montseny durant m\u00e9s de 50 anys. Quan l\u2019Alfons Moncanut va deixar en her\u00e8ncia tot un edifici perqu\u00e8 esdevingu\u00e9s la seu d\u2019un centre de formaci\u00f3 professional va plantar una llavor que l\u2019esfor\u00e7 col\u00b7lectiu (dels industrials, del professorat, de l&#8217;alumnat i de les institucions p\u00fabliques) ha fet fructificar en el que \u00e9s avui el centre Institut Baix Montseny, del qual ens sentim orgullosos de formar part.<\/p>\n<p style=\"text-align: justify;\">Els qui som part de l\u2019equip docent ens agrada referir-nos al Baix Montseny com un centre educatiu KM0, amb vocaci\u00f3 de servei de proximitat, de servei municipal, adaptat a l\u2019entorn social i al teixit empresarial i econ\u00f2mic que ens envolta i amb unes dimensions que ens permeten una atenci\u00f3 for\u00e7a personalitzada tant a l\u2019alumnat com a l\u2019empresariat local. Com b\u00e9 sabeu hi impartim 4 cicles de formaci\u00f3 professional, en el marc dels quals els alumnes realitzen pr\u00e0ctiques en les empreses de l\u2019entorn, o fins i tot en el cas dels cicles superior de Mecatr\u00f2nica Industrial i Qu\u00edmica Industrial, la Formaci\u00f3 Dual, en la qual gran part de l\u2019aprenentatge pr\u00e0ctic que es realitza en el si d\u2019una empresa.<\/p>\n<p style=\"text-align: justify;\">La FP t\u00e9 clarament una vocaci\u00f3 professionalitzadora, que nom\u00e9s amb la participaci\u00f3 i comprom\u00eds de les empreses es pot portar a terme i \u00e9s per aix\u00f2 que no podem m\u00e9s que agrair la seva implicaci\u00f3. Alhora pensem que cal destacar que els esfor\u00e7os de coordinaci\u00f3 i entesa entre el centre, la ind\u00fastria, juntament amb la molt necess\u00e0ria i important implicaci\u00f3 de l\u2019Ajuntament de Sant Celoni, han fet que puguem dir que les taxes d\u2019inserci\u00f3 laboral del nostre alumnat s\u00f3n molt bones. Ens hem de felicitar i hem d\u2019agrair doncs l\u2019esfor\u00e7 de tots els qui ho hem fet possible, i animar-nos a mantenir la il\u00b7lusi\u00f3 i a fer passos cap a la millora, la qualitat de la formaci\u00f3, i del servei p\u00fablic que ofereix el centre.<\/p>\n<p style=\"text-align: justify;\">No podem aturar-nos i no ho estem fent, com ho mostra el fet que l\u2019institut Baix Montseny acabi d\u2019obtenir per a la secci\u00f3 de Cicles Formatius Superiors, la Carta ECHE per a K103 dins el programa Erasmus+, que permetr\u00e0 als nostres alumnes optar a fer formaci\u00f3 a empreses a l&#8217;estranger, aix\u00ed com que les empreses del Baix Montseny puguin acollir alumnes de fora. El nostre centre, evoluciona aix\u00ed en paral\u00b7lel a la societat i la economia, afavorint i potenciant intercanvis de coneixements que donen una perspectiva internacional als estudis de la FP, en el marc europeu i en un m\u00f3n globalitzat.<\/p>\n<p style=\"text-align: justify;\">I anem treballant, i fent molta feina, construint un futur que no sabem ni podem dir com ser\u00e0, per\u00f2 s\u00ed com ens agradaria que fos. Tenim per davant uns canvis molt importants, els que suposa la implantaci\u00f3 de la Ind\u00fastria 4.0 i que no poden deixar enrere la Formaci\u00f3 Professional si volem que la vocaci\u00f3 professionalitzadora continu\u00ef endavant.\u00a0\u00a0 Volem una versi\u00f3 de la FP que tamb\u00e9 sigui 4.0 i no 3.0 o 2.0, i per aix\u00f2 volem i necessitem escoles modernes, ben equipades i amb personal docent ben format que pugui adaptar-se a les necessitats de l&#8217;alumnat, de les empreses i de la societat en general.<\/p>\n<p style=\"text-align: justify;\">Tamb\u00e9 confiem en el futur poder seguir treballant conjuntament amb les empreses del Baix Montseny per a la formaci\u00f3 del nostre alumnat, tant en la modalitat dual com en la FCT tal i com s\u2019ha fet fins ara.<\/p>\n<p style=\"text-align: justify;\">En definitiva i ja per acabar, el futur de l&#8217;FP passa inequ\u00edvocament per l&#8217;empoderament de l&#8217;alumnat, la formaci\u00f3 que cal implementar a les aules i tallers ha de tenir en compte l&#8217;esperit del long life learning, l&#8217;aprenentatge al llarg de la vida. Les aules s&#8217;han de plantejar tamb\u00e9 com un espai horitzontal i democr\u00e0tic on l&#8217;alumnat pot aportar i compartir coneixement; l&#8217;alumnat a partir de la seva motxilla vivencial amb mostres d&#8217;intel\u00b7lig\u00e8ncia flu\u00efda i cristal\u00b7litzada pot arribar a aportar molt m\u00e9s a una aula en ocasions que el professorat. La imatge del docent s&#8217;hauria d&#8217;acostar cada vegada m\u00e9s al de dinamitzador del coneixement, i no pas al d&#8217;un instructor.<\/p>\n<p style=\"text-align: center;\">&#8220;<em>Tothom sap alguna cosa, tothom ignora alguna cosa, per aix\u00f2 aprenem<\/em>.&#8221; Paulo Freire<\/p>\n<table style=\"height: 286px;\" align=\"center\">\n<tbody>\n<tr style=\"height: 255px;\">\n<td style=\"height: 255px; width: 334px; border-color: #000000; background-color: #590d8f; text-align: center;\"><a href=\"https:\/\/agora.xtec.cat\/ies-baix-montseny\/wp-content\/uploads\/usu1288\/2019\/10\/IMG-20191108-WA0034.jpg\"><img loading=\"lazy\" decoding=\"async\" class=\"alignnone size-large wp-image-2462\" src=\"https:\/\/agora.xtec.cat\/ies-baix-montseny\/wp-content\/uploads\/usu1288\/2019\/10\/IMG-20191108-WA0034-1024x766.jpg\" alt=\"\" width=\"1024\" height=\"766\" srcset=\"https:\/\/agora.xtec.cat\/ies-baix-montseny\/wp-content\/uploads\/usu1288\/2019\/10\/IMG-20191108-WA0034-1024x766.jpg 1024w, https:\/\/agora.xtec.cat\/ies-baix-montseny\/wp-content\/uploads\/usu1288\/2019\/10\/IMG-20191108-WA0034-300x224.jpg 300w, https:\/\/agora.xtec.cat\/ies-baix-montseny\/wp-content\/uploads\/usu1288\/2019\/10\/IMG-20191108-WA0034-768x574.jpg 768w, https:\/\/agora.xtec.cat\/ies-baix-montseny\/wp-content\/uploads\/usu1288\/2019\/10\/IMG-20191108-WA0034-200x150.jpg 200w, https:\/\/agora.xtec.cat\/ies-baix-montseny\/wp-content\/uploads\/usu1288\/2019\/10\/IMG-20191108-WA0034.jpg 2016w\" sizes=\"auto, (max-width: 1024px) 100vw, 1024px\" \/><\/a><\/td>\n<td style=\"height: 255px; width: 334px; border-color: #000000; background-color: #caa8e3;\"><a href=\"https:\/\/agora.xtec.cat\/ies-baix-montseny\/wp-content\/uploads\/usu1288\/2019\/10\/IMG-20191108-WA0050.jpg\"><img loading=\"lazy\" decoding=\"async\" class=\"alignnone size-large wp-image-2461\" src=\"https:\/\/agora.xtec.cat\/ies-baix-montseny\/wp-content\/uploads\/usu1288\/2019\/10\/IMG-20191108-WA0050-1024x768.jpg\" alt=\"\" width=\"1024\" height=\"768\" srcset=\"https:\/\/agora.xtec.cat\/ies-baix-montseny\/wp-content\/uploads\/usu1288\/2019\/10\/IMG-20191108-WA0050-1024x768.jpg 1024w, https:\/\/agora.xtec.cat\/ies-baix-montseny\/wp-content\/uploads\/usu1288\/2019\/10\/IMG-20191108-WA0050-300x225.jpg 300w, https:\/\/agora.xtec.cat\/ies-baix-montseny\/wp-content\/uploads\/usu1288\/2019\/10\/IMG-20191108-WA0050-768x576.jpg 768w, https:\/\/agora.xtec.cat\/ies-baix-montseny\/wp-content\/uploads\/usu1288\/2019\/10\/IMG-20191108-WA0050-200x150.jpg 200w, https:\/\/agora.xtec.cat\/ies-baix-montseny\/wp-content\/uploads\/usu1288\/2019\/10\/IMG-20191108-WA0050.jpg 2048w\" sizes=\"auto, (max-width: 1024px) 100vw, 1024px\" \/><\/a><\/td>\n<\/tr>\n<tr style=\"height: 31px;\">\n<td style=\"height: 31px; width: 334px; background-color: #caa8e3; border-color: #000000; text-align: center;\"><a href=\"https:\/\/agora.xtec.cat\/ies-baix-montseny\/wp-content\/uploads\/usu1288\/2019\/10\/IMG5691_w.jpg\"><img loading=\"lazy\" decoding=\"async\" class=\"alignnone size-large wp-image-2460\" src=\"https:\/\/agora.xtec.cat\/ies-baix-montseny\/wp-content\/uploads\/usu1288\/2019\/10\/IMG5691_w-1024x681.jpg\" alt=\"\" width=\"1024\" height=\"681\" srcset=\"https:\/\/agora.xtec.cat\/ies-baix-montseny\/wp-content\/uploads\/usu1288\/2019\/10\/IMG5691_w-1024x681.jpg 1024w, https:\/\/agora.xtec.cat\/ies-baix-montseny\/wp-content\/uploads\/usu1288\/2019\/10\/IMG5691_w-300x199.jpg 300w, https:\/\/agora.xtec.cat\/ies-baix-montseny\/wp-content\/uploads\/usu1288\/2019\/10\/IMG5691_w-768x511.jpg 768w\" sizes=\"auto, (max-width: 1024px) 100vw, 1024px\" \/><\/a><\/td>\n<td style=\"height: 31px; width: 334px; background-color: #590d8f; border-color: #000000; text-align: center;\"><a href=\"https:\/\/agora.xtec.cat\/ies-baix-montseny\/wp-content\/uploads\/usu1288\/2019\/10\/IMG5708_w.jpg\"><img loading=\"lazy\" decoding=\"async\" class=\"alignnone size-large wp-image-2459\" src=\"https:\/\/agora.xtec.cat\/ies-baix-montseny\/wp-content\/uploads\/usu1288\/2019\/10\/IMG5708_w-1024x681.jpg\" alt=\"\" width=\"1024\" height=\"681\" srcset=\"https:\/\/agora.xtec.cat\/ies-baix-montseny\/wp-content\/uploads\/usu1288\/2019\/10\/IMG5708_w-1024x681.jpg 1024w, https:\/\/agora.xtec.cat\/ies-baix-montseny\/wp-content\/uploads\/usu1288\/2019\/10\/IMG5708_w-300x199.jpg 300w, https:\/\/agora.xtec.cat\/ies-baix-montseny\/wp-content\/uploads\/usu1288\/2019\/10\/IMG5708_w-768x511.jpg 768w\" sizes=\"auto, (max-width: 1024px) 100vw, 1024px\" \/><\/a><\/td>\n<\/tr>\n<\/tbody>\n<\/table>\n<p>&nbsp;<\/p>\n<p>&nbsp;<\/p>\n<p>&nbsp;<\/p>\n<p>&nbsp;<\/p>\n<p>&nbsp;<\/p>\n<p>&nbsp;<\/p>\n<p>&nbsp;<\/p>\n<p>&nbsp;<\/p>\n<p>&nbsp;<\/p>\n<p>&nbsp;<\/p>\n<p>&nbsp;<\/p>\n<p>&nbsp;<\/p>\n<p>&nbsp;<\/p>\n","protected":false},"excerpt":{"rendered":"<p>Aquest acte \u00e9s un reconeixement a totes les persones que han fet possible la Formaci\u00f3 Professional a Sant Celoni i al Baix Montseny durant m\u00e9s de 50 anys. Quan l\u2019Alfons Moncanut va deixar en her\u00e8ncia tot un edifici perqu\u00e8 esdevingu\u00e9s la seu d\u2019un centre de&hellip;  <a href=\"https:\/\/agora.xtec.cat\/ies-baix-montseny\/general\/50-anys-de-lfp-a-sant-celoni\/\" title=\"Read 50 anys de l&#8217;FP a Sant Celoni\">Llegeix m\u00e9s\u00bb<\/a><\/p>\n","protected":false},"author":1,"featured_media":2451,"comment_status":"open","ping_status":"closed","sticky":false,"template":"","format":"standard","meta":{"_bbp_topic_count":0,"_bbp_reply_count":0,"_bbp_total_topic_count":0,"_bbp_total_reply_count":0,"_bbp_voice_count":0,"_bbp_anonymous_reply_count":0,"_bbp_topic_count_hidden":0,"_bbp_reply_count_hidden":0,"_bbp_forum_subforum_count":0,"footnotes":""},"categories":[1,29],"tags":[],"class_list":["post-2453","post","type-post","status-publish","format-standard","has-post-thumbnail","hentry","category-general","category-portada"],"post_mailing_queue_ids":[],"_links":{"self":[{"href":"https:\/\/agora.xtec.cat\/ies-baix-montseny\/wp-json\/wp\/v2\/posts\/2453","targetHints":{"allow":["GET"]}}],"collection":[{"href":"https:\/\/agora.xtec.cat\/ies-baix-montseny\/wp-json\/wp\/v2\/posts"}],"about":[{"href":"https:\/\/agora.xtec.cat\/ies-baix-montseny\/wp-json\/wp\/v2\/types\/post"}],"author":[{"embeddable":true,"href":"https:\/\/agora.xtec.cat\/ies-baix-montseny\/wp-json\/wp\/v2\/users\/1"}],"replies":[{"embeddable":true,"href":"https:\/\/agora.xtec.cat\/ies-baix-montseny\/wp-json\/wp\/v2\/comments?post=2453"}],"version-history":[{"count":3,"href":"https:\/\/agora.xtec.cat\/ies-baix-montseny\/wp-json\/wp\/v2\/posts\/2453\/revisions"}],"predecessor-version":[{"id":2463,"href":"https:\/\/agora.xtec.cat\/ies-baix-montseny\/wp-json\/wp\/v2\/posts\/2453\/revisions\/2463"}],"wp:featuredmedia":[{"embeddable":true,"href":"https:\/\/agora.xtec.cat\/ies-baix-montseny\/wp-json\/wp\/v2\/media\/2451"}],"wp:attachment":[{"href":"https:\/\/agora.xtec.cat\/ies-baix-montseny\/wp-json\/wp\/v2\/media?parent=2453"}],"wp:term":[{"taxonomy":"category","embeddable":true,"href":"https:\/\/agora.xtec.cat\/ies-baix-montseny\/wp-json\/wp\/v2\/categories?post=2453"},{"taxonomy":"post_tag","embeddable":true,"href":"https:\/\/agora.xtec.cat\/ies-baix-montseny\/wp-json\/wp\/v2\/tags?post=2453"}],"curies":[{"name":"wp","href":"https:\/\/api.w.org\/{rel}","templated":true}]}}