{"id":2410,"date":"2019-09-16T23:53:32","date_gmt":"2019-09-16T21:53:32","guid":{"rendered":"http:\/\/agora.xtec.cat\/ies-baix-montseny\/?p=2410"},"modified":"2019-09-17T00:13:36","modified_gmt":"2019-09-16T22:13:36","slug":"servei-de-reconeixement-academic","status":"publish","type":"post","link":"https:\/\/agora.xtec.cat\/ies-baix-montseny\/general\/servei-de-reconeixement-academic\/","title":{"rendered":"Servei de Reconeixement Acad\u00e8mic"},"content":{"rendered":"<p><img decoding=\"async\" class=\"aligncenter\" src=\"https:\/\/www.institutmontilivi.cat\/articles\/serveis-del-centre\/assessorament-i-reconeixement-academic\/files\/imatge-capcalera.jpg\" \/><\/p>\n<p>&nbsp;<\/p>\n<p>El\u00a0<strong>servei de reconeixement acad\u00e8mic dels aprenentatges assolits mitjan\u00e7ant l&#8217;experi\u00e8ncia laboral o en activitats socials,<\/strong> obre nou termini per a les persones que vulguin tenir dit reconeixement dels aprenentatges adquirits, en el cicle formatiu de grau superior de Qu\u00edmica Industrial.<\/p>\n<table class=\" aligncenter\" style=\"height: 330px; width: 667px;\" width=\"662\">\n<tbody>\n<tr style=\"background-color: #a96bcf;\">\n<td style=\"width: 188px; text-align: center; height: 55px;\"><strong>Poblaci\u00f3<\/strong><\/td>\n<td style=\"width: 167px; text-align: center; height: 55px;\"><strong>Institut<\/strong><\/td>\n<td style=\"width: 164px; text-align: center; height: 55px;\"><strong>Data inscripci\u00f3<\/strong><\/td>\n<td style=\"width: 131px; text-align: center; height: 55px;\"><strong>M\u00e9s informaci\u00f3<\/strong><\/td>\n<\/tr>\n<tr style=\"height: 55px;\">\n<td style=\"width: 188px; text-align: center; height: 55px; background-color: #92c0e8;\"><strong>Terrassa<\/strong><\/td>\n<td style=\"width: 167px; text-align: center; height: 55px;\">Institut de Terrassa<\/td>\n<td style=\"width: 164px; text-align: center; height: 55px;\"><strong>12\/9 al 20\/9 de 2019<\/strong><\/td>\n<td style=\"width: 131px; text-align: center; height: 55px;\"><a href=\"https:\/\/docs.google.com\/document\/d\/1O3fWDez5JwQnSpdyk8SDQEtRLFrF_WpRofCYUeFZiy8\/edit\">+ Info<\/a><\/td>\n<\/tr>\n<tr style=\"height: 55px;\">\n<td style=\"width: 188px; text-align: center; height: 55px; background-color: #92c0e8;\"><strong>Vic<\/strong><\/td>\n<td style=\"width: 167px; text-align: center; height: 55px;\">Institut de Vic<\/td>\n<td style=\"width: 164px; text-align: center; height: 55px;\"><strong>16\/9 al 23\/9 de 2019<\/strong><\/td>\n<td style=\"width: 131px; text-align: center; height: 55px;\"><a href=\"https:\/\/www.ivic.cat\/portal\/images\/pdfs\/Informaci_servei_fp_assessorament-2019.pdf\">+ Info<\/a><\/td>\n<\/tr>\n<tr style=\"height: 55px;\">\n<td style=\"width: 188px; text-align: center; height: 55px; background-color: #92c0e8;\"><strong>Matar\u00f3<\/strong><\/td>\n<td style=\"width: 167px; text-align: center; height: 55px;\">Institut Miquel Biada<\/td>\n<td style=\"width: 164px; text-align: center; height: 55px;\"><strong>2\/9 al 20\/9 de 2019<\/strong><\/td>\n<td style=\"width: 131px; text-align: center; height: 55px;\"><a href=\"https:\/\/biada.org\/wp-content\/uploads\/2019\/09\/calendari-2019_20-1Q-assessorament.pdf\">+ Info<\/a><\/td>\n<\/tr>\n<tr style=\"height: 55px;\">\n<td style=\"width: 188px; text-align: center; height: 55px; background-color: #92c0e8;\"><strong>Barcelona<\/strong><\/td>\n<td style=\"width: 167px; text-align: center; height: 55px;\">Institut Narc\u00eds Monturiol<\/td>\n<td style=\"width: 164px; text-align: center; height: 55px;\"><strong>12\/9 al 20\/9 de 2019<\/strong><\/td>\n<td style=\"width: 131px; text-align: center; height: 55px;\"><a href=\"https:\/\/www.narcismonturiol.cat\/ca\/escola-empresa\/assessorament-reconeixement-academic\">+ Info<\/a><\/td>\n<\/tr>\n<tr style=\"height: 55px;\">\n<td style=\"width: 188px; text-align: center; height: 55px; background-color: #92c0e8;\"><strong>Hospitalet de Llobregat<\/strong><\/td>\n<td style=\"width: 167px; text-align: center; height: 55px;\">Institut Proven\u00e7ana<\/td>\n<td style=\"width: 164px; text-align: center; height: 55px;\"><strong>17\/9 al 11\/10 de 2019<\/strong><\/td>\n<td style=\"width: 131px; text-align: center; height: 55px;\"><a href=\"https:\/\/www.proven.cat\/intraweb\/docs\/ass_recon_apren\/conv_2019_set-gen\/2019-20_1r_periode_assess_reconeix_aprenent_calendari.pdf\">+ Info<\/a><\/td>\n<\/tr>\n<\/tbody>\n<\/table>\n<p>&nbsp;<\/p>\n<p>&nbsp;<\/p>\n","protected":false},"excerpt":{"rendered":"<p>&nbsp;<br \/>\nEl\u00a0servei de reconeixement acad\u00e8mic dels aprenentatges assolits mitjan\u00e7ant l&#8217;experi\u00e8ncia laboral o en activitats socials, obre nou termini per a les persones que vulguin tenir dit reconeixement dels aprenentatges adquirits, en el cicle formatiu de grau superior de Qu\u00edmica Industrial.<\/p>\n<p>Poblaci\u00f3<br \/>\nInstitut<br \/>\nData inscripci\u00f3<br \/>\nM\u00e9s informaci\u00f3<\/p>\n<p>Terrassa<br \/>\nInstitut de Terrassa<br \/>\n12\/9 al 20\/9&hellip;  <a href=\"https:\/\/agora.xtec.cat\/ies-baix-montseny\/general\/servei-de-reconeixement-academic\/\" title=\"Read Servei de Reconeixement Acad\u00e8mic\">Llegeix m\u00e9s\u00bb<\/a><\/p>\n","protected":false},"author":10,"featured_media":2415,"comment_status":"open","ping_status":"closed","sticky":false,"template":"","format":"standard","meta":{"_bbp_topic_count":0,"_bbp_reply_count":0,"_bbp_total_topic_count":0,"_bbp_total_reply_count":0,"_bbp_voice_count":0,"_bbp_anonymous_reply_count":0,"_bbp_topic_count_hidden":0,"_bbp_reply_count_hidden":0,"_bbp_forum_subforum_count":0,"footnotes":""},"categories":[30,1,29],"tags":[],"class_list":["post-2410","post","type-post","status-publish","format-standard","has-post-thumbnail","hentry","category-cicles-formatius","category-general","category-portada"],"post_mailing_queue_ids":[],"_links":{"self":[{"href":"https:\/\/agora.xtec.cat\/ies-baix-montseny\/wp-json\/wp\/v2\/posts\/2410","targetHints":{"allow":["GET"]}}],"collection":[{"href":"https:\/\/agora.xtec.cat\/ies-baix-montseny\/wp-json\/wp\/v2\/posts"}],"about":[{"href":"https:\/\/agora.xtec.cat\/ies-baix-montseny\/wp-json\/wp\/v2\/types\/post"}],"author":[{"embeddable":true,"href":"https:\/\/agora.xtec.cat\/ies-baix-montseny\/wp-json\/wp\/v2\/users\/10"}],"replies":[{"embeddable":true,"href":"https:\/\/agora.xtec.cat\/ies-baix-montseny\/wp-json\/wp\/v2\/comments?post=2410"}],"version-history":[{"count":3,"href":"https:\/\/agora.xtec.cat\/ies-baix-montseny\/wp-json\/wp\/v2\/posts\/2410\/revisions"}],"predecessor-version":[{"id":2416,"href":"https:\/\/agora.xtec.cat\/ies-baix-montseny\/wp-json\/wp\/v2\/posts\/2410\/revisions\/2416"}],"wp:featuredmedia":[{"embeddable":true,"href":"https:\/\/agora.xtec.cat\/ies-baix-montseny\/wp-json\/wp\/v2\/media\/2415"}],"wp:attachment":[{"href":"https:\/\/agora.xtec.cat\/ies-baix-montseny\/wp-json\/wp\/v2\/media?parent=2410"}],"wp:term":[{"taxonomy":"category","embeddable":true,"href":"https:\/\/agora.xtec.cat\/ies-baix-montseny\/wp-json\/wp\/v2\/categories?post=2410"},{"taxonomy":"post_tag","embeddable":true,"href":"https:\/\/agora.xtec.cat\/ies-baix-montseny\/wp-json\/wp\/v2\/tags?post=2410"}],"curies":[{"name":"wp","href":"https:\/\/api.w.org\/{rel}","templated":true}]}}