{"id":23964,"date":"2026-09-03T09:22:46","date_gmt":"2026-09-03T07:22:46","guid":{"rendered":"https:\/\/agora.xtec.cat\/ies-baix-montseny\/?p=23964"},"modified":"2026-09-03T09:40:06","modified_gmt":"2026-09-03T07:40:06","slug":"cua-virtual-per-cicles-formatius-grau-mitja-i-superior","status":"publish","type":"post","link":"https:\/\/agora.xtec.cat\/ies-baix-montseny\/general\/cua-virtual-per-cicles-formatius-grau-mitja-i-superior\/","title":{"rendered":"Cua virtual per cicles formatius grau mitj\u00e0 i superior"},"content":{"rendered":"<p style=\"text-align: justify;\">Les persones que estiguin interessades en cursar un dels cicles formatius que oferim (CFGM Gesti\u00f3 Administrativa, CFPM\u00a0 Manteniment Electromec\u00e0nic, CFPM Operacions de Laboratori, CFPM Cures Auxiliar d&#8217;infermeria o b\u00e9 CFGS Mecatr\u00f2nica Industrial, CFPS Qu\u00edmica Industrial )\u00a0 poden apuntar-se a la cua virtual per optar a una de les places disponibles.<\/p>\n<p style=\"text-align: justify;\">Aquesta cua virtual s\u2019activar\u00e0 de manera centralitzada i simult\u00e0nia per a tots els centres participants el\u00a0<strong>7 de setembre de 2026, entre les 09.00 h i les 23.59 h.<\/strong><\/p>\n<p style=\"text-align: justify;\">Les persones interessades s\u00f3n ateses seguint estrictament l\u2019ordre cronol\u00f2gic d\u2019inscripci\u00f3 a la\u00a0<span class=\"il\">cua<\/span>\u00a0virtual del centre.<\/p>\n<p style=\"text-align: justify;\">L\u2019alumnat es pot inscriure a la\u00a0<span class=\"il\">cua<\/span>\u00a0virtual de qualsevol centre que disposi de vacants i, si ho considera oport\u00fa, tamb\u00e9 pot inscriure\u2019s simult\u00e0niament a les cues d\u2019altres centres. En aquesta fase no se sol\u00b7licita pla\u00e7a per a un cicle formatiu concret, sin\u00f3 que la inscripci\u00f3 es fa a nivell de centre.\u00a0Cal tenir present que la posici\u00f3 a la\u00a0<span class=\"il\">cua<\/span>\u00a0determina \u00fanicament l\u2019ordre d\u2019atenci\u00f3 i no garanteix l\u2019obtenci\u00f3 d\u2019una pla\u00e7a determinada. At\u00e8s que la\u00a0<span class=\"il\">cua<\/span>\u00a0\u00e9s pr\u00f2pia del centre i no d\u2019un cicle formatiu espec\u00edfic, l\u2019adjudicaci\u00f3 final dependr\u00e0 tant de les vacants disponibles en cada cicle en el moment de l\u2019atenci\u00f3 com de les opcions escollides per les persones que hagin estat ateses amb anterioritat.<\/p>\n<p style=\"text-align: justify;\">A continuaci\u00f3 trobareu l\u2019enlla\u00e7 a la llista que s\u2019obrir\u00e0 \u00fanicament el dia\u00a0<strong>7 de setembre de 2026 de 9.00 a 23:59h<\/strong><\/p>\n<p style=\"text-align: justify;\">Enlla\u00e7: <a href=\"https:\/\/aplicacions.gestioeducativa.gencat.cat\/ords\/pls\/apex\/f?p=20160079072543618:650:::NO:650:P650_CENTRE:279FAC2BAF61F115313B42E538B371FB2C7B43BF186AFF37\">Clica aqu\u00ed<\/a><\/p>\n","protected":false},"excerpt":{"rendered":"<p>Les persones que estiguin interessades en cursar un dels cicles formatius que oferim (CFGM Gesti\u00f3 Administrativa, CFPM\u00a0 Manteniment Electromec\u00e0nic, CFPM Operacions de Laboratori, CFPM Cures Auxiliar d&#8217;infermeria o b\u00e9 CFGS Mecatr\u00f2nica Industrial, CFPS Qu\u00edmica Industrial )\u00a0 poden apuntar-se a la cua virtual per optar a&hellip;  <a href=\"https:\/\/agora.xtec.cat\/ies-baix-montseny\/general\/cua-virtual-per-cicles-formatius-grau-mitja-i-superior\/\" title=\"Read Cua virtual per cicles formatius grau mitj\u00e0 i superior\">Llegeix m\u00e9s\u00bb<\/a><\/p>\n","protected":false},"author":1,"featured_media":0,"comment_status":"closed","ping_status":"closed","sticky":false,"template":"","format":"standard","meta":{"_bbp_topic_count":0,"_bbp_reply_count":0,"_bbp_total_topic_count":0,"_bbp_total_reply_count":0,"_bbp_voice_count":0,"_bbp_anonymous_reply_count":0,"_bbp_topic_count_hidden":0,"_bbp_reply_count_hidden":0,"_bbp_forum_subforum_count":0,"footnotes":""},"categories":[1,29],"tags":[],"class_list":["post-23964","post","type-post","status-publish","format-standard","hentry","category-general","category-portada"],"post_mailing_queue_ids":[],"_links":{"self":[{"href":"https:\/\/agora.xtec.cat\/ies-baix-montseny\/wp-json\/wp\/v2\/posts\/23964","targetHints":{"allow":["GET"]}}],"collection":[{"href":"https:\/\/agora.xtec.cat\/ies-baix-montseny\/wp-json\/wp\/v2\/posts"}],"about":[{"href":"https:\/\/agora.xtec.cat\/ies-baix-montseny\/wp-json\/wp\/v2\/types\/post"}],"author":[{"embeddable":true,"href":"https:\/\/agora.xtec.cat\/ies-baix-montseny\/wp-json\/wp\/v2\/users\/1"}],"replies":[{"embeddable":true,"href":"https:\/\/agora.xtec.cat\/ies-baix-montseny\/wp-json\/wp\/v2\/comments?post=23964"}],"version-history":[{"count":6,"href":"https:\/\/agora.xtec.cat\/ies-baix-montseny\/wp-json\/wp\/v2\/posts\/23964\/revisions"}],"predecessor-version":[{"id":23972,"href":"https:\/\/agora.xtec.cat\/ies-baix-montseny\/wp-json\/wp\/v2\/posts\/23964\/revisions\/23972"}],"wp:attachment":[{"href":"https:\/\/agora.xtec.cat\/ies-baix-montseny\/wp-json\/wp\/v2\/media?parent=23964"}],"wp:term":[{"taxonomy":"category","embeddable":true,"href":"https:\/\/agora.xtec.cat\/ies-baix-montseny\/wp-json\/wp\/v2\/categories?post=23964"},{"taxonomy":"post_tag","embeddable":true,"href":"https:\/\/agora.xtec.cat\/ies-baix-montseny\/wp-json\/wp\/v2\/tags?post=23964"}],"curies":[{"name":"wp","href":"https:\/\/api.w.org\/{rel}","templated":true}]}}