{"id":2361,"date":"2019-06-11T10:07:21","date_gmt":"2019-06-11T08:07:21","guid":{"rendered":"http:\/\/agora.xtec.cat\/ies-baix-montseny\/?p=2361"},"modified":"2019-06-11T10:07:21","modified_gmt":"2019-06-11T08:07:21","slug":"beques-cambridge-school","status":"publish","type":"post","link":"https:\/\/agora.xtec.cat\/ies-baix-montseny\/general\/beques-cambridge-school\/","title":{"rendered":"BEQUES CAMBRIDGE SCHOOL"},"content":{"rendered":"<div class=\"gs\">\n<div class=\"\">\n<div id=\":qi\" class=\"ii gt\">\n<div id=\":no\" class=\"a3s aXjCH \">\n<div dir=\"auto\">\n<div dir=\"auto\">Dijous passat es va fer l&#8217;entrega de beques de la Cambridge School, per a que alumnes dels instituts del Vall\u00e8s Oriental puguin gaudir de tot un any d&#8217; angl\u00e8s gratu\u00eft durant el proper curs 2019-2020.<\/div>\n<div dir=\"auto\"><\/div>\n<div dir=\"auto\">A l&#8217; Institut Baix Montseny, la hi han atorgat a la M.L de 4A, despr\u00e9s d&#8217; enviar una carta de motivaci\u00f3 en angl\u00e8s a la Cambridge School. Des d&#8217;aqu\u00ed li volem donar l&#8217;enhorabona!<\/div>\n<div dir=\"auto\"><\/div>\n<\/div>\n<\/div>\n<\/div>\n<div id=\":mn\" class=\"hq gt a10\">\n<div id=\":t2\" class=\"aQH\">\n<div class=\"aZK\"><a href=\"https:\/\/agora.xtec.cat\/ies-baix-montseny\/wp-content\/uploads\/usu1288\/2019\/06\/IMG-20190607-WA0000.jpg\"><img loading=\"lazy\" decoding=\"async\" class=\"alignnone size-large wp-image-2362\" src=\"https:\/\/agora.xtec.cat\/ies-baix-montseny\/wp-content\/uploads\/usu1288\/2019\/06\/IMG-20190607-WA0000-1024x576.jpg\" alt=\"\" width=\"1024\" height=\"576\" srcset=\"https:\/\/agora.xtec.cat\/ies-baix-montseny\/wp-content\/uploads\/usu1288\/2019\/06\/IMG-20190607-WA0000-1024x576.jpg 1024w, https:\/\/agora.xtec.cat\/ies-baix-montseny\/wp-content\/uploads\/usu1288\/2019\/06\/IMG-20190607-WA0000-300x169.jpg 300w, https:\/\/agora.xtec.cat\/ies-baix-montseny\/wp-content\/uploads\/usu1288\/2019\/06\/IMG-20190607-WA0000-768x432.jpg 768w, https:\/\/agora.xtec.cat\/ies-baix-montseny\/wp-content\/uploads\/usu1288\/2019\/06\/IMG-20190607-WA0000.jpg 1600w\" sizes=\"auto, (max-width: 1024px) 100vw, 1024px\" \/><\/a><\/div>\n<\/div>\n<\/div>\n<div class=\"hi\"><\/div>\n<\/div>\n<\/div>\n","protected":false},"excerpt":{"rendered":"<p>Dijous passat es va fer l&#8217;entrega de beques de la Cambridge School, per a que alumnes dels instituts del Vall\u00e8s Oriental puguin gaudir de tot un any d&#8217; angl\u00e8s gratu\u00eft durant el proper curs 2019-2020.<\/p>\n<p>A l&#8217; Institut Baix Montseny, la hi han atorgat a la&hellip;  <a href=\"https:\/\/agora.xtec.cat\/ies-baix-montseny\/general\/beques-cambridge-school\/\" title=\"Read BEQUES CAMBRIDGE SCHOOL\">Llegeix m\u00e9s\u00bb<\/a><\/p>\n","protected":false},"author":7,"featured_media":2362,"comment_status":"open","ping_status":"closed","sticky":false,"template":"","format":"standard","meta":{"_bbp_topic_count":0,"_bbp_reply_count":0,"_bbp_total_topic_count":0,"_bbp_total_reply_count":0,"_bbp_voice_count":0,"_bbp_anonymous_reply_count":0,"_bbp_topic_count_hidden":0,"_bbp_reply_count_hidden":0,"_bbp_forum_subforum_count":0,"footnotes":""},"categories":[7,64,3,1,29],"tags":[],"class_list":["post-2361","post","type-post","status-publish","format-standard","has-post-thumbnail","hentry","category-eso-4","category-activitats","category-eso","category-general","category-portada"],"post_mailing_queue_ids":[],"_links":{"self":[{"href":"https:\/\/agora.xtec.cat\/ies-baix-montseny\/wp-json\/wp\/v2\/posts\/2361","targetHints":{"allow":["GET"]}}],"collection":[{"href":"https:\/\/agora.xtec.cat\/ies-baix-montseny\/wp-json\/wp\/v2\/posts"}],"about":[{"href":"https:\/\/agora.xtec.cat\/ies-baix-montseny\/wp-json\/wp\/v2\/types\/post"}],"author":[{"embeddable":true,"href":"https:\/\/agora.xtec.cat\/ies-baix-montseny\/wp-json\/wp\/v2\/users\/7"}],"replies":[{"embeddable":true,"href":"https:\/\/agora.xtec.cat\/ies-baix-montseny\/wp-json\/wp\/v2\/comments?post=2361"}],"version-history":[{"count":1,"href":"https:\/\/agora.xtec.cat\/ies-baix-montseny\/wp-json\/wp\/v2\/posts\/2361\/revisions"}],"predecessor-version":[{"id":2363,"href":"https:\/\/agora.xtec.cat\/ies-baix-montseny\/wp-json\/wp\/v2\/posts\/2361\/revisions\/2363"}],"wp:featuredmedia":[{"embeddable":true,"href":"https:\/\/agora.xtec.cat\/ies-baix-montseny\/wp-json\/wp\/v2\/media\/2362"}],"wp:attachment":[{"href":"https:\/\/agora.xtec.cat\/ies-baix-montseny\/wp-json\/wp\/v2\/media?parent=2361"}],"wp:term":[{"taxonomy":"category","embeddable":true,"href":"https:\/\/agora.xtec.cat\/ies-baix-montseny\/wp-json\/wp\/v2\/categories?post=2361"},{"taxonomy":"post_tag","embeddable":true,"href":"https:\/\/agora.xtec.cat\/ies-baix-montseny\/wp-json\/wp\/v2\/tags?post=2361"}],"curies":[{"name":"wp","href":"https:\/\/api.w.org\/{rel}","templated":true}]}}