{"id":23367,"date":"2024-04-22T15:57:03","date_gmt":"2024-04-22T13:57:03","guid":{"rendered":"https:\/\/agora.xtec.cat\/ies-baix-montseny\/?p=23367"},"modified":"2024-04-22T16:02:53","modified_gmt":"2024-04-22T14:02:53","slug":"estada-dublin","status":"publish","type":"post","link":"https:\/\/agora.xtec.cat\/ies-baix-montseny\/general\/estada-dublin\/","title":{"rendered":"Estada Dubl\u00edn dels alumnes del CFGS de Mecatr\u00f2nica Industrial"},"content":{"rendered":"<p style=\"text-align: justify;\"><img loading=\"lazy\" decoding=\"async\" class=\"size-medium wp-image-23366 alignleft\" src=\"https:\/\/agora.xtec.cat\/ies-baix-montseny\/wp-content\/uploads\/usu1288\/2024\/04\/1713792030385-169x300.jpg\" alt=\"\" width=\"169\" height=\"300\" srcset=\"https:\/\/agora.xtec.cat\/ies-baix-montseny\/wp-content\/uploads\/usu1288\/2024\/04\/1713792030385-169x300.jpg 169w, https:\/\/agora.xtec.cat\/ies-baix-montseny\/wp-content\/uploads\/usu1288\/2024\/04\/1713792030385-576x1024.jpg 576w, https:\/\/agora.xtec.cat\/ies-baix-montseny\/wp-content\/uploads\/usu1288\/2024\/04\/1713792030385-768x1365.jpg 768w, https:\/\/agora.xtec.cat\/ies-baix-montseny\/wp-content\/uploads\/usu1288\/2024\/04\/1713792030385-864x1536.jpg 864w, https:\/\/agora.xtec.cat\/ies-baix-montseny\/wp-content\/uploads\/usu1288\/2024\/04\/1713792030385.jpg 900w\" sizes=\"auto, (max-width: 169px) 100vw, 169px\" \/><\/p>\n<p style=\"text-align: justify;\">Els nostres alumnes del CFGS de Mecatr\u00f2nica Industrial han tornar a gaudir del 14 al 20 d&#8217;abril d&#8217;una estada a Dubl\u00edn, han fet un curs d&#8217;angl\u00e8s gr\u00e0cies al projecte d&#8217;impuls de les lleng\u00fces estrangeres a l&#8217;FP. Ha estat una experi\u00e8ncia molt enriquidora per a l&#8217;alumnat, no nom\u00e9s per la millora de les seves habilitats ling\u00fc\u00edstiques si no tamb\u00e9 per a tenir un primer contacte amb entorns socials i culturals diversos.<\/p>\n<p>&nbsp;<\/p>\n<p>&nbsp;<\/p>\n<p>&nbsp;<\/p>\n<p>&nbsp;<\/p>\n<p><em>Acci\u00f3 finan\u00e7ada pel Ministeri d\u2019Educaci\u00f3 i Formaci\u00f3 Professional i per la Uni\u00f3 Europea <\/em><em>\u2010<\/em><em> NextGenerationEU.<\/em><em>\u00a0<\/em><em><a href=\"https:\/\/agora.xtec.cat\/ies-baix-montseny\/wp-content\/uploads\/usu1288\/2023\/03\/Franja-5-logos-1.png\"><img loading=\"lazy\" decoding=\"async\" class=\"alignnone wp-image-21907\" src=\"https:\/\/agora.xtec.cat\/ies-baix-montseny\/wp-content\/uploads\/usu1288\/2023\/03\/Franja-5-logos-1.png\" alt=\"\" width=\"1092\" height=\"79\" srcset=\"https:\/\/agora.xtec.cat\/ies-baix-montseny\/wp-content\/uploads\/usu1288\/2023\/03\/Franja-5-logos-1.png 2274w, https:\/\/agora.xtec.cat\/ies-baix-montseny\/wp-content\/uploads\/usu1288\/2023\/03\/Franja-5-logos-1-300x22.png 300w, https:\/\/agora.xtec.cat\/ies-baix-montseny\/wp-content\/uploads\/usu1288\/2023\/03\/Franja-5-logos-1-1024x74.png 1024w, https:\/\/agora.xtec.cat\/ies-baix-montseny\/wp-content\/uploads\/usu1288\/2023\/03\/Franja-5-logos-1-768x56.png 768w, https:\/\/agora.xtec.cat\/ies-baix-montseny\/wp-content\/uploads\/usu1288\/2023\/03\/Franja-5-logos-1-1536x111.png 1536w, https:\/\/agora.xtec.cat\/ies-baix-montseny\/wp-content\/uploads\/usu1288\/2023\/03\/Franja-5-logos-1-2048x149.png 2048w\" sizes=\"auto, (max-width: 1092px) 100vw, 1092px\" \/><\/a><\/em><\/p>\n<p><em>C20.I03 Innovaci\u00f3 i internacionalitzaci\u00f3 de la Formaci\u00f3 Professional<\/em><\/p>\n<p><em>La mesura C20.I03 Innovaci\u00f3 i internacionalitzaci\u00f3 de la Formaci\u00f3 Professional\u00a0 t\u00e9 un pes assignat de 0% de coeficient de clima i de 0% de coeficient digital, de conformitat amb l\u2019annex 6 Taula de seguiment per a l\u2019acci\u00f3 pel clima i l\u2019etiquetatge digital de la Proposta de Decisi\u00f3 d\u2019Execuci\u00f3 del Consell relativa a l\u2019aprovaci\u00f3 de l\u2019avaluaci\u00f3 del PRTR d\u2019Espanya COM (2021) 322 final, en data 16 de juny de 2021.<\/em><\/p>\n","protected":false},"excerpt":{"rendered":"<p>Els nostres alumnes del CFGS de Mecatr\u00f2nica Industrial han tornar a gaudir del 14 al 20 d&#8217;abril d&#8217;una estada a Dubl\u00edn, han fet un curs d&#8217;angl\u00e8s gr\u00e0cies al projecte d&#8217;impuls de les lleng\u00fces estrangeres a l&#8217;FP. Ha estat una experi\u00e8ncia molt enriquidora per a l&#8217;alumnat,&hellip;  <a href=\"https:\/\/agora.xtec.cat\/ies-baix-montseny\/general\/estada-dublin\/\" title=\"Read Estada Dubl\u00edn dels alumnes del CFGS de Mecatr\u00f2nica Industrial\">Llegeix m\u00e9s\u00bb<\/a><\/p>\n","protected":false},"author":1,"featured_media":23366,"comment_status":"closed","ping_status":"closed","sticky":false,"template":"","format":"standard","meta":{"_bbp_topic_count":0,"_bbp_reply_count":0,"_bbp_total_topic_count":0,"_bbp_total_reply_count":0,"_bbp_voice_count":0,"_bbp_anonymous_reply_count":0,"_bbp_topic_count_hidden":0,"_bbp_reply_count_hidden":0,"_bbp_forum_subforum_count":0,"footnotes":""},"categories":[182,30,1,29],"tags":[],"class_list":["post-23367","post","type-post","status-publish","format-standard","has-post-thumbnail","hentry","category-mecatronica-industrial","category-cicles-formatius","category-general","category-portada"],"post_mailing_queue_ids":[],"_links":{"self":[{"href":"https:\/\/agora.xtec.cat\/ies-baix-montseny\/wp-json\/wp\/v2\/posts\/23367","targetHints":{"allow":["GET"]}}],"collection":[{"href":"https:\/\/agora.xtec.cat\/ies-baix-montseny\/wp-json\/wp\/v2\/posts"}],"about":[{"href":"https:\/\/agora.xtec.cat\/ies-baix-montseny\/wp-json\/wp\/v2\/types\/post"}],"author":[{"embeddable":true,"href":"https:\/\/agora.xtec.cat\/ies-baix-montseny\/wp-json\/wp\/v2\/users\/1"}],"replies":[{"embeddable":true,"href":"https:\/\/agora.xtec.cat\/ies-baix-montseny\/wp-json\/wp\/v2\/comments?post=23367"}],"version-history":[{"count":6,"href":"https:\/\/agora.xtec.cat\/ies-baix-montseny\/wp-json\/wp\/v2\/posts\/23367\/revisions"}],"predecessor-version":[{"id":23375,"href":"https:\/\/agora.xtec.cat\/ies-baix-montseny\/wp-json\/wp\/v2\/posts\/23367\/revisions\/23375"}],"wp:featuredmedia":[{"embeddable":true,"href":"https:\/\/agora.xtec.cat\/ies-baix-montseny\/wp-json\/wp\/v2\/media\/23366"}],"wp:attachment":[{"href":"https:\/\/agora.xtec.cat\/ies-baix-montseny\/wp-json\/wp\/v2\/media?parent=23367"}],"wp:term":[{"taxonomy":"category","embeddable":true,"href":"https:\/\/agora.xtec.cat\/ies-baix-montseny\/wp-json\/wp\/v2\/categories?post=23367"},{"taxonomy":"post_tag","embeddable":true,"href":"https:\/\/agora.xtec.cat\/ies-baix-montseny\/wp-json\/wp\/v2\/tags?post=23367"}],"curies":[{"name":"wp","href":"https:\/\/api.w.org\/{rel}","templated":true}]}}