{"id":23281,"date":"2024-05-24T09:00:21","date_gmt":"2024-05-24T07:00:21","guid":{"rendered":"https:\/\/agora.xtec.cat\/ies-baix-montseny\/?p=23281"},"modified":"2024-04-04T09:21:54","modified_gmt":"2024-04-04T07:21:54","slug":"oberta-la-preinscripcio-per-a-cicles-formatius-de-grau-mitja-i-grau-superior","status":"publish","type":"post","link":"https:\/\/agora.xtec.cat\/ies-baix-montseny\/general\/oberta-la-preinscripcio-per-a-cicles-formatius-de-grau-mitja-i-grau-superior\/","title":{"rendered":"Oberta la preinscripci\u00f3 per a Cicles Formatius de Grau Mitj\u00e0 i Grau Superior"},"content":{"rendered":"<p>\ud83d\udcc5\u200b Del 24 al 30 de maig es poden presentar les sol\u00b7licituds de preinscripci\u00f3 per a Cicles Formatius de Grau Mitj\u00e0 i Grau Superior i fins al 31 de maig es podr\u00e0 presentar documentaci\u00f3 addicional.<\/p>\n<p>\ud83d\udcbb\u200b Les sol\u00b7licituds s&#8217;han de presentar telem\u00e0ticament al web <a href=\"https:\/\/preinscripcio.gencat.cat\/ca\/inici\/\" target=\"_blank\" rel=\"noopener\">preinscripcio.gencat.cat<\/a><\/p>\n<p>\u200b<span style=\"font-family: inherit; font-size: 1em;\">\u200b\u200b<\/span>\ud83d\udcdd<span style=\"font-family: inherit; font-size: 1em;\">\u200b Les sol\u00b7licituds s&#8217;ordenen:<\/span><\/p>\n<ol>\n<li style=\"list-style-type: none;\">\n<ol>\n<li>segons la seva via d&#8217;acc\u00e9s,<\/li>\n<li>segons la prioritat dins de cada via d&#8217;acc\u00e9s,<\/li>\n<li>per la qualificaci\u00f3 de l&#8217;ensenyament que permet l&#8217;acc\u00e9s o b\u00e9 la qualificaci\u00f3 de la prova d&#8217;acc\u00e9s, de manera decreixent,<\/li>\n<li>per l&#8217;ordre en qu\u00e8 l&#8217;alumne\/a ha definit els cicles que vol cursar.<\/li>\n<\/ol>\n<\/li>\n<\/ol>\n<div style=\"padding-left: 40px;\">Si persisteix l&#8217;empat es t\u00e9 en compte l&#8217;ordenaci\u00f3 de les sol\u00b7licituds per sorteig p\u00fablic.<\/div>\n<div><\/div>\n<div><\/div>\n<p>\u200b\u2705\u200b\u200b <a href=\"https:\/\/preinscripcio.gencat.cat\/ca\/estudis\/fp-grau-mitja\/informat\/criteris-assignacio\/\" target=\"_blank\" rel=\"noopener\">Assignaci\u00f3 de places a <strong>CF de Grau Mitj\u00e0<\/strong><\/a><\/p>\n<p>\u200b\u2705\u200b <a href=\"https:\/\/preinscripcio.gencat.cat\/ca\/estudis\/fp-grau-superior\/informat\/criteris-assignacio\/#faq-com-s-ordenen-les-sol-licituds\" target=\"_blank\" rel=\"noopener\">Assignaci\u00f3 de places a <strong>CF de Grau Superior<\/strong><\/a><\/p>\n<p>&nbsp;<\/p>\n<p>\u200b\u200b\u200b\u2139\ufe0f\u200b Trobareu m\u00e9s informaci\u00f3 sobre dates clau, criteris de selecci\u00f3, tria de centre o documentaci\u00f3 a presentar a <a href=\"https:\/\/preinscripcio.gencat.cat\/ca\/inici\/\" target=\"_blank\" rel=\"noopener\">preinscripcio.gencat.cat<\/a><\/p>\n<p>&nbsp;<\/p>\n","protected":false},"excerpt":{"rendered":"<p>\ud83d\udcc5\u200b Del 24 al 30 de maig es poden presentar les sol\u00b7licituds de preinscripci\u00f3 per a Cicles Formatius de Grau Mitj\u00e0 i Grau Superior i fins al 31 de maig es podr\u00e0 presentar documentaci\u00f3 addicional.<br \/>\n\ud83d\udcbb\u200b Les sol\u00b7licituds s&#8217;han de presentar telem\u00e0ticament al web <a href=\"https:\/\/preinscripcio.gencat.cat\/ca\/inici\/\"&hellip;  <a href=\"https:\/\/agora.xtec.cat\/ies-baix-montseny\/general\/oberta-la-preinscripcio-per-a-cicles-formatius-de-grau-mitja-i-grau-superior\/\" title=\"Read Oberta la preinscripci\u00f3 per a Cicles Formatius de Grau Mitj\u00e0 i Grau Superior\">Llegeix m\u00e9s\u00bb<\/a><\/p>\n","protected":false},"author":1,"featured_media":23286,"comment_status":"closed","ping_status":"closed","sticky":false,"template":"","format":"standard","meta":{"_bbp_topic_count":0,"_bbp_reply_count":0,"_bbp_total_topic_count":0,"_bbp_total_reply_count":0,"_bbp_voice_count":0,"_bbp_anonymous_reply_count":0,"_bbp_topic_count_hidden":0,"_bbp_reply_count_hidden":0,"_bbp_forum_subforum_count":0,"footnotes":""},"categories":[1,29],"tags":[153,106],"class_list":["post-23281","post","type-post","status-publish","format-standard","has-post-thumbnail","hentry","category-general","category-portada","tag-cicles-formatius","tag-preinscripcio"],"post_mailing_queue_ids":[],"_links":{"self":[{"href":"https:\/\/agora.xtec.cat\/ies-baix-montseny\/wp-json\/wp\/v2\/posts\/23281","targetHints":{"allow":["GET"]}}],"collection":[{"href":"https:\/\/agora.xtec.cat\/ies-baix-montseny\/wp-json\/wp\/v2\/posts"}],"about":[{"href":"https:\/\/agora.xtec.cat\/ies-baix-montseny\/wp-json\/wp\/v2\/types\/post"}],"author":[{"embeddable":true,"href":"https:\/\/agora.xtec.cat\/ies-baix-montseny\/wp-json\/wp\/v2\/users\/1"}],"replies":[{"embeddable":true,"href":"https:\/\/agora.xtec.cat\/ies-baix-montseny\/wp-json\/wp\/v2\/comments?post=23281"}],"version-history":[{"count":4,"href":"https:\/\/agora.xtec.cat\/ies-baix-montseny\/wp-json\/wp\/v2\/posts\/23281\/revisions"}],"predecessor-version":[{"id":23285,"href":"https:\/\/agora.xtec.cat\/ies-baix-montseny\/wp-json\/wp\/v2\/posts\/23281\/revisions\/23285"}],"wp:featuredmedia":[{"embeddable":true,"href":"https:\/\/agora.xtec.cat\/ies-baix-montseny\/wp-json\/wp\/v2\/media\/23286"}],"wp:attachment":[{"href":"https:\/\/agora.xtec.cat\/ies-baix-montseny\/wp-json\/wp\/v2\/media?parent=23281"}],"wp:term":[{"taxonomy":"category","embeddable":true,"href":"https:\/\/agora.xtec.cat\/ies-baix-montseny\/wp-json\/wp\/v2\/categories?post=23281"},{"taxonomy":"post_tag","embeddable":true,"href":"https:\/\/agora.xtec.cat\/ies-baix-montseny\/wp-json\/wp\/v2\/tags?post=23281"}],"curies":[{"name":"wp","href":"https:\/\/api.w.org\/{rel}","templated":true}]}}