{"id":23157,"date":"2024-02-22T15:56:11","date_gmt":"2024-02-22T14:56:11","guid":{"rendered":"https:\/\/agora.xtec.cat\/ies-baix-montseny\/?p=23157"},"modified":"2024-03-05T12:57:26","modified_gmt":"2024-03-05T11:57:26","slug":"xerrada-arkema","status":"publish","type":"post","link":"https:\/\/agora.xtec.cat\/ies-baix-montseny\/general\/xerrada-arkema\/","title":{"rendered":"Xerrada Arkema"},"content":{"rendered":"<div><a href=\"https:\/\/agora.xtec.cat\/ies-baix-montseny\/wp-content\/uploads\/usu1288\/2024\/02\/Xerrada-Arkema-1.jpg\"><img loading=\"lazy\" decoding=\"async\" class=\"wp-image-23232 size-full alignleft\" src=\"https:\/\/agora.xtec.cat\/ies-baix-montseny\/wp-content\/uploads\/usu1288\/2024\/02\/Xerrada-Arkema-1-2.jpg\" alt=\"\" width=\"547\" height=\"431\" srcset=\"https:\/\/agora.xtec.cat\/ies-baix-montseny\/wp-content\/uploads\/usu1288\/2024\/02\/Xerrada-Arkema-1-2.jpg 547w, https:\/\/agora.xtec.cat\/ies-baix-montseny\/wp-content\/uploads\/usu1288\/2024\/02\/Xerrada-Arkema-1-2-300x236.jpg 300w\" sizes=\"auto, (max-width: 547px) 100vw, 547px\" \/><\/a><\/div>\n<div>\n<p>Avui dijous 22\/02\/24 el Mario Parra, director comercial d&#8217;Arkema ha fet una xerrada als alumnes del cicle de Grau Mitj\u00e0 de Qu\u00edmica del nostre institut.<br \/>\nEl t\u00edtol de la xerrada ha estat &#8220;La qu\u00edmica fora de l&#8217;insti Baix Montseny&#8221;. S&#8217;han tractat continguts com la seguretat a la ind\u00fastria qu\u00edmica, el mercat mundial de la qu\u00edmica, energia i mat\u00e8ries primeres, decreixement i sostenibilitat, el mercat laboral i formaci\u00f3 futura.<\/p>\n<p>Volem agrair el Mario Parra per haver compartit amb nosaltres la seva visi\u00f3 i experi\u00e8ncia en la ind\u00fastria qu\u00edmica.<\/p>\n<\/div>\n<p>&nbsp;<\/p>\n<p>&nbsp;<\/p>\n<p>&nbsp;<\/p>\n<p>&nbsp;<\/p>\n<p>&nbsp;<\/p>\n<p>&nbsp;<\/p>\n<p>&nbsp;<\/p>\n","protected":false},"excerpt":{"rendered":"<p><a href=\"https:\/\/agora.xtec.cat\/ies-baix-montseny\/wp-content\/uploads\/usu1288\/2024\/02\/Xerrada-Arkema-1.jpg\"><\/a><\/p>\n<p>Avui dijous 22\/02\/24 el Mario Parra, director comercial d&#8217;Arkema ha fet una xerrada als alumnes del cicle de Grau Mitj\u00e0 de Qu\u00edmica del nostre institut.<br \/>\nEl t\u00edtol de la xerrada ha estat &#8220;La qu\u00edmica fora de l&#8217;insti Baix Montseny&#8221;. S&#8217;han tractat continguts com la seguretat&hellip;  <a href=\"https:\/\/agora.xtec.cat\/ies-baix-montseny\/general\/xerrada-arkema\/\" title=\"Read Xerrada Arkema\">Llegeix m\u00e9s\u00bb<\/a><\/p>\n","protected":false},"author":1,"featured_media":23232,"comment_status":"closed","ping_status":"closed","sticky":false,"template":"","format":"standard","meta":{"_bbp_topic_count":0,"_bbp_reply_count":0,"_bbp_total_topic_count":0,"_bbp_total_reply_count":0,"_bbp_voice_count":0,"_bbp_anonymous_reply_count":0,"_bbp_topic_count_hidden":0,"_bbp_reply_count_hidden":0,"_bbp_forum_subforum_count":0,"footnotes":""},"categories":[181,1,29],"tags":[],"class_list":["post-23157","post","type-post","status-publish","format-standard","has-post-thumbnail","hentry","category-operacions-laboratori","category-general","category-portada"],"post_mailing_queue_ids":[],"_links":{"self":[{"href":"https:\/\/agora.xtec.cat\/ies-baix-montseny\/wp-json\/wp\/v2\/posts\/23157","targetHints":{"allow":["GET"]}}],"collection":[{"href":"https:\/\/agora.xtec.cat\/ies-baix-montseny\/wp-json\/wp\/v2\/posts"}],"about":[{"href":"https:\/\/agora.xtec.cat\/ies-baix-montseny\/wp-json\/wp\/v2\/types\/post"}],"author":[{"embeddable":true,"href":"https:\/\/agora.xtec.cat\/ies-baix-montseny\/wp-json\/wp\/v2\/users\/1"}],"replies":[{"embeddable":true,"href":"https:\/\/agora.xtec.cat\/ies-baix-montseny\/wp-json\/wp\/v2\/comments?post=23157"}],"version-history":[{"count":6,"href":"https:\/\/agora.xtec.cat\/ies-baix-montseny\/wp-json\/wp\/v2\/posts\/23157\/revisions"}],"predecessor-version":[{"id":23236,"href":"https:\/\/agora.xtec.cat\/ies-baix-montseny\/wp-json\/wp\/v2\/posts\/23157\/revisions\/23236"}],"wp:featuredmedia":[{"embeddable":true,"href":"https:\/\/agora.xtec.cat\/ies-baix-montseny\/wp-json\/wp\/v2\/media\/23232"}],"wp:attachment":[{"href":"https:\/\/agora.xtec.cat\/ies-baix-montseny\/wp-json\/wp\/v2\/media?parent=23157"}],"wp:term":[{"taxonomy":"category","embeddable":true,"href":"https:\/\/agora.xtec.cat\/ies-baix-montseny\/wp-json\/wp\/v2\/categories?post=23157"},{"taxonomy":"post_tag","embeddable":true,"href":"https:\/\/agora.xtec.cat\/ies-baix-montseny\/wp-json\/wp\/v2\/tags?post=23157"}],"curies":[{"name":"wp","href":"https:\/\/api.w.org\/{rel}","templated":true}]}}