{"id":23101,"date":"2024-02-14T08:40:07","date_gmt":"2024-02-14T07:40:07","guid":{"rendered":"https:\/\/agora.xtec.cat\/ies-baix-montseny\/?p=23101"},"modified":"2024-02-14T09:28:43","modified_gmt":"2024-02-14T08:28:43","slug":"intercanvi-amb-franca","status":"publish","type":"post","link":"https:\/\/agora.xtec.cat\/ies-baix-montseny\/general\/intercanvi-amb-franca\/","title":{"rendered":"Intercanvi amb Fran\u00e7a"},"content":{"rendered":"<p><a href=\"https:\/\/agora.xtec.cat\/ies-baix-montseny\/wp-content\/uploads\/usu1288\/2024\/02\/Intercanvi-1.jpg\"><img loading=\"lazy\" decoding=\"async\" class=\" wp-image-23104 alignright\" src=\"https:\/\/agora.xtec.cat\/ies-baix-montseny\/wp-content\/uploads\/usu1288\/2024\/02\/Intercanvi-1.jpg\" alt=\"\" width=\"525\" height=\"394\" srcset=\"https:\/\/agora.xtec.cat\/ies-baix-montseny\/wp-content\/uploads\/usu1288\/2024\/02\/Intercanvi-1.jpg 2048w, https:\/\/agora.xtec.cat\/ies-baix-montseny\/wp-content\/uploads\/usu1288\/2024\/02\/Intercanvi-1-300x225.jpg 300w, https:\/\/agora.xtec.cat\/ies-baix-montseny\/wp-content\/uploads\/usu1288\/2024\/02\/Intercanvi-1-1024x768.jpg 1024w, https:\/\/agora.xtec.cat\/ies-baix-montseny\/wp-content\/uploads\/usu1288\/2024\/02\/Intercanvi-1-768x576.jpg 768w, https:\/\/agora.xtec.cat\/ies-baix-montseny\/wp-content\/uploads\/usu1288\/2024\/02\/Intercanvi-1-1536x1152.jpg 1536w, https:\/\/agora.xtec.cat\/ies-baix-montseny\/wp-content\/uploads\/usu1288\/2024\/02\/Intercanvi-1-200x150.jpg 200w\" sizes=\"auto, (max-width: 525px) 100vw, 525px\" \/><\/a><\/p>\n<p>Nova escola, mateix funcionament.<\/p>\n<p>De l\u20191 al 8 de febrer, els alumnes de 3r d\u2019ESO han acollit a 29 alumnes francesos a les seves llars. Ha sigut una setmana plena de noves amistats i d\u2019experi\u00e8ncies \u00faniques. Aquest curs venen de\u00a0l\u2019<strong>Institut L\u00e9on Gambetta de Cahors<\/strong>, una ciutat situada al nord de Toulouse.<br \/>\nEl dijous 1 els vam rebre a la tarda amb un picapica per trencar el gel. El divendres 2, van assistir a dues hores de classes amb alumnes de 1r, 2n i 3r d\u2019ESO per poder viure com s\u00f3n les classes aqu\u00ed. Despr\u00e9s, vam visitar Sant Celoni i finalment van fer jocs al pati de l\u2019institut per facilitar la creaci\u00f3 d\u2019un vincle abans d\u2019iniciar el cap de setmana.<br \/>\nDespr\u00e9s de passar el cap de setmana amb les fam\u00edlies d\u2019aqu\u00ed, les quals els han acollit com si fossin els seus fills, van fer visites culturals per Barcelona els dilluns i dimarts: la Sagrada Familia, el Barri g\u00f2tic, \u2026<br \/>\nFinalment, el dijous vam passar el dia tots junts a Girona fent un joc de pistes i comprant records d\u2019aquesta meravellosa estada.<br \/>\nAra ens toca esperar el 14 de mar\u00e7 per anar-hi nosaltres i poder compartir m\u00e9s moments com aquests.<\/p>\n","protected":false},"excerpt":{"rendered":"<p><a href=\"https:\/\/agora.xtec.cat\/ies-baix-montseny\/wp-content\/uploads\/usu1288\/2024\/02\/Intercanvi-1.jpg\"><\/a><br \/>\nNova escola, mateix funcionament.<br \/>\nDe l\u20191 al 8 de febrer, els alumnes de 3r d\u2019ESO han acollit a 29 alumnes francesos a les seves llars. Ha sigut una setmana plena de noves amistats i d\u2019experi\u00e8ncies \u00faniques. Aquest curs venen de\u00a0l\u2019Institut L\u00e9on Gambetta de Cahors, una&hellip;  <a href=\"https:\/\/agora.xtec.cat\/ies-baix-montseny\/general\/intercanvi-amb-franca\/\" title=\"Read Intercanvi amb Fran\u00e7a\">Llegeix m\u00e9s\u00bb<\/a><\/p>\n","protected":false},"author":1,"featured_media":23106,"comment_status":"closed","ping_status":"closed","sticky":false,"template":"","format":"standard","meta":{"_bbp_topic_count":0,"_bbp_reply_count":0,"_bbp_total_topic_count":0,"_bbp_total_reply_count":0,"_bbp_voice_count":0,"_bbp_anonymous_reply_count":0,"_bbp_topic_count_hidden":0,"_bbp_reply_count_hidden":0,"_bbp_forum_subforum_count":0,"footnotes":""},"categories":[6,1,197,29],"tags":[141,174,196,148,60,39],"class_list":["post-23101","post","type-post","status-publish","format-standard","has-post-thumbnail","hentry","category-eso-3","category-general","category-intercanvi-amb-franca","category-portada","tag-eso","tag-frances","tag-intercanvi","tag-llengues","tag-projectes","tag-sortides"],"post_mailing_queue_ids":[],"_links":{"self":[{"href":"https:\/\/agora.xtec.cat\/ies-baix-montseny\/wp-json\/wp\/v2\/posts\/23101","targetHints":{"allow":["GET"]}}],"collection":[{"href":"https:\/\/agora.xtec.cat\/ies-baix-montseny\/wp-json\/wp\/v2\/posts"}],"about":[{"href":"https:\/\/agora.xtec.cat\/ies-baix-montseny\/wp-json\/wp\/v2\/types\/post"}],"author":[{"embeddable":true,"href":"https:\/\/agora.xtec.cat\/ies-baix-montseny\/wp-json\/wp\/v2\/users\/1"}],"replies":[{"embeddable":true,"href":"https:\/\/agora.xtec.cat\/ies-baix-montseny\/wp-json\/wp\/v2\/comments?post=23101"}],"version-history":[{"count":6,"href":"https:\/\/agora.xtec.cat\/ies-baix-montseny\/wp-json\/wp\/v2\/posts\/23101\/revisions"}],"predecessor-version":[{"id":23110,"href":"https:\/\/agora.xtec.cat\/ies-baix-montseny\/wp-json\/wp\/v2\/posts\/23101\/revisions\/23110"}],"wp:featuredmedia":[{"embeddable":true,"href":"https:\/\/agora.xtec.cat\/ies-baix-montseny\/wp-json\/wp\/v2\/media\/23106"}],"wp:attachment":[{"href":"https:\/\/agora.xtec.cat\/ies-baix-montseny\/wp-json\/wp\/v2\/media?parent=23101"}],"wp:term":[{"taxonomy":"category","embeddable":true,"href":"https:\/\/agora.xtec.cat\/ies-baix-montseny\/wp-json\/wp\/v2\/categories?post=23101"},{"taxonomy":"post_tag","embeddable":true,"href":"https:\/\/agora.xtec.cat\/ies-baix-montseny\/wp-json\/wp\/v2\/tags?post=23101"}],"curies":[{"name":"wp","href":"https:\/\/api.w.org\/{rel}","templated":true}]}}