{"id":2305,"date":"2019-05-24T14:32:34","date_gmt":"2019-05-24T12:32:34","guid":{"rendered":"http:\/\/agora.xtec.cat\/ies-baix-montseny\/?p=2305"},"modified":"2019-05-24T14:32:34","modified_gmt":"2019-05-24T12:32:34","slug":"kit-fotonica","status":"publish","type":"post","link":"https:\/\/agora.xtec.cat\/ies-baix-montseny\/general\/kit-fotonica\/","title":{"rendered":"KIT FOT\u00d2NICA"},"content":{"rendered":"<div>Dilluns 20 de maig, el professor Ferran Claud\u00edn va recollir, a la seu de l&#8217;Institut d&#8217;Estudis Catalans, un kit de fot\u00f2nica, donaci\u00f3 de l&#8217;empresa Hamamatsu.<\/div>\n<div>La Societat Catalana de F\u00edsica ha triat\u00a0 el nostre centre perqu\u00e8 rebi aquest kit per haver obtingut un dels premis TREC (Treballs de Recerca de Batxillerat) en la darrera convocat\u00f2ria. Premi concedit a l&#8217;alumna Mireia Carvajal pel treball anomenat &#8220;Per qu\u00e8 volen els avions? El t\u00fanel de vent&#8221;.<\/div>\n<div><\/div>\n<div><a href=\"https:\/\/agora.xtec.cat\/ies-baix-montseny\/wp-content\/uploads\/usu1288\/2019\/05\/20190523_083121.jpg\"><img loading=\"lazy\" decoding=\"async\" class=\"alignnone size-full wp-image-2306\" src=\"https:\/\/agora.xtec.cat\/ies-baix-montseny\/wp-content\/uploads\/usu1288\/2019\/05\/20190523_083121.jpg\" alt=\"\" width=\"800\" height=\"600\" srcset=\"https:\/\/agora.xtec.cat\/ies-baix-montseny\/wp-content\/uploads\/usu1288\/2019\/05\/20190523_083121.jpg 800w, https:\/\/agora.xtec.cat\/ies-baix-montseny\/wp-content\/uploads\/usu1288\/2019\/05\/20190523_083121-300x225.jpg 300w, https:\/\/agora.xtec.cat\/ies-baix-montseny\/wp-content\/uploads\/usu1288\/2019\/05\/20190523_083121-768x576.jpg 768w, https:\/\/agora.xtec.cat\/ies-baix-montseny\/wp-content\/uploads\/usu1288\/2019\/05\/20190523_083121-200x150.jpg 200w\" sizes=\"auto, (max-width: 800px) 100vw, 800px\" \/><\/a> <a href=\"https:\/\/agora.xtec.cat\/ies-baix-montseny\/wp-content\/uploads\/usu1288\/2019\/05\/IMG_20190520_175514.jpg\"><img loading=\"lazy\" decoding=\"async\" class=\"alignnone size-large wp-image-2307\" src=\"https:\/\/agora.xtec.cat\/ies-baix-montseny\/wp-content\/uploads\/usu1288\/2019\/05\/IMG_20190520_175514.jpg\" alt=\"\" width=\"800\" height=\"600\" srcset=\"https:\/\/agora.xtec.cat\/ies-baix-montseny\/wp-content\/uploads\/usu1288\/2019\/05\/IMG_20190520_175514.jpg 800w, https:\/\/agora.xtec.cat\/ies-baix-montseny\/wp-content\/uploads\/usu1288\/2019\/05\/IMG_20190520_175514-300x225.jpg 300w, https:\/\/agora.xtec.cat\/ies-baix-montseny\/wp-content\/uploads\/usu1288\/2019\/05\/IMG_20190520_175514-768x576.jpg 768w, https:\/\/agora.xtec.cat\/ies-baix-montseny\/wp-content\/uploads\/usu1288\/2019\/05\/IMG_20190520_175514-200x150.jpg 200w\" sizes=\"auto, (max-width: 800px) 100vw, 800px\" \/><\/a><\/div>\n","protected":false},"excerpt":{"rendered":"<p>Dilluns 20 de maig, el professor Ferran Claud\u00edn va recollir, a la seu de l&#8217;Institut d&#8217;Estudis Catalans, un kit de fot\u00f2nica, donaci\u00f3 de l&#8217;empresa Hamamatsu.<br \/>\nLa Societat Catalana de F\u00edsica ha triat\u00a0 el nostre centre perqu\u00e8 rebi aquest kit per haver obtingut un dels premis TREC&hellip;  <a href=\"https:\/\/agora.xtec.cat\/ies-baix-montseny\/general\/kit-fotonica\/\" title=\"Read KIT FOT\u00d2NICA\">Llegeix m\u00e9s\u00bb<\/a><\/p>\n","protected":false},"author":7,"featured_media":2306,"comment_status":"open","ping_status":"closed","sticky":false,"template":"","format":"standard","meta":{"_bbp_topic_count":0,"_bbp_reply_count":0,"_bbp_total_topic_count":0,"_bbp_total_reply_count":0,"_bbp_voice_count":0,"_bbp_anonymous_reply_count":0,"_bbp_topic_count_hidden":0,"_bbp_reply_count_hidden":0,"_bbp_forum_subforum_count":0,"footnotes":""},"categories":[64,8,1,29],"tags":[],"class_list":["post-2305","post","type-post","status-publish","format-standard","has-post-thumbnail","hentry","category-activitats","category-batxillerat","category-general","category-portada"],"post_mailing_queue_ids":[],"_links":{"self":[{"href":"https:\/\/agora.xtec.cat\/ies-baix-montseny\/wp-json\/wp\/v2\/posts\/2305","targetHints":{"allow":["GET"]}}],"collection":[{"href":"https:\/\/agora.xtec.cat\/ies-baix-montseny\/wp-json\/wp\/v2\/posts"}],"about":[{"href":"https:\/\/agora.xtec.cat\/ies-baix-montseny\/wp-json\/wp\/v2\/types\/post"}],"author":[{"embeddable":true,"href":"https:\/\/agora.xtec.cat\/ies-baix-montseny\/wp-json\/wp\/v2\/users\/7"}],"replies":[{"embeddable":true,"href":"https:\/\/agora.xtec.cat\/ies-baix-montseny\/wp-json\/wp\/v2\/comments?post=2305"}],"version-history":[{"count":1,"href":"https:\/\/agora.xtec.cat\/ies-baix-montseny\/wp-json\/wp\/v2\/posts\/2305\/revisions"}],"predecessor-version":[{"id":2308,"href":"https:\/\/agora.xtec.cat\/ies-baix-montseny\/wp-json\/wp\/v2\/posts\/2305\/revisions\/2308"}],"wp:featuredmedia":[{"embeddable":true,"href":"https:\/\/agora.xtec.cat\/ies-baix-montseny\/wp-json\/wp\/v2\/media\/2306"}],"wp:attachment":[{"href":"https:\/\/agora.xtec.cat\/ies-baix-montseny\/wp-json\/wp\/v2\/media?parent=2305"}],"wp:term":[{"taxonomy":"category","embeddable":true,"href":"https:\/\/agora.xtec.cat\/ies-baix-montseny\/wp-json\/wp\/v2\/categories?post=2305"},{"taxonomy":"post_tag","embeddable":true,"href":"https:\/\/agora.xtec.cat\/ies-baix-montseny\/wp-json\/wp\/v2\/tags?post=2305"}],"curies":[{"name":"wp","href":"https:\/\/api.w.org\/{rel}","templated":true}]}}