{"id":22592,"date":"2023-10-17T08:46:06","date_gmt":"2023-10-17T06:46:06","guid":{"rendered":"https:\/\/agora.xtec.cat\/ies-baix-montseny\/?p=22592"},"modified":"2024-02-07T12:56:39","modified_gmt":"2024-02-07T11:56:39","slug":"bosc-i-sentits","status":"publish","type":"post","link":"https:\/\/agora.xtec.cat\/ies-baix-montseny\/general\/bosc-i-sentits\/","title":{"rendered":"Land Art"},"content":{"rendered":"<p><a href=\"https:\/\/agora.xtec.cat\/ies-baix-montseny\/wp-content\/uploads\/usu1288\/2023\/10\/cartell-Land-Art-resum.jpg\"><img loading=\"lazy\" decoding=\"async\" class=\" wp-image-22599 alignleft\" src=\"https:\/\/agora.xtec.cat\/ies-baix-montseny\/wp-content\/uploads\/usu1288\/2023\/10\/cartell-Land-Art-resum.jpg\" alt=\"\" width=\"203\" height=\"288\" srcset=\"https:\/\/agora.xtec.cat\/ies-baix-montseny\/wp-content\/uploads\/usu1288\/2023\/10\/cartell-Land-Art-resum.jpg 311w, https:\/\/agora.xtec.cat\/ies-baix-montseny\/wp-content\/uploads\/usu1288\/2023\/10\/cartell-Land-Art-resum-212x300.jpg 212w\" sizes=\"auto, (max-width: 203px) 100vw, 203px\" \/><\/a>Des del Departament de dibuix, us convidem dissabte 21 d&#8217;octubre a les 12h a la inauguraci\u00f3 del recorregut art\u00edstic dels alumnes de 2n de Batxillerat Art\u00edstic a l&#8217;arbreda del Perteg\u00e0s. Aquells que no pugueu venir, la podreu veure fins el 13 de novembre.<\/p>\n<p>Aquesta activitat consisteix en 6 instal.lacions ef\u00edmeres emmarcades dins de la setmana <em>Bosc i Sentits<\/em> que es fa a Sant Celoni. A m\u00e9s tamb\u00e9 hi haur\u00e0 6 instal.lacions art\u00edstiques al barri de la For\u00e7a relacionades amb la tem\u00e0tica del bosc.<\/p>\n<p>L&#8217;alumnat d&#8217;ESO far\u00e0 la visita a les hores de Visual i Pl\u00e0stica.<\/p>\n<p>&nbsp;<\/p>\n<p>Us adjuntem el tr\u00edptic digital:<\/p>\n<p><iframe loading=\"lazy\" src=\"https:\/\/drive.google.com\/file\/d\/1KwiE_KP66b6iTL-4LxoX3Q0RI4KscV_6\/preview\" width=\"100%\" height=\"480\"><\/iframe><\/p>\n","protected":false},"excerpt":{"rendered":"<p><a href=\"https:\/\/agora.xtec.cat\/ies-baix-montseny\/wp-content\/uploads\/usu1288\/2023\/10\/cartell-Land-Art-resum.jpg\"><\/a>Des del Departament de dibuix, us convidem dissabte 21 d&#8217;octubre a les 12h a la inauguraci\u00f3 del recorregut art\u00edstic dels alumnes de 2n de Batxillerat Art\u00edstic a l&#8217;arbreda del Perteg\u00e0s. Aquells que no pugueu venir, la podreu veure fins el 13 de novembre.<br \/>\nAquesta activitat&hellip;  <a href=\"https:\/\/agora.xtec.cat\/ies-baix-montseny\/general\/bosc-i-sentits\/\" title=\"Read Land Art\">Llegeix m\u00e9s\u00bb<\/a><\/p>\n","protected":false},"author":1,"featured_media":22599,"comment_status":"closed","ping_status":"closed","sticky":false,"template":"","format":"standard","meta":{"_bbp_topic_count":0,"_bbp_reply_count":0,"_bbp_total_topic_count":0,"_bbp_total_reply_count":0,"_bbp_voice_count":0,"_bbp_anonymous_reply_count":0,"_bbp_topic_count_hidden":0,"_bbp_reply_count_hidden":0,"_bbp_forum_subforum_count":0,"footnotes":""},"categories":[171,4,172,5,6,7,1,29],"tags":[144,138,147,146],"class_list":["post-22592","post","type-post","status-publish","format-standard","has-post-thumbnail","hentry","category-1r-batxillerat","category-eso-1","category-2n-batxillerat","category-eso-2","category-eso-3","category-eso-4","category-general","category-portada","tag-arts","tag-batxillerat","tag-exposicions","tag-natura"],"post_mailing_queue_ids":[],"_links":{"self":[{"href":"https:\/\/agora.xtec.cat\/ies-baix-montseny\/wp-json\/wp\/v2\/posts\/22592","targetHints":{"allow":["GET"]}}],"collection":[{"href":"https:\/\/agora.xtec.cat\/ies-baix-montseny\/wp-json\/wp\/v2\/posts"}],"about":[{"href":"https:\/\/agora.xtec.cat\/ies-baix-montseny\/wp-json\/wp\/v2\/types\/post"}],"author":[{"embeddable":true,"href":"https:\/\/agora.xtec.cat\/ies-baix-montseny\/wp-json\/wp\/v2\/users\/1"}],"replies":[{"embeddable":true,"href":"https:\/\/agora.xtec.cat\/ies-baix-montseny\/wp-json\/wp\/v2\/comments?post=22592"}],"version-history":[{"count":6,"href":"https:\/\/agora.xtec.cat\/ies-baix-montseny\/wp-json\/wp\/v2\/posts\/22592\/revisions"}],"predecessor-version":[{"id":22608,"href":"https:\/\/agora.xtec.cat\/ies-baix-montseny\/wp-json\/wp\/v2\/posts\/22592\/revisions\/22608"}],"wp:featuredmedia":[{"embeddable":true,"href":"https:\/\/agora.xtec.cat\/ies-baix-montseny\/wp-json\/wp\/v2\/media\/22599"}],"wp:attachment":[{"href":"https:\/\/agora.xtec.cat\/ies-baix-montseny\/wp-json\/wp\/v2\/media?parent=22592"}],"wp:term":[{"taxonomy":"category","embeddable":true,"href":"https:\/\/agora.xtec.cat\/ies-baix-montseny\/wp-json\/wp\/v2\/categories?post=22592"},{"taxonomy":"post_tag","embeddable":true,"href":"https:\/\/agora.xtec.cat\/ies-baix-montseny\/wp-json\/wp\/v2\/tags?post=22592"}],"curies":[{"name":"wp","href":"https:\/\/api.w.org\/{rel}","templated":true}]}}