{"id":22412,"date":"2023-07-21T12:50:46","date_gmt":"2023-07-21T10:50:46","guid":{"rendered":"https:\/\/agora.xtec.cat\/ies-baix-montseny\/?p=22412"},"modified":"2024-02-14T09:51:32","modified_gmt":"2024-02-14T08:51:32","slug":"comencament-curs-2023-2024","status":"publish","type":"post","link":"https:\/\/agora.xtec.cat\/ies-baix-montseny\/general\/comencament-curs-2023-2024\/","title":{"rendered":"Inici curs 2023-2024"},"content":{"rendered":"<p><a href=\"https:\/\/agora.xtec.cat\/ies-baix-montseny\/wp-content\/uploads\/usu1288\/2023\/07\/Inici-curs-23-24-1024-\u00d7-400-px.png\" target=\"_blank\" rel=\"noopener\"><img loading=\"lazy\" decoding=\"async\" class=\"alignnone wp-image-22462 size-full\" src=\"https:\/\/agora.xtec.cat\/ies-baix-montseny\/wp-content\/uploads\/usu1288\/2023\/07\/Inici-curs-23-24-1024-\u00d7-400-px.png\" alt=\"\" width=\"1024\" height=\"400\" srcset=\"https:\/\/agora.xtec.cat\/ies-baix-montseny\/wp-content\/uploads\/usu1288\/2023\/07\/Inici-curs-23-24-1024-\u00d7-400-px.png 1024w, https:\/\/agora.xtec.cat\/ies-baix-montseny\/wp-content\/uploads\/usu1288\/2023\/07\/Inici-curs-23-24-1024-\u00d7-400-px-300x117.png 300w, https:\/\/agora.xtec.cat\/ies-baix-montseny\/wp-content\/uploads\/usu1288\/2023\/07\/Inici-curs-23-24-1024-\u00d7-400-px-768x300.png 768w\" sizes=\"auto, (max-width: 1024px) 100vw, 1024px\" \/><\/a><\/p>\n<ul>\n<li>\n<h4><a href=\"https:\/\/drive.google.com\/file\/d\/15ofrq4vSrcFgik5mW-R5gGCLp1B5RWio\/view?usp=sharing\" target=\"_blank\" rel=\"noopener\">Informaci\u00f3 primer dia de curs i reunions fam\u00edlies (<span style=\"text-decoration: underline;\">Informaci\u00f3 ACTUALITZADA<\/span> a 5 de setembre)<\/a><\/h4>\n<\/li>\n<li>\n<h4><a href=\"https:\/\/agora.xtec.cat\/ies-baix-montseny\/dossiers-inici-de-curs-2023-2024\/\" target=\"_blank\" rel=\"noopener\">Dossiers inici de curs<\/a><\/h4>\n<\/li>\n<li>\n<h4><a href=\"https:\/\/agora.xtec.cat\/ies-baix-montseny\/general\/llistat-de-llibres-2023-2024\/\" target=\"_blank\" rel=\"noopener\">Llibres de text<\/a><\/h4>\n<\/li>\n<li>\n<h4><a href=\"https:\/\/drive.google.com\/file\/d\/1043cbFoFSTbFK1ZWx52xolh6QS7zj3gb\/view?usp=sharing\" target=\"_blank\" rel=\"noopener\">Nova normativa d&#8217;\u00fas de tel\u00e8fons m\u00f2bils<\/a><\/h4>\n<\/li>\n<li>\n<h4><a href=\"https:\/\/agora.xtec.cat\/ies-baix-montseny\/nomenaments-professorat\/\" target=\"_blank\" rel=\"noopener\">Nomenaments NOU professorat<\/a><\/h4>\n<\/li>\n<\/ul>\n","protected":false},"excerpt":{"rendered":"<p><a href=\"https:\/\/agora.xtec.cat\/ies-baix-montseny\/wp-content\/uploads\/usu1288\/2023\/07\/Inici-curs-23-24-1024-\u00d7-400-px.png\" target=\"_blank\" rel=\"noopener\"><\/a><\/p>\n<ul>\n<li>\n<a href=\"https:\/\/drive.google.com\/file\/d\/15ofrq4vSrcFgik5mW-R5gGCLp1B5RWio\/view?usp=sharing\" target=\"_blank\" rel=\"noopener\">Informaci\u00f3 primer dia de curs i reunions fam\u00edlies (Informaci\u00f3 ACTUALITZADA a 5 de setembre)<\/a>\n<\/li>\n<li>\n<a href=\"https:\/\/agora.xtec.cat\/ies-baix-montseny\/dossiers-inici-de-curs-2023-2024\/\" target=\"_blank\" rel=\"noopener\">Dossiers inici de curs<\/a>\n<\/li>\n<li>\n<a href=\"https:\/\/agora.xtec.cat\/ies-baix-montseny\/general\/llistat-de-llibres-2023-2024\/\" target=\"_blank\" rel=\"noopener\">Llibres de text<\/a>\n<\/li>\n<li>\n<a href=\"https:\/\/drive.google.com\/file\/d\/1043cbFoFSTbFK1ZWx52xolh6QS7zj3gb\/view?usp=sharing\" target=\"_blank\" rel=\"noopener\">Nova normativa d&#8217;\u00fas de tel\u00e8fons m\u00f2bils<\/a>\n<\/li>\n<li>\n<a href=\"https:\/\/agora.xtec.cat\/ies-baix-montseny\/nomenaments-professorat\/\" target=\"_blank\" rel=\"noopener\">Nomenaments NOU professorat<\/a>\n<\/li>\n<\/ul>\n","protected":false},"author":1,"featured_media":22462,"comment_status":"closed","ping_status":"closed","sticky":false,"template":"","format":"standard","meta":{"_bbp_topic_count":0,"_bbp_reply_count":0,"_bbp_total_topic_count":0,"_bbp_total_reply_count":0,"_bbp_voice_count":0,"_bbp_anonymous_reply_count":0,"_bbp_topic_count_hidden":0,"_bbp_reply_count_hidden":0,"_bbp_forum_subforum_count":0,"footnotes":""},"categories":[1,29],"tags":[],"class_list":["post-22412","post","type-post","status-publish","format-standard","has-post-thumbnail","hentry","category-general","category-portada"],"post_mailing_queue_ids":[],"_links":{"self":[{"href":"https:\/\/agora.xtec.cat\/ies-baix-montseny\/wp-json\/wp\/v2\/posts\/22412","targetHints":{"allow":["GET"]}}],"collection":[{"href":"https:\/\/agora.xtec.cat\/ies-baix-montseny\/wp-json\/wp\/v2\/posts"}],"about":[{"href":"https:\/\/agora.xtec.cat\/ies-baix-montseny\/wp-json\/wp\/v2\/types\/post"}],"author":[{"embeddable":true,"href":"https:\/\/agora.xtec.cat\/ies-baix-montseny\/wp-json\/wp\/v2\/users\/1"}],"replies":[{"embeddable":true,"href":"https:\/\/agora.xtec.cat\/ies-baix-montseny\/wp-json\/wp\/v2\/comments?post=22412"}],"version-history":[{"count":3,"href":"https:\/\/agora.xtec.cat\/ies-baix-montseny\/wp-json\/wp\/v2\/posts\/22412\/revisions"}],"predecessor-version":[{"id":22563,"href":"https:\/\/agora.xtec.cat\/ies-baix-montseny\/wp-json\/wp\/v2\/posts\/22412\/revisions\/22563"}],"wp:featuredmedia":[{"embeddable":true,"href":"https:\/\/agora.xtec.cat\/ies-baix-montseny\/wp-json\/wp\/v2\/media\/22462"}],"wp:attachment":[{"href":"https:\/\/agora.xtec.cat\/ies-baix-montseny\/wp-json\/wp\/v2\/media?parent=22412"}],"wp:term":[{"taxonomy":"category","embeddable":true,"href":"https:\/\/agora.xtec.cat\/ies-baix-montseny\/wp-json\/wp\/v2\/categories?post=22412"},{"taxonomy":"post_tag","embeddable":true,"href":"https:\/\/agora.xtec.cat\/ies-baix-montseny\/wp-json\/wp\/v2\/tags?post=22412"}],"curies":[{"name":"wp","href":"https:\/\/api.w.org\/{rel}","templated":true}]}}