{"id":22112,"date":"2023-05-10T14:58:55","date_gmt":"2023-05-10T12:58:55","guid":{"rendered":"https:\/\/agora.xtec.cat\/ies-baix-montseny\/?p=22112"},"modified":"2023-05-10T15:00:36","modified_gmt":"2023-05-10T13:00:36","slug":"mapadeball-a-lateneu","status":"publish","type":"post","link":"https:\/\/agora.xtec.cat\/ies-baix-montseny\/general\/mapadeball-a-lateneu\/","title":{"rendered":"&#8220;Mapadeball&#8221; a l&#8217;Ateneu"},"content":{"rendered":"<p>Un any m\u00e9s, l&#8217;alumnat de 2n d&#8217;ESO de l&#8217;Institut participa en el projecte <a href=\"https:\/\/drive.google.com\/file\/d\/1x50Cbozp9jNt-SWoP_dtO8POpmgMWhgX\/view?usp=sharing\" target=\"_blank\" rel=\"noopener\">&#8220;Mapadeball&#8221;<\/a>, un projecte adre\u00e7at a professors i estudiants d&#8217;ensenyament secundari que t\u00e9 per finalitat introduir, promoure i donar a con\u00e8ixer el llenguatge del moviment i la dansa contempor\u00e0nia al p\u00fablic jove.<\/p>\n<p>L&#8217;espectacle es representar\u00e0 a l&#8217;Ateneu de Sant Celoni el proper 18 de maig i la sessi\u00f3 de les 20h. ser\u00e0 oberta al p\u00fablic.<\/p>\n<p>&nbsp;<\/p>\n<p><a href=\"https:\/\/agora.xtec.cat\/ies-baix-montseny\/wp-content\/uploads\/usu1288\/2023\/05\/Cartell-Sant-Celoni-23_page-0001.jpg\"><img loading=\"lazy\" decoding=\"async\" class=\"alignnone wp-image-22114 \" src=\"https:\/\/agora.xtec.cat\/ies-baix-montseny\/wp-content\/uploads\/usu1288\/2023\/05\/Cartell-Sant-Celoni-23_page-0001.jpg\" alt=\"\" width=\"609\" height=\"861\" srcset=\"https:\/\/agora.xtec.cat\/ies-baix-montseny\/wp-content\/uploads\/usu1288\/2023\/05\/Cartell-Sant-Celoni-23_page-0001.jpg 1024w, https:\/\/agora.xtec.cat\/ies-baix-montseny\/wp-content\/uploads\/usu1288\/2023\/05\/Cartell-Sant-Celoni-23_page-0001-212x300.jpg 212w, https:\/\/agora.xtec.cat\/ies-baix-montseny\/wp-content\/uploads\/usu1288\/2023\/05\/Cartell-Sant-Celoni-23_page-0001-724x1024.jpg 724w, https:\/\/agora.xtec.cat\/ies-baix-montseny\/wp-content\/uploads\/usu1288\/2023\/05\/Cartell-Sant-Celoni-23_page-0001-768x1086.jpg 768w\" sizes=\"auto, (max-width: 609px) 100vw, 609px\" \/><\/a><\/p>\n","protected":false},"excerpt":{"rendered":"<p>Un any m\u00e9s, l&#8217;alumnat de 2n d&#8217;ESO de l&#8217;Institut participa en el projecte <a href=\"https:\/\/drive.google.com\/file\/d\/1x50Cbozp9jNt-SWoP_dtO8POpmgMWhgX\/view?usp=sharing\" target=\"_blank\" rel=\"noopener\">&#8220;Mapadeball&#8221;<\/a>, un projecte adre\u00e7at a professors i estudiants d&#8217;ensenyament secundari que t\u00e9 per finalitat introduir, promoure i donar a con\u00e8ixer el llenguatge del moviment i la dansa contempor\u00e0nia al&hellip;  <a href=\"https:\/\/agora.xtec.cat\/ies-baix-montseny\/general\/mapadeball-a-lateneu\/\" title=\"Read &#8220;Mapadeball&#8221; a l&#8217;Ateneu\">Llegeix m\u00e9s\u00bb<\/a><\/p>\n","protected":false},"author":1,"featured_media":22118,"comment_status":"closed","ping_status":"closed","sticky":false,"template":"","format":"standard","meta":{"_bbp_topic_count":0,"_bbp_reply_count":0,"_bbp_total_topic_count":0,"_bbp_total_reply_count":0,"_bbp_voice_count":0,"_bbp_anonymous_reply_count":0,"_bbp_topic_count_hidden":0,"_bbp_reply_count_hidden":0,"_bbp_forum_subforum_count":0,"footnotes":""},"categories":[5,1,29],"tags":[144,157,60],"class_list":["post-22112","post","type-post","status-publish","format-standard","has-post-thumbnail","hentry","category-eso-2","category-general","category-portada","tag-arts","tag-dansa","tag-projectes"],"post_mailing_queue_ids":[],"_links":{"self":[{"href":"https:\/\/agora.xtec.cat\/ies-baix-montseny\/wp-json\/wp\/v2\/posts\/22112","targetHints":{"allow":["GET"]}}],"collection":[{"href":"https:\/\/agora.xtec.cat\/ies-baix-montseny\/wp-json\/wp\/v2\/posts"}],"about":[{"href":"https:\/\/agora.xtec.cat\/ies-baix-montseny\/wp-json\/wp\/v2\/types\/post"}],"author":[{"embeddable":true,"href":"https:\/\/agora.xtec.cat\/ies-baix-montseny\/wp-json\/wp\/v2\/users\/1"}],"replies":[{"embeddable":true,"href":"https:\/\/agora.xtec.cat\/ies-baix-montseny\/wp-json\/wp\/v2\/comments?post=22112"}],"version-history":[{"count":3,"href":"https:\/\/agora.xtec.cat\/ies-baix-montseny\/wp-json\/wp\/v2\/posts\/22112\/revisions"}],"predecessor-version":[{"id":22120,"href":"https:\/\/agora.xtec.cat\/ies-baix-montseny\/wp-json\/wp\/v2\/posts\/22112\/revisions\/22120"}],"wp:featuredmedia":[{"embeddable":true,"href":"https:\/\/agora.xtec.cat\/ies-baix-montseny\/wp-json\/wp\/v2\/media\/22118"}],"wp:attachment":[{"href":"https:\/\/agora.xtec.cat\/ies-baix-montseny\/wp-json\/wp\/v2\/media?parent=22112"}],"wp:term":[{"taxonomy":"category","embeddable":true,"href":"https:\/\/agora.xtec.cat\/ies-baix-montseny\/wp-json\/wp\/v2\/categories?post=22112"},{"taxonomy":"post_tag","embeddable":true,"href":"https:\/\/agora.xtec.cat\/ies-baix-montseny\/wp-json\/wp\/v2\/tags?post=22112"}],"curies":[{"name":"wp","href":"https:\/\/api.w.org\/{rel}","templated":true}]}}