{"id":22102,"date":"2023-05-09T09:39:08","date_gmt":"2023-05-09T07:39:08","guid":{"rendered":"https:\/\/agora.xtec.cat\/ies-baix-montseny\/?p=22102"},"modified":"2023-05-09T10:49:51","modified_gmt":"2023-05-09T08:49:51","slug":"ajuts-per-alumnes-amb-necessitat-de-suport-educatiu","status":"publish","type":"post","link":"https:\/\/agora.xtec.cat\/ies-baix-montseny\/general\/ajuts-per-alumnes-amb-necessitat-de-suport-educatiu\/","title":{"rendered":"Ajuts per alumnes amb necessitat de suport educatiu"},"content":{"rendered":"<p>Oberta la convocat\u00f2ria d&#8217;Ajuts individualitzats convocats pel Ministeri d&#8217;Educaci\u00f3 i Formaci\u00f3 Professional per a alumnes amb necessitat espec\u00edfica de suport educatiu, el termini per presentar les sol\u00b7licituds \u00e9s del <strong>8 de maig al 20 de setembre de 2023<\/strong>.<\/p>\n<p>Tot el proc\u00e9s de sol\u00b7licitud de la beca es fa a trav\u00e9s de la seu electr\u00f2nica del Ministeri d&#8217;Educaci\u00f3 i Formaci\u00f3 Professional.<\/p>\n<p>Si no es disposa de certificat electr\u00f2nic, claus electr\u00f2niques d&#8217;administracions p\u00fabliques o certificat electr\u00f2nic, un cop emplenat el formulari de sol\u00b7licitud s&#8217;haur\u00e0 d&#8217;imprimir (en format PDF) i presentar-lo al centre educatiu, on s&#8217;estudiar\u00e0.<\/p>\n<p>Podeu fer el tr\u00e0mit i consultar tota la informaci\u00f3 en aquest <a href=\"https:\/\/educacio.gencat.cat\/ca\/tramits\/tramits-temes\/358-ajuts-ministerio-NEE\" target=\"_blank\" rel=\"noopener\">enlla\u00e7<\/a><\/p>\n<p>&nbsp;<\/p>\n<p><a href=\"https:\/\/www.becaseducacion.gob.es\/becas-y-ayudas\/ayudas-apoyo-educativo\/tipos-de-becas.html\" target=\"_blank\" rel=\"noopener\"><img loading=\"lazy\" decoding=\"async\" class=\"wp-image-21610 alignnone\" src=\"https:\/\/agora.xtec.cat\/ies-baix-montseny\/wp-content\/uploads\/usu1288\/2023\/02\/Becas-educacion.png\" alt=\"\" width=\"202\" height=\"94\" srcset=\"https:\/\/agora.xtec.cat\/ies-baix-montseny\/wp-content\/uploads\/usu1288\/2023\/02\/Becas-educacion.png 760w, https:\/\/agora.xtec.cat\/ies-baix-montseny\/wp-content\/uploads\/usu1288\/2023\/02\/Becas-educacion-300x140.png 300w\" sizes=\"auto, (max-width: 202px) 100vw, 202px\" \/><\/a><\/p>\n","protected":false},"excerpt":{"rendered":"<p>Oberta la convocat\u00f2ria d&#8217;Ajuts individualitzats convocats pel Ministeri d&#8217;Educaci\u00f3 i Formaci\u00f3 Professional per a alumnes amb necessitat espec\u00edfica de suport educatiu, el termini per presentar les sol\u00b7licituds \u00e9s del 8 de maig al 20 de setembre de 2023.<br \/>\nTot el proc\u00e9s de sol\u00b7licitud de la beca&hellip;  <a href=\"https:\/\/agora.xtec.cat\/ies-baix-montseny\/general\/ajuts-per-alumnes-amb-necessitat-de-suport-educatiu\/\" title=\"Read Ajuts per alumnes amb necessitat de suport educatiu\">Llegeix m\u00e9s\u00bb<\/a><\/p>\n","protected":false},"author":1,"featured_media":22110,"comment_status":"closed","ping_status":"closed","sticky":false,"template":"","format":"standard","meta":{"_bbp_topic_count":0,"_bbp_reply_count":0,"_bbp_total_topic_count":0,"_bbp_total_reply_count":0,"_bbp_voice_count":0,"_bbp_anonymous_reply_count":0,"_bbp_topic_count_hidden":0,"_bbp_reply_count_hidden":0,"_bbp_forum_subforum_count":0,"footnotes":""},"categories":[171,4,172,5,6,7,30,1,29],"tags":[159,154],"class_list":["post-22102","post","type-post","status-publish","format-standard","has-post-thumbnail","hentry","category-1r-batxillerat","category-eso-1","category-2n-batxillerat","category-eso-2","category-eso-3","category-eso-4","category-cicles-formatius","category-general","category-portada","tag-beques","tag-families"],"post_mailing_queue_ids":[],"_links":{"self":[{"href":"https:\/\/agora.xtec.cat\/ies-baix-montseny\/wp-json\/wp\/v2\/posts\/22102","targetHints":{"allow":["GET"]}}],"collection":[{"href":"https:\/\/agora.xtec.cat\/ies-baix-montseny\/wp-json\/wp\/v2\/posts"}],"about":[{"href":"https:\/\/agora.xtec.cat\/ies-baix-montseny\/wp-json\/wp\/v2\/types\/post"}],"author":[{"embeddable":true,"href":"https:\/\/agora.xtec.cat\/ies-baix-montseny\/wp-json\/wp\/v2\/users\/1"}],"replies":[{"embeddable":true,"href":"https:\/\/agora.xtec.cat\/ies-baix-montseny\/wp-json\/wp\/v2\/comments?post=22102"}],"version-history":[{"count":3,"href":"https:\/\/agora.xtec.cat\/ies-baix-montseny\/wp-json\/wp\/v2\/posts\/22102\/revisions"}],"predecessor-version":[{"id":22109,"href":"https:\/\/agora.xtec.cat\/ies-baix-montseny\/wp-json\/wp\/v2\/posts\/22102\/revisions\/22109"}],"wp:featuredmedia":[{"embeddable":true,"href":"https:\/\/agora.xtec.cat\/ies-baix-montseny\/wp-json\/wp\/v2\/media\/22110"}],"wp:attachment":[{"href":"https:\/\/agora.xtec.cat\/ies-baix-montseny\/wp-json\/wp\/v2\/media?parent=22102"}],"wp:term":[{"taxonomy":"category","embeddable":true,"href":"https:\/\/agora.xtec.cat\/ies-baix-montseny\/wp-json\/wp\/v2\/categories?post=22102"},{"taxonomy":"post_tag","embeddable":true,"href":"https:\/\/agora.xtec.cat\/ies-baix-montseny\/wp-json\/wp\/v2\/tags?post=22102"}],"curies":[{"name":"wp","href":"https:\/\/api.w.org\/{rel}","templated":true}]}}