{"id":22062,"date":"2023-04-25T13:46:35","date_gmt":"2023-04-25T11:46:35","guid":{"rendered":"https:\/\/agora.xtec.cat\/ies-baix-montseny\/?p=22062"},"modified":"2023-04-25T17:58:35","modified_gmt":"2023-04-25T15:58:35","slug":"projeccio-audiovisual","status":"publish","type":"post","link":"https:\/\/agora.xtec.cat\/ies-baix-montseny\/general\/projeccio-audiovisual\/","title":{"rendered":"PROJECCI\u00d3 AUDIOVISUAL"},"content":{"rendered":"<p dir=\"ltr\"><a href=\"https:\/\/agora.xtec.cat\/ies-baix-montseny\/wp-content\/uploads\/usu1288\/2023\/04\/cartell-1_page-0001-1-scaled.jpg\"><img loading=\"lazy\" decoding=\"async\" class=\"alignnone size-large wp-image-22063\" src=\"https:\/\/agora.xtec.cat\/ies-baix-montseny\/wp-content\/uploads\/usu1288\/2023\/04\/cartell-1_page-0001-1-724x1024.jpg\" alt=\"\" width=\"724\" height=\"1024\" srcset=\"https:\/\/agora.xtec.cat\/ies-baix-montseny\/wp-content\/uploads\/usu1288\/2023\/04\/cartell-1_page-0001-1-724x1024.jpg 724w, https:\/\/agora.xtec.cat\/ies-baix-montseny\/wp-content\/uploads\/usu1288\/2023\/04\/cartell-1_page-0001-1-212x300.jpg 212w, https:\/\/agora.xtec.cat\/ies-baix-montseny\/wp-content\/uploads\/usu1288\/2023\/04\/cartell-1_page-0001-1-768x1086.jpg 768w, https:\/\/agora.xtec.cat\/ies-baix-montseny\/wp-content\/uploads\/usu1288\/2023\/04\/cartell-1_page-0001-1-1086x1536.jpg 1086w, https:\/\/agora.xtec.cat\/ies-baix-montseny\/wp-content\/uploads\/usu1288\/2023\/04\/cartell-1_page-0001-1-1448x2048.jpg 1448w, https:\/\/agora.xtec.cat\/ies-baix-montseny\/wp-content\/uploads\/usu1288\/2023\/04\/cartell-1_page-0001-1-scaled.jpg 1810w\" sizes=\"auto, (max-width: 724px) 100vw, 724px\" \/><\/a><\/p>\n<p dir=\"ltr\">El proper<b> dimecres 3 de maig <\/b>l\u2019alumnat de Batxillerat Art\u00edstic i de Comunicaci\u00f3 Audiovisual del Social i Human\u00edstic presentaran els seus treballs a un cinema de veritat.<\/p>\n<p dir=\"ltr\">Posarem l\u2019estora vermella perqu\u00e8 els\/les nostres creadors\/es desfilin i ens presentin els treballs que han estat fent en diferents mat\u00e8ries (Comunicaci\u00f3 Audiovisual, Cultura Audiovisual I i II, Publicitat, Fotografia i Llenguatges art\u00edstics contemporanis).<\/p>\n<p dir=\"ltr\">L\u2019acte tindr\u00e0 lloc al Cinema Esbarjo de Cardedeu, sala amb una llarga traject\u00f2ria del Vall\u00e8s Oriental.<\/p>\n<p dir=\"ltr\">Us esperem a tots i totes, alumnat, profes, pares, mares, avis, \u00e0vies, tiets, tietes, ve\u00efns i ve\u00efnes, us convidem a desfilar per l\u2019estora de la fama i a l\u2019atorgament de premis a tots els participants. HI ESTEU CONVIDATS\/DES! L&#8217;acte comen\u00e7ar\u00e0 a les <b>20h<\/b>.<\/p>\n<p><i>Professorat BATART<\/i><\/p>\n","protected":false},"excerpt":{"rendered":"<p><a href=\"https:\/\/agora.xtec.cat\/ies-baix-montseny\/wp-content\/uploads\/usu1288\/2023\/04\/cartell-1_page-0001-1-scaled.jpg\"><\/a><br \/>\nEl proper dimecres 3 de maig l\u2019alumnat de Batxillerat Art\u00edstic i de Comunicaci\u00f3 Audiovisual del Social i Human\u00edstic presentaran els seus treballs a un cinema de veritat.<br \/>\nPosarem l\u2019estora vermella perqu\u00e8 els\/les nostres creadors\/es desfilin i ens presentin els treballs que han estat fent en&hellip;  <a href=\"https:\/\/agora.xtec.cat\/ies-baix-montseny\/general\/projeccio-audiovisual\/\" title=\"Read PROJECCI\u00d3 AUDIOVISUAL\">Llegeix m\u00e9s\u00bb<\/a><\/p>\n","protected":false},"author":7,"featured_media":22063,"comment_status":"closed","ping_status":"closed","sticky":false,"template":"","format":"standard","meta":{"_bbp_topic_count":0,"_bbp_reply_count":0,"_bbp_total_topic_count":0,"_bbp_total_reply_count":0,"_bbp_voice_count":0,"_bbp_anonymous_reply_count":0,"_bbp_topic_count_hidden":0,"_bbp_reply_count_hidden":0,"_bbp_forum_subforum_count":0,"footnotes":""},"categories":[171,172,8,1,29],"tags":[144,138],"class_list":["post-22062","post","type-post","status-publish","format-standard","has-post-thumbnail","hentry","category-1r-batxillerat","category-2n-batxillerat","category-batxillerat","category-general","category-portada","tag-arts","tag-batxillerat"],"post_mailing_queue_ids":[],"_links":{"self":[{"href":"https:\/\/agora.xtec.cat\/ies-baix-montseny\/wp-json\/wp\/v2\/posts\/22062","targetHints":{"allow":["GET"]}}],"collection":[{"href":"https:\/\/agora.xtec.cat\/ies-baix-montseny\/wp-json\/wp\/v2\/posts"}],"about":[{"href":"https:\/\/agora.xtec.cat\/ies-baix-montseny\/wp-json\/wp\/v2\/types\/post"}],"author":[{"embeddable":true,"href":"https:\/\/agora.xtec.cat\/ies-baix-montseny\/wp-json\/wp\/v2\/users\/7"}],"replies":[{"embeddable":true,"href":"https:\/\/agora.xtec.cat\/ies-baix-montseny\/wp-json\/wp\/v2\/comments?post=22062"}],"version-history":[{"count":1,"href":"https:\/\/agora.xtec.cat\/ies-baix-montseny\/wp-json\/wp\/v2\/posts\/22062\/revisions"}],"predecessor-version":[{"id":22064,"href":"https:\/\/agora.xtec.cat\/ies-baix-montseny\/wp-json\/wp\/v2\/posts\/22062\/revisions\/22064"}],"wp:featuredmedia":[{"embeddable":true,"href":"https:\/\/agora.xtec.cat\/ies-baix-montseny\/wp-json\/wp\/v2\/media\/22063"}],"wp:attachment":[{"href":"https:\/\/agora.xtec.cat\/ies-baix-montseny\/wp-json\/wp\/v2\/media?parent=22062"}],"wp:term":[{"taxonomy":"category","embeddable":true,"href":"https:\/\/agora.xtec.cat\/ies-baix-montseny\/wp-json\/wp\/v2\/categories?post=22062"},{"taxonomy":"post_tag","embeddable":true,"href":"https:\/\/agora.xtec.cat\/ies-baix-montseny\/wp-json\/wp\/v2\/tags?post=22062"}],"curies":[{"name":"wp","href":"https:\/\/api.w.org\/{rel}","templated":true}]}}