{"id":22015,"date":"2023-03-31T12:33:39","date_gmt":"2023-03-31T10:33:39","guid":{"rendered":"https:\/\/agora.xtec.cat\/ies-baix-montseny\/?p=22015"},"modified":"2024-02-14T09:29:01","modified_gmt":"2024-02-14T08:29:01","slug":"reprenem-els-intercanvis-amb-franca","status":"publish","type":"post","link":"https:\/\/agora.xtec.cat\/ies-baix-montseny\/general\/reprenem-els-intercanvis-amb-franca\/","title":{"rendered":"Reprenem els intercanvis amb Fran\u00e7a"},"content":{"rendered":"<p>Reprenem els intercanvis amb Fran\u00e7a amb \u00e8xit!<\/p>\n<p>Despr\u00e9s de 3 anys parats, aquest curs hem tingut l\u2019alegria de reprendre l\u2019intercanvi amb l\u2019institut franc\u00e8s Charles de Gaulles amb els nostres alumnes de 3r d\u2019ESO.<br \/>\nDel 2 al 9 de mar\u00e7, vam rebre 42 alumnes francesos i 3 professores durant una setmana. El mateix dijous ja vam poder veure com comen\u00e7ava a crear-se unes relacions que creiem que perduraran m\u00e9s enll\u00e0 d\u2019aquest mes.<br \/>\nVan compartir visites a Barcelona, classes a l\u2019institut, partits de futbol; en definitiva molts moments inoblidables.<br \/>\nEl dia 9 de mar\u00e7, el comiat va ser dur encara que sab\u00edem que en breu ens retrobar\u00edem.<br \/>\nL\u2019institut Charles de Gaulles de Guilherand Granges (al sud de Fran\u00e7a) ens va rebre del 23 al 30 de mar\u00e7 amb molta generositat i implicaci\u00f3 per part del centre, dels professors, de les fam\u00edlies i alumnes.<br \/>\nVam estar tota la setmana fent activitats al centre i visites de la regi\u00f3. L&#8217;alumnat va poder assistir a classes, dinar al menjador escolar i participar en una competici\u00f3 esportiva.<br \/>\nHa sigut una setmana plena d\u2019emocions en la qual els nostres alumnes han pogut viure la llengua i la cultura francesa.<\/p>\n<p><a href=\"https:\/\/agora.xtec.cat\/ies-baix-montseny\/wp-content\/uploads\/usu1288\/2023\/03\/img24.jpg\"><img loading=\"lazy\" decoding=\"async\" class=\"alignnone size-full wp-image-22018\" src=\"https:\/\/agora.xtec.cat\/ies-baix-montseny\/wp-content\/uploads\/usu1288\/2023\/03\/img24.jpg\" alt=\"\" width=\"2500\" height=\"1097\" srcset=\"https:\/\/agora.xtec.cat\/ies-baix-montseny\/wp-content\/uploads\/usu1288\/2023\/03\/img24.jpg 2500w, https:\/\/agora.xtec.cat\/ies-baix-montseny\/wp-content\/uploads\/usu1288\/2023\/03\/img24-300x132.jpg 300w, https:\/\/agora.xtec.cat\/ies-baix-montseny\/wp-content\/uploads\/usu1288\/2023\/03\/img24-1024x449.jpg 1024w, https:\/\/agora.xtec.cat\/ies-baix-montseny\/wp-content\/uploads\/usu1288\/2023\/03\/img24-768x337.jpg 768w, https:\/\/agora.xtec.cat\/ies-baix-montseny\/wp-content\/uploads\/usu1288\/2023\/03\/img24-1536x674.jpg 1536w, https:\/\/agora.xtec.cat\/ies-baix-montseny\/wp-content\/uploads\/usu1288\/2023\/03\/img24-2048x899.jpg 2048w\" sizes=\"auto, (max-width: 2500px) 100vw, 2500px\" \/><\/a><\/p>\n","protected":false},"excerpt":{"rendered":"<p>Reprenem els intercanvis amb Fran\u00e7a amb \u00e8xit!<br \/>\nDespr\u00e9s de 3 anys parats, aquest curs hem tingut l\u2019alegria de reprendre l\u2019intercanvi amb l\u2019institut franc\u00e8s Charles de Gaulles amb els nostres alumnes de 3r d\u2019ESO.<br \/>\nDel 2 al 9 de mar\u00e7, vam rebre 42 alumnes francesos i 3 professores&hellip;  <a href=\"https:\/\/agora.xtec.cat\/ies-baix-montseny\/general\/reprenem-els-intercanvis-amb-franca\/\" title=\"Read Reprenem els intercanvis amb Fran\u00e7a\">Llegeix m\u00e9s\u00bb<\/a><\/p>\n","protected":false},"author":1,"featured_media":22017,"comment_status":"closed","ping_status":"closed","sticky":false,"template":"","format":"standard","meta":{"_bbp_topic_count":0,"_bbp_reply_count":0,"_bbp_total_topic_count":0,"_bbp_total_reply_count":0,"_bbp_voice_count":0,"_bbp_anonymous_reply_count":0,"_bbp_topic_count_hidden":0,"_bbp_reply_count_hidden":0,"_bbp_forum_subforum_count":0,"footnotes":""},"categories":[6,1,197,29],"tags":[141,174,148],"class_list":["post-22015","post","type-post","status-publish","format-standard","has-post-thumbnail","hentry","category-eso-3","category-general","category-intercanvi-amb-franca","category-portada","tag-eso","tag-frances","tag-llengues"],"post_mailing_queue_ids":[],"_links":{"self":[{"href":"https:\/\/agora.xtec.cat\/ies-baix-montseny\/wp-json\/wp\/v2\/posts\/22015","targetHints":{"allow":["GET"]}}],"collection":[{"href":"https:\/\/agora.xtec.cat\/ies-baix-montseny\/wp-json\/wp\/v2\/posts"}],"about":[{"href":"https:\/\/agora.xtec.cat\/ies-baix-montseny\/wp-json\/wp\/v2\/types\/post"}],"author":[{"embeddable":true,"href":"https:\/\/agora.xtec.cat\/ies-baix-montseny\/wp-json\/wp\/v2\/users\/1"}],"replies":[{"embeddable":true,"href":"https:\/\/agora.xtec.cat\/ies-baix-montseny\/wp-json\/wp\/v2\/comments?post=22015"}],"version-history":[{"count":2,"href":"https:\/\/agora.xtec.cat\/ies-baix-montseny\/wp-json\/wp\/v2\/posts\/22015\/revisions"}],"predecessor-version":[{"id":22019,"href":"https:\/\/agora.xtec.cat\/ies-baix-montseny\/wp-json\/wp\/v2\/posts\/22015\/revisions\/22019"}],"wp:featuredmedia":[{"embeddable":true,"href":"https:\/\/agora.xtec.cat\/ies-baix-montseny\/wp-json\/wp\/v2\/media\/22017"}],"wp:attachment":[{"href":"https:\/\/agora.xtec.cat\/ies-baix-montseny\/wp-json\/wp\/v2\/media?parent=22015"}],"wp:term":[{"taxonomy":"category","embeddable":true,"href":"https:\/\/agora.xtec.cat\/ies-baix-montseny\/wp-json\/wp\/v2\/categories?post=22015"},{"taxonomy":"post_tag","embeddable":true,"href":"https:\/\/agora.xtec.cat\/ies-baix-montseny\/wp-json\/wp\/v2\/tags?post=22015"}],"curies":[{"name":"wp","href":"https:\/\/api.w.org\/{rel}","templated":true}]}}