{"id":21848,"date":"2023-03-03T09:49:25","date_gmt":"2023-03-03T08:49:25","guid":{"rendered":"https:\/\/agora.xtec.cat\/ies-baix-montseny\/?p=21848"},"modified":"2023-03-30T08:49:58","modified_gmt":"2023-03-30T06:49:58","slug":"oferta-inicial-de-places","status":"publish","type":"post","link":"https:\/\/agora.xtec.cat\/ies-baix-montseny\/general\/oferta-inicial-de-places\/","title":{"rendered":"Oferta inicial de places ESO"},"content":{"rendered":"<p>S&#8217;ha publicat l&#8217;oferta inicial de places d&#8217;Educaci\u00f3 secund\u00e0ria obligat\u00f2ria pel curs 2023-2024 que podeu consultar en <a href=\"https:\/\/drive.google.com\/file\/d\/1DQsI4iPI9q8EZCMA4hzLQUEcOT_VFJGH\/view?usp=sharing\" target=\"_blank\" rel=\"noopener\">aquest enlla\u00e7<\/a><\/p>\n","protected":false},"excerpt":{"rendered":"<p>S&#8217;ha publicat l&#8217;oferta inicial de places d&#8217;Educaci\u00f3 secund\u00e0ria obligat\u00f2ria pel curs 2023-2024 que podeu consultar en <a href=\"https:\/\/drive.google.com\/file\/d\/1DQsI4iPI9q8EZCMA4hzLQUEcOT_VFJGH\/view?usp=sharing\" target=\"_blank\" rel=\"noopener\">aquest enlla\u00e7<\/a><\/p>\n","protected":false},"author":1,"featured_media":21787,"comment_status":"open","ping_status":"closed","sticky":false,"template":"","format":"standard","meta":{"_bbp_topic_count":0,"_bbp_reply_count":0,"_bbp_total_topic_count":0,"_bbp_total_reply_count":0,"_bbp_voice_count":0,"_bbp_anonymous_reply_count":0,"_bbp_topic_count_hidden":0,"_bbp_reply_count_hidden":0,"_bbp_forum_subforum_count":0,"footnotes":""},"categories":[3,1,29],"tags":[141,106],"class_list":["post-21848","post","type-post","status-publish","format-standard","has-post-thumbnail","hentry","category-eso","category-general","category-portada","tag-eso","tag-preinscripcio"],"post_mailing_queue_ids":[],"_links":{"self":[{"href":"https:\/\/agora.xtec.cat\/ies-baix-montseny\/wp-json\/wp\/v2\/posts\/21848","targetHints":{"allow":["GET"]}}],"collection":[{"href":"https:\/\/agora.xtec.cat\/ies-baix-montseny\/wp-json\/wp\/v2\/posts"}],"about":[{"href":"https:\/\/agora.xtec.cat\/ies-baix-montseny\/wp-json\/wp\/v2\/types\/post"}],"author":[{"embeddable":true,"href":"https:\/\/agora.xtec.cat\/ies-baix-montseny\/wp-json\/wp\/v2\/users\/1"}],"replies":[{"embeddable":true,"href":"https:\/\/agora.xtec.cat\/ies-baix-montseny\/wp-json\/wp\/v2\/comments?post=21848"}],"version-history":[{"count":2,"href":"https:\/\/agora.xtec.cat\/ies-baix-montseny\/wp-json\/wp\/v2\/posts\/21848\/revisions"}],"predecessor-version":[{"id":21928,"href":"https:\/\/agora.xtec.cat\/ies-baix-montseny\/wp-json\/wp\/v2\/posts\/21848\/revisions\/21928"}],"wp:featuredmedia":[{"embeddable":true,"href":"https:\/\/agora.xtec.cat\/ies-baix-montseny\/wp-json\/wp\/v2\/media\/21787"}],"wp:attachment":[{"href":"https:\/\/agora.xtec.cat\/ies-baix-montseny\/wp-json\/wp\/v2\/media?parent=21848"}],"wp:term":[{"taxonomy":"category","embeddable":true,"href":"https:\/\/agora.xtec.cat\/ies-baix-montseny\/wp-json\/wp\/v2\/categories?post=21848"},{"taxonomy":"post_tag","embeddable":true,"href":"https:\/\/agora.xtec.cat\/ies-baix-montseny\/wp-json\/wp\/v2\/tags?post=21848"}],"curies":[{"name":"wp","href":"https:\/\/api.w.org\/{rel}","templated":true}]}}