{"id":2177,"date":"2019-04-09T13:48:47","date_gmt":"2019-04-09T11:48:47","guid":{"rendered":"http:\/\/agora.xtec.cat\/ies-baix-montseny\/?p=2177"},"modified":"2019-04-09T18:35:35","modified_gmt":"2019-04-09T16:35:35","slug":"concurs-fem-mates","status":"publish","type":"post","link":"https:\/\/agora.xtec.cat\/ies-baix-montseny\/general\/concurs-fem-mates\/","title":{"rendered":"CONCURS FEM MATES"},"content":{"rendered":"<p style=\"text-align: justify;\">Els alumnes Ila Dom\u00ednguez, Aran Oliveras, Set Ortega i Nara Peula de 2n d&#8217;ESO D, van participar aquest dissabte dia 6 d&#8217;abril a la segona fase del concurs FEM MATES 2019 a l&#8217;institut Thalassa de Montgat.<\/p>\n<p style=\"text-align: justify;\">Van quedar classificats per a la 2a fase despr\u00e9s de superar amb \u00e8xit la 1a fase del concurs, que consistia en fer un treball per donar resposta a 3 preguntes obertes sobre reptes matem\u00e0tics.<\/p>\n<p style=\"text-align: justify;\">Els professors Judith Carreras, Pilar Bueno i Xavier Sivil van acompanyar als alumnes en aquesta fase del concurs i van ajudar tamb\u00e9 a l&#8217;organitzaci\u00f3 de la jornada com a supervisors d&#8217;una gimcana matem\u00e0tica per a alumnes de 3r i 4t d&#8217;ESO.<\/p>\n<p style=\"text-align: justify;\">Volem felicitar als 4 alumnes classificats i animar-los a continuar participant en concursos matem\u00e0tics. A m\u00e9s, l&#8217;alumna Nara Peula va aconseguir un diploma ja que el grup en el que ella participava activament, format per alumnes de diferents centres, va quedar guanyador de la gimcana dins la categoria de 1r i 2n ESO.<\/p>\n<p style=\"text-align: justify;\"><a href=\"https:\/\/agora.xtec.cat\/ies-baix-montseny\/wp-content\/uploads\/usu1288\/2019\/04\/IMG_8880-e1554827407328.jpg\"><img loading=\"lazy\" decoding=\"async\" class=\"alignnone size-medium wp-image-2181\" src=\"https:\/\/agora.xtec.cat\/ies-baix-montseny\/wp-content\/uploads\/usu1288\/2019\/04\/IMG_8880-e1554827407328-231x300.jpg\" alt=\"\" width=\"231\" height=\"300\" \/><\/a><a href=\"https:\/\/agora.xtec.cat\/ies-baix-montseny\/wp-content\/uploads\/usu1288\/2019\/04\/IMG_8877-1-e1554827467312.jpg\"><img loading=\"lazy\" decoding=\"async\" class=\"alignnone size-medium wp-image-2186\" src=\"https:\/\/agora.xtec.cat\/ies-baix-montseny\/wp-content\/uploads\/usu1288\/2019\/04\/IMG_8877-1-e1554827467312-300x239.jpg\" alt=\"\" width=\"300\" height=\"239\" srcset=\"https:\/\/agora.xtec.cat\/ies-baix-montseny\/wp-content\/uploads\/usu1288\/2019\/04\/IMG_8877-1-e1554827467312-300x239.jpg 300w, https:\/\/agora.xtec.cat\/ies-baix-montseny\/wp-content\/uploads\/usu1288\/2019\/04\/IMG_8877-1-e1554827467312-768x611.jpg 768w, https:\/\/agora.xtec.cat\/ies-baix-montseny\/wp-content\/uploads\/usu1288\/2019\/04\/IMG_8877-1-e1554827467312-1024x815.jpg 1024w, https:\/\/agora.xtec.cat\/ies-baix-montseny\/wp-content\/uploads\/usu1288\/2019\/04\/IMG_8877-1-e1554827467312.jpg 1361w\" sizes=\"auto, (max-width: 300px) 100vw, 300px\" \/><\/a><a href=\"https:\/\/agora.xtec.cat\/ies-baix-montseny\/wp-content\/uploads\/usu1288\/2019\/04\/IMG_8879-e1554827535848.jpg\"><img loading=\"lazy\" decoding=\"async\" class=\"alignnone size-medium wp-image-2180\" src=\"https:\/\/agora.xtec.cat\/ies-baix-montseny\/wp-content\/uploads\/usu1288\/2019\/04\/IMG_8879-e1554827535848-159x300.jpg\" alt=\"\" width=\"159\" height=\"300\" srcset=\"https:\/\/agora.xtec.cat\/ies-baix-montseny\/wp-content\/uploads\/usu1288\/2019\/04\/IMG_8879-e1554827535848-159x300.jpg 159w, https:\/\/agora.xtec.cat\/ies-baix-montseny\/wp-content\/uploads\/usu1288\/2019\/04\/IMG_8879-e1554827535848-542x1024.jpg 542w, https:\/\/agora.xtec.cat\/ies-baix-montseny\/wp-content\/uploads\/usu1288\/2019\/04\/IMG_8879-e1554827535848.jpg 545w\" sizes=\"auto, (max-width: 159px) 100vw, 159px\" \/><\/a><\/p>\n<div><\/div>\n<div><\/div>\n","protected":false},"excerpt":{"rendered":"<p>Els alumnes Ila Dom\u00ednguez, Aran Oliveras, Set Ortega i Nara Peula de 2n d&#8217;ESO D, van participar aquest dissabte dia 6 d&#8217;abril a la segona fase del concurs FEM MATES 2019 a l&#8217;institut Thalassa de Montgat.<br \/>\nVan quedar classificats per a la 2a fase despr\u00e9s de&hellip;  <a href=\"https:\/\/agora.xtec.cat\/ies-baix-montseny\/general\/concurs-fem-mates\/\" title=\"Read CONCURS FEM MATES\">Llegeix m\u00e9s\u00bb<\/a><\/p>\n","protected":false},"author":7,"featured_media":2181,"comment_status":"open","ping_status":"closed","sticky":false,"template":"","format":"standard","meta":{"_bbp_topic_count":0,"_bbp_reply_count":0,"_bbp_total_topic_count":0,"_bbp_total_reply_count":0,"_bbp_voice_count":0,"_bbp_anonymous_reply_count":0,"_bbp_topic_count_hidden":0,"_bbp_reply_count_hidden":0,"_bbp_forum_subforum_count":0,"footnotes":""},"categories":[5,64,3,1,29],"tags":[],"class_list":["post-2177","post","type-post","status-publish","format-standard","has-post-thumbnail","hentry","category-eso-2","category-activitats","category-eso","category-general","category-portada"],"post_mailing_queue_ids":[],"_links":{"self":[{"href":"https:\/\/agora.xtec.cat\/ies-baix-montseny\/wp-json\/wp\/v2\/posts\/2177","targetHints":{"allow":["GET"]}}],"collection":[{"href":"https:\/\/agora.xtec.cat\/ies-baix-montseny\/wp-json\/wp\/v2\/posts"}],"about":[{"href":"https:\/\/agora.xtec.cat\/ies-baix-montseny\/wp-json\/wp\/v2\/types\/post"}],"author":[{"embeddable":true,"href":"https:\/\/agora.xtec.cat\/ies-baix-montseny\/wp-json\/wp\/v2\/users\/7"}],"replies":[{"embeddable":true,"href":"https:\/\/agora.xtec.cat\/ies-baix-montseny\/wp-json\/wp\/v2\/comments?post=2177"}],"version-history":[{"count":4,"href":"https:\/\/agora.xtec.cat\/ies-baix-montseny\/wp-json\/wp\/v2\/posts\/2177\/revisions"}],"predecessor-version":[{"id":2199,"href":"https:\/\/agora.xtec.cat\/ies-baix-montseny\/wp-json\/wp\/v2\/posts\/2177\/revisions\/2199"}],"wp:featuredmedia":[{"embeddable":true,"href":"https:\/\/agora.xtec.cat\/ies-baix-montseny\/wp-json\/wp\/v2\/media\/2181"}],"wp:attachment":[{"href":"https:\/\/agora.xtec.cat\/ies-baix-montseny\/wp-json\/wp\/v2\/media?parent=2177"}],"wp:term":[{"taxonomy":"category","embeddable":true,"href":"https:\/\/agora.xtec.cat\/ies-baix-montseny\/wp-json\/wp\/v2\/categories?post=2177"},{"taxonomy":"post_tag","embeddable":true,"href":"https:\/\/agora.xtec.cat\/ies-baix-montseny\/wp-json\/wp\/v2\/tags?post=2177"}],"curies":[{"name":"wp","href":"https:\/\/api.w.org\/{rel}","templated":true}]}}