{"id":21625,"date":"2023-02-13T14:30:31","date_gmt":"2023-02-13T13:30:31","guid":{"rendered":"https:\/\/agora.xtec.cat\/ies-baix-montseny\/?p=21625"},"modified":"2023-03-08T09:39:07","modified_gmt":"2023-03-08T08:39:07","slug":"llistat-admesos-i-exclosos-beca-erasmus-2022-23","status":"publish","type":"post","link":"https:\/\/agora.xtec.cat\/ies-baix-montseny\/general\/llistat-admesos-i-exclosos-beca-erasmus-2022-23\/","title":{"rendered":"Llistat Admesos i Exclosos Beca Erasmus 2022-23"},"content":{"rendered":"<p>Publicaci\u00f3 de la Llista d&#8217;alumnat d&#8217;Admesos i Exclosos en el proc\u00e9s de selecci\u00f3 d&#8217;estada formativa (pr\u00e0ctiques) en empresa estrangera amb beca Erasmus+ i de la Llista de Professorat Adm\u00e8s i en Reserva per a gaudir de formaci\u00f3 o jobshadowing a l&#8217;estranger.<\/p>\n<table style=\"border-collapse: collapse; width: 89.4537%; height: 481px;\">\n<tbody>\n<tr style=\"height: 41px;\">\n<td style=\"width: 9.15529%; text-align: center; height: 41px; background-color: #0d4ba8;\"><strong><span style=\"color: #000000;\">Alumne\/a<\/span><\/strong><\/td>\n<td style=\"width: 1.45327%; text-align: center; height: 41px; background-color: #0d4ba8;\"><strong><span style=\"color: #000000;\">Punts<\/span><\/strong><\/td>\n<td style=\"width: 16.8365%; text-align: center; height: 41px; background-color: #0d4ba8;\"><strong><span style=\"color: #000000;\">Cicle de Grau Superior<\/span><\/strong><\/td>\n<td style=\"width: 15.1625%; text-align: center; height: 41px; background-color: #0d4ba8;\"><strong><span style=\"color: #000000;\">Per\u00edode<\/span><\/strong><\/td>\n<td style=\"width: 7.68732%; text-align: center; height: 41px; background-color: #0d4ba8;\"><strong><span style=\"color: #000000;\">Duraci\u00f3\u00a0<\/span><\/strong><\/td>\n<td style=\"width: 25.215%; text-align: center; height: 41px; background-color: #0d4ba8;\"><strong><span style=\"color: #000000;\">Condicions<\/span><\/strong><\/td>\n<td style=\"width: 3.3098%; text-align: center; height: 41px; background-color: #0d4ba8;\"><strong><span style=\"color: #000000;\">Acceptaci\u00f3?<\/span><\/strong><\/td>\n<\/tr>\n<tr style=\"height: 28px;\">\n<td style=\"width: 9.15529%; height: 28px; background-color: #585bf5;\"><span style=\"color: #ffffff;\"><strong>N.R.<\/strong><\/span><\/td>\n<td style=\"width: 1.45327%; height: 28px; text-align: center;\">\u00a010<\/td>\n<td style=\"width: 16.8365%; height: 28px; text-align: center;\">Qu\u00edmica Industrial (1r)<\/td>\n<td style=\"width: 15.1625%; height: 28px; text-align: center;\">Juny-Agost 2023<\/td>\n<td style=\"width: 7.68732%; height: 28px; text-align: center;\">2 mesos<\/td>\n<td style=\"width: 25.215%; height: 28px; text-align: center;\">Tenir empresa destinat\u00e0ria (possibilitat de 6 mesos a Alemanya)<\/td>\n<td style=\"width: 3.3098%; text-align: center; height: 28px;\">Per determinar<\/td>\n<\/tr>\n<tr style=\"height: 41px;\">\n<td style=\"width: 9.15529%; height: 41px; background-color: #585bf5;\"><span style=\"color: #ffffff;\"><strong>A.R.<\/strong><\/span><\/td>\n<td style=\"width: 1.45327%; height: 41px; text-align: center;\">\u00a010<\/td>\n<td style=\"width: 16.8365%; height: 41px; text-align: center;\">Qu\u00edmica Industrial (1r)<\/td>\n<td style=\"width: 15.1625%; height: 41px; text-align: center;\">Juny-Agost 2023<\/td>\n<td style=\"width: 7.68732%; height: 41px; text-align: center;\">2 mesos<\/td>\n<td style=\"width: 25.215%; height: 41px; text-align: center;\">Tenir empresa destinat\u00e0ria<\/td>\n<td style=\"width: 3.3098%; text-align: center; height: 41px;\">NO<\/td>\n<\/tr>\n<tr style=\"height: 41px;\">\n<td style=\"width: 9.15529%; height: 41px; background-color: #585bf5;\"><span style=\"color: #ffffff;\"><strong>A.F.<\/strong><\/span><\/td>\n<td style=\"width: 1.45327%; height: 41px; text-align: center;\">\u00a010<\/td>\n<td style=\"width: 16.8365%; height: 41px; text-align: center;\">Mecatr\u00f2nica Industrial (1r)<\/td>\n<td style=\"width: 15.1625%; height: 41px; text-align: center;\">Juny-Agost 2023<\/td>\n<td style=\"width: 7.68732%; height: 41px; text-align: center;\">2 mesos<\/td>\n<td style=\"width: 25.215%; height: 41px; text-align: center;\">Tenir empresa destinat\u00e0ria<\/td>\n<td style=\"width: 3.3098%; text-align: center; height: 41px;\">NO<\/td>\n<\/tr>\n<tr style=\"height: 41px;\">\n<td style=\"width: 9.15529%; height: 41px; background-color: #585bf5;\"><span style=\"color: #ffffff;\"><strong>E.A.<\/strong><\/span><\/td>\n<td style=\"width: 1.45327%; height: 41px; text-align: center;\">\u00a010<\/td>\n<td style=\"width: 16.8365%; height: 41px; text-align: center;\">Mecatr\u00f2nica Industrial (1r)<\/td>\n<td style=\"width: 15.1625%; height: 41px; text-align: center;\">Juny-Agost 2023<\/td>\n<td style=\"width: 7.68732%; height: 41px; text-align: center;\">2 mesos<\/td>\n<td style=\"width: 25.215%; height: 41px; text-align: center;\">Tenir empresa destinat\u00e0ria<\/td>\n<td style=\"width: 3.3098%; text-align: center; height: 41px;\">NO<\/td>\n<\/tr>\n<tr style=\"height: 41px;\">\n<td style=\"width: 9.15529%; height: 41px; background-color: #585bf5;\"><span style=\"color: #ffffff;\"><strong>I.P.<\/strong><\/span><\/td>\n<td style=\"width: 1.45327%; height: 41px; text-align: center;\">\u00a010<\/td>\n<td style=\"width: 16.8365%; height: 41px; text-align: center;\">Mecatr\u00f2nica Industrial (1r)<\/td>\n<td style=\"width: 15.1625%; height: 41px; text-align: center;\">Juny-Agost 2023<\/td>\n<td style=\"width: 7.68732%; height: 41px; text-align: center;\">2 mesos<\/td>\n<td style=\"width: 25.215%; height: 41px; text-align: center;\">Tenir empresa destinat\u00e0ria<\/td>\n<td style=\"width: 3.3098%; text-align: center; height: 41px;\">NO<\/td>\n<\/tr>\n<tr style=\"height: 41px;\">\n<td style=\"width: 9.15529%; height: 41px; background-color: #585bf5;\"><span style=\"color: #ffffff;\"><strong>A.C.<\/strong><\/span><\/td>\n<td style=\"width: 1.45327%; height: 41px; text-align: center;\">\u00a010<\/td>\n<td style=\"width: 16.8365%; height: 41px; text-align: center;\">Mecatr\u00f2nica Industrial (1r)<\/td>\n<td style=\"width: 15.1625%; height: 41px; text-align: center;\">Juny-Agost 2023<\/td>\n<td style=\"width: 7.68732%; height: 41px; text-align: center;\">2 mesos<\/td>\n<td style=\"width: 25.215%; height: 41px; text-align: center;\">Tenir empresa destinat\u00e0ria<\/td>\n<td style=\"width: 3.3098%; text-align: center; height: 41px;\">NO<\/td>\n<\/tr>\n<tr style=\"height: 41px;\">\n<td style=\"width: 9.15529%; height: 41px; background-color: #585bf5;\"><span style=\"color: #ffffff;\"><strong>V.B.<\/strong><\/span><\/td>\n<td style=\"width: 1.45327%; height: 41px; text-align: center;\">\u00a010<\/td>\n<td style=\"width: 16.8365%; height: 41px; text-align: center;\">Mecatr\u00f2nica Industrial (1r)<\/td>\n<td style=\"width: 15.1625%; height: 41px; text-align: center;\">Juny-Agost 2023<\/td>\n<td style=\"width: 7.68732%; height: 41px; text-align: center;\">2 mesos<\/td>\n<td style=\"width: 25.215%; height: 41px; text-align: center;\">Tenir empresa destinat\u00e0ria<\/td>\n<td style=\"width: 3.3098%; text-align: center; height: 41px;\">NO<\/td>\n<\/tr>\n<tr style=\"height: 48px;\">\n<td style=\"width: 9.15529%; height: 48px; background-color: #585bf5;\"><span style=\"color: #ffffff;\"><strong>S.V.<\/strong><\/span><\/td>\n<td style=\"width: 1.45327%; text-align: center; height: 48px;\">\u00a010<\/td>\n<td style=\"width: 16.8365%; height: 48px; text-align: center;\">Mecatr\u00f2nica Industrial (1r)<\/td>\n<td style=\"width: 15.1625%; height: 48px; text-align: center;\">Juny-Agost 2023<\/td>\n<td style=\"width: 7.68732%; height: 48px; text-align: center;\">2 mesos<\/td>\n<td style=\"width: 25.215%; height: 48px; text-align: center;\">Tenir empresa destinat\u00e0ria<\/td>\n<td style=\"width: 3.3098%; text-align: center; height: 48px;\">NO<\/td>\n<\/tr>\n<tr style=\"height: 118px;\">\n<td style=\"width: 78.8197%; height: 118px;\" colspan=\"7\"><span style=\"text-decoration: underline;\">Les beques han estat concedides a tot l&#8217;alumnat de la Llista per\u00f2 no les han acceptat posteriorment.<\/span><\/p>\n<p><span style=\"text-decoration: underline;\">Queden en el fons 2 beques que poden ser concedides a persones que vulguin anar-hi i compleixin requisits, per a m\u00e9s informaci\u00f3 parleu amb el Coordinador de mobilitat (Carles Mitj\u00e0).<\/span><\/td>\n<\/tr>\n<\/tbody>\n<\/table>\n<p>* Tindrem puntuaci\u00f3 en el moment de saber de quantes beques disposem per al per\u00edode demanat (vers novembre del 2022)<\/p>\n<p>L&#8217;alumnat que t\u00e9 puntuaci\u00f3 ha estat seleccionat en aquest curs per a rebre la beca Erasmus+ d&#8217;estada formativa en pr\u00e0ctiques durant 2 mesos en empresa estrangera. Moltes Felicitacions!<\/p>\n<table style=\"border-collapse: collapse; width: 91.3931%; height: 274px;\">\n<tbody>\n<tr style=\"height: 41px;\">\n<td style=\"width: 9.15529%; text-align: center; height: 41px; background-color: #7913c2;\"><strong><span style=\"color: #000000;\">Professor\/a<\/span><\/strong><\/td>\n<td style=\"width: 5.51831%; text-align: center; height: 41px; background-color: #7913c2;\"><strong><span style=\"color: #000000;\">Puntuaci\u00f3<\/span><\/strong><\/td>\n<td style=\"width: 12.7715%; text-align: center; height: 41px; background-color: #7913c2;\"><strong><span style=\"color: #000000;\">Cicle de Grau Superior<\/span><\/strong><\/td>\n<td style=\"width: 15.1625%; text-align: center; height: 41px; background-color: #7913c2;\"><strong><span style=\"color: #000000;\">Per\u00edode<\/span><\/strong><\/td>\n<td style=\"width: 7.68732%; text-align: center; height: 41px; background-color: #7913c2;\"><strong><span style=\"color: #000000;\">Duraci\u00f3 Beca<\/span><\/strong><\/td>\n<td style=\"width: 30.6469%; text-align: center; height: 41px; background-color: #7913c2;\"><strong><span style=\"color: #000000;\">Condicions<\/span><\/strong><\/td>\n<\/tr>\n<tr style=\"height: 28px;\">\n<td style=\"width: 9.15529%; height: 28px; background-color: #a070d4;\"><span style=\"color: #ffffff;\"><strong>C.C.<\/strong><\/span><\/td>\n<td style=\"width: 5.51831%; height: 28px; text-align: center;\">\u00a010<\/td>\n<td style=\"width: 12.7715%; height: 28px; text-align: center;\">Mecatr\u00f2nica Industrial<\/td>\n<td style=\"width: 15.1625%; height: 28px; text-align: center;\">A decidir<\/td>\n<td style=\"width: 7.68732%; height: 28px; text-align: center;\">5 dies<\/td>\n<td style=\"width: 30.6469%; height: 28px; text-align: center;\">Tenir Centre per fer la Formaci\u00f3 o JobShadowing<\/td>\n<\/tr>\n<tr style=\"height: 28px;\">\n<td style=\"width: 9.15529%; height: 28px; background-color: #a070d4;\"><span style=\"color: #ffffff;\"><strong>G.I.<\/strong><\/span><\/td>\n<td style=\"width: 5.51831%; height: 28px; text-align: center;\">\u00a010<\/td>\n<td style=\"width: 12.7715%; height: 28px; text-align: center;\">Mecatr\u00f2nica Industrial<\/td>\n<td style=\"width: 15.1625%; height: 28px; text-align: center;\">A decidir<\/td>\n<td style=\"width: 7.68732%; height: 28px; text-align: center;\">5 dies<\/td>\n<td style=\"width: 30.6469%; height: 28px; text-align: center;\">Tenir Centre per fer la Formaci\u00f3 o JobShadowing<\/td>\n<\/tr>\n<tr style=\"height: 28px;\">\n<td style=\"width: 9.15529%; height: 28px; background-color: #a070d4;\"><span style=\"color: #ffffff;\"><strong>C.M.<\/strong><\/span><\/td>\n<td style=\"width: 5.51831%; height: 28px; text-align: center;\">\u00a010<\/td>\n<td style=\"width: 12.7715%; height: 28px; text-align: center;\">Mecatr\u00f2nica Industrial<\/td>\n<td style=\"width: 15.1625%; height: 28px; text-align: center;\">A decidir<\/td>\n<td style=\"width: 7.68732%; height: 28px; text-align: center;\">5 dies<\/td>\n<td style=\"width: 30.6469%; height: 28px; text-align: center;\">Tenir Centre per fer la Formaci\u00f3 o JobShadowing<\/td>\n<\/tr>\n<tr style=\"height: 28px;\">\n<td style=\"width: 9.15529%; height: 28px; background-color: #a070d4;\"><span style=\"color: #ffffff;\"><strong>M.L.<\/strong><\/span><\/td>\n<td style=\"width: 5.51831%; height: 28px; text-align: center;\">\u00a010<\/td>\n<td style=\"width: 12.7715%; height: 28px; text-align: center;\">Mecatr\u00f2nica Industrial<\/td>\n<td style=\"width: 15.1625%; height: 28px; text-align: center;\">A decidir<\/td>\n<td style=\"width: 7.68732%; height: 28px; text-align: center;\">5 dies<\/td>\n<td style=\"width: 30.6469%; height: 28px; text-align: center;\">Tenir Centre per fer la Formaci\u00f3 o JobShadowing<\/td>\n<\/tr>\n<tr style=\"height: 41px;\">\n<td style=\"width: 9.15529%; height: 41px; background-color: #a070d4;\"><span style=\"color: #ffffff;\"><strong>J.N.<\/strong><\/span><\/td>\n<td style=\"width: 5.51831%; height: 41px; text-align: center;\">*<\/td>\n<td style=\"width: 12.7715%; height: 41px; text-align: center;\">Qu\u00edmica Industrial<\/td>\n<td style=\"width: 15.1625%; height: 28px; text-align: center;\">A decidir<\/td>\n<td style=\"width: 7.68732%; height: 28px; text-align: center;\">5 dies<\/td>\n<td style=\"width: 30.6469%; height: 28px; text-align: center;\">Tenir Centre per fer la Formaci\u00f3 o JobShadowing<\/td>\n<\/tr>\n<tr style=\"height: 41px;\">\n<td style=\"width: 9.15529%; height: 41px; background-color: #a070d4;\"><span style=\"color: #ffffff;\"><strong>J.L.<\/strong><\/span><\/td>\n<td style=\"width: 5.51831%; height: 41px; text-align: center;\">*<\/td>\n<td style=\"width: 12.7715%; height: 41px; text-align: center;\">Mecatr\u00f2nica Industrial<\/td>\n<td style=\"width: 15.1625%; height: 28px; text-align: center;\">A decidir<\/td>\n<td style=\"width: 7.68732%; height: 28px; text-align: center;\">5 dies<\/td>\n<td style=\"width: 30.6469%; height: 28px; text-align: center;\">Tenir Centre per fer la Formaci\u00f3 o JobShadowing<\/td>\n<\/tr>\n<tr style=\"height: 41px;\">\n<td style=\"width: 9.15529%; height: 41px;\" colspan=\"6\"><span style=\"text-decoration: underline;\">* Professorat en reserva.<\/span><\/td>\n<\/tr>\n<\/tbody>\n<\/table>\n<p>&nbsp;<\/p>\n","protected":false},"excerpt":{"rendered":"<p>Publicaci\u00f3 de la Llista d&#8217;alumnat d&#8217;Admesos i Exclosos en el proc\u00e9s de selecci\u00f3 d&#8217;estada formativa (pr\u00e0ctiques) en empresa estrangera amb beca Erasmus+ i de la Llista de Professorat Adm\u00e8s i en Reserva per a gaudir de formaci\u00f3 o jobshadowing a l&#8217;estranger.<\/p>\n<p>Alumne\/a<br \/>\nPunts<br \/>\nCicle de Grau Superior<br \/>\nPer\u00edode<br \/>\nDuraci\u00f3\u00a0<br \/>\nCondicions<br \/>\nAcceptaci\u00f3?<\/p>\n<p>N.R.<br \/>\n\u00a010<br \/>\nQu\u00edmica Industrial&hellip;  <a href=\"https:\/\/agora.xtec.cat\/ies-baix-montseny\/general\/llistat-admesos-i-exclosos-beca-erasmus-2022-23\/\" title=\"Read Llistat Admesos i Exclosos Beca Erasmus 2022-23\">Llegeix m\u00e9s\u00bb<\/a><\/p>\n","protected":false},"author":10,"featured_media":21627,"comment_status":"open","ping_status":"closed","sticky":false,"template":"","format":"standard","meta":{"_bbp_topic_count":0,"_bbp_reply_count":0,"_bbp_total_topic_count":0,"_bbp_total_reply_count":0,"_bbp_voice_count":0,"_bbp_anonymous_reply_count":0,"_bbp_topic_count_hidden":0,"_bbp_reply_count_hidden":0,"_bbp_forum_subforum_count":0,"footnotes":""},"categories":[30,119,1,29],"tags":[159,153,120,143,140],"class_list":["post-21625","post","type-post","status-publish","format-standard","has-post-thumbnail","hentry","category-cicles-formatius","category-erasmus","category-general","category-portada","tag-beques","tag-cicles-formatius","tag-erasmus","tag-mecatronica","tag-quimica"],"post_mailing_queue_ids":[],"_links":{"self":[{"href":"https:\/\/agora.xtec.cat\/ies-baix-montseny\/wp-json\/wp\/v2\/posts\/21625","targetHints":{"allow":["GET"]}}],"collection":[{"href":"https:\/\/agora.xtec.cat\/ies-baix-montseny\/wp-json\/wp\/v2\/posts"}],"about":[{"href":"https:\/\/agora.xtec.cat\/ies-baix-montseny\/wp-json\/wp\/v2\/types\/post"}],"author":[{"embeddable":true,"href":"https:\/\/agora.xtec.cat\/ies-baix-montseny\/wp-json\/wp\/v2\/users\/10"}],"replies":[{"embeddable":true,"href":"https:\/\/agora.xtec.cat\/ies-baix-montseny\/wp-json\/wp\/v2\/comments?post=21625"}],"version-history":[{"count":3,"href":"https:\/\/agora.xtec.cat\/ies-baix-montseny\/wp-json\/wp\/v2\/posts\/21625\/revisions"}],"predecessor-version":[{"id":21635,"href":"https:\/\/agora.xtec.cat\/ies-baix-montseny\/wp-json\/wp\/v2\/posts\/21625\/revisions\/21635"}],"wp:featuredmedia":[{"embeddable":true,"href":"https:\/\/agora.xtec.cat\/ies-baix-montseny\/wp-json\/wp\/v2\/media\/21627"}],"wp:attachment":[{"href":"https:\/\/agora.xtec.cat\/ies-baix-montseny\/wp-json\/wp\/v2\/media?parent=21625"}],"wp:term":[{"taxonomy":"category","embeddable":true,"href":"https:\/\/agora.xtec.cat\/ies-baix-montseny\/wp-json\/wp\/v2\/categories?post=21625"},{"taxonomy":"post_tag","embeddable":true,"href":"https:\/\/agora.xtec.cat\/ies-baix-montseny\/wp-json\/wp\/v2\/tags?post=21625"}],"curies":[{"name":"wp","href":"https:\/\/api.w.org\/{rel}","templated":true}]}}