{"id":2147,"date":"2019-03-26T15:06:57","date_gmt":"2019-03-26T14:06:57","guid":{"rendered":"http:\/\/agora.xtec.cat\/ies-baix-montseny\/?p=2147"},"modified":"2019-04-02T16:07:11","modified_gmt":"2019-04-02T14:07:11","slug":"jornada-de-portes-obertes-2","status":"publish","type":"post","link":"https:\/\/agora.xtec.cat\/ies-baix-montseny\/portada\/jornada-de-portes-obertes-2\/","title":{"rendered":"Jornada de portes obertes"},"content":{"rendered":"<p><a href=\"https:\/\/agora.xtec.cat\/ies-baix-montseny\/wp-content\/uploads\/usu1288\/2019\/01\/portes-obertes.jpg.png\"><img loading=\"lazy\" decoding=\"async\" class=\"alignnone size-full wp-image-1979\" src=\"https:\/\/agora.xtec.cat\/ies-baix-montseny\/wp-content\/uploads\/usu1288\/2019\/01\/portes-obertes.jpg.png\" alt=\"\" width=\"844\" height=\"327\" srcset=\"https:\/\/agora.xtec.cat\/ies-baix-montseny\/wp-content\/uploads\/usu1288\/2019\/01\/portes-obertes.jpg.png 844w, https:\/\/agora.xtec.cat\/ies-baix-montseny\/wp-content\/uploads\/usu1288\/2019\/01\/portes-obertes.jpg-300x116.png 300w, https:\/\/agora.xtec.cat\/ies-baix-montseny\/wp-content\/uploads\/usu1288\/2019\/01\/portes-obertes.jpg-768x298.png 768w\" sizes=\"auto, (max-width: 844px) 100vw, 844px\" \/><\/a><\/p>\n<p>Benvolguts pares, mares i tutors legals,<\/p>\n<p>Us comuniquem que el proper <strong>dissabte 4 de maig<\/strong> a les <strong>10 hores<\/strong> a l\u2019Institut Baix Montseny, farem les portes obertes de postobligat\u00f2ria. Us explicarem el projecte educatiu i el funcionament del Batxillerat i els Cicles Formatius que oferim a l\u2019Institut:<\/p>\n<ul>\n<li>BATXILLERAT (3 modalitats): Humanitats, Ci\u00e8ncies Socials i Ci\u00e8ncies i Tecnologia<\/li>\n<li>Gesti\u00f3 Administrativa<\/li>\n<li>Manteniment Electromec\u00e0nic<\/li>\n<li>Qu\u00edmica Industrial (FP DUAL)<\/li>\n<li>CFGS Mecatr\u00f2nica Industrial (FP DUAL)<\/li>\n<\/ul>\n<p>Volem recordar que la vostra assist\u00e8ncia \u00e9s molt important per tal que conegueu de primera m\u00e0 tota la informaci\u00f3 que fa refer\u00e8ncia a l\u2019educaci\u00f3 i l\u2019aprenentatge dels vostres fills\/es.<\/p>\n<p>Agra\u00efm per endavant la vostra assist\u00e8ncia. Us hi esperem a tots!!!<\/p>\n","protected":false},"excerpt":{"rendered":"<p><a href=\"https:\/\/agora.xtec.cat\/ies-baix-montseny\/wp-content\/uploads\/usu1288\/2019\/01\/portes-obertes.jpg.png\"><\/a><br \/>\nBenvolguts pares, mares i tutors legals,<br \/>\nUs comuniquem que el proper dissabte 4 de maig a les 10 hores a l\u2019Institut Baix Montseny, farem les portes obertes de postobligat\u00f2ria. Us explicarem el projecte educatiu i el funcionament del Batxillerat i els Cicles Formatius que oferim&hellip;  <a href=\"https:\/\/agora.xtec.cat\/ies-baix-montseny\/portada\/jornada-de-portes-obertes-2\/\" title=\"Read Jornada de portes obertes\">Llegeix m\u00e9s\u00bb<\/a><\/p>\n","protected":false},"author":1,"featured_media":1979,"comment_status":"open","ping_status":"closed","sticky":false,"template":"","format":"standard","meta":{"_bbp_topic_count":0,"_bbp_reply_count":0,"_bbp_total_topic_count":0,"_bbp_total_reply_count":0,"_bbp_voice_count":0,"_bbp_anonymous_reply_count":0,"_bbp_topic_count_hidden":0,"_bbp_reply_count_hidden":0,"_bbp_forum_subforum_count":0,"footnotes":""},"categories":[29],"tags":[],"class_list":["post-2147","post","type-post","status-publish","format-standard","has-post-thumbnail","hentry","category-portada"],"post_mailing_queue_ids":[],"_links":{"self":[{"href":"https:\/\/agora.xtec.cat\/ies-baix-montseny\/wp-json\/wp\/v2\/posts\/2147","targetHints":{"allow":["GET"]}}],"collection":[{"href":"https:\/\/agora.xtec.cat\/ies-baix-montseny\/wp-json\/wp\/v2\/posts"}],"about":[{"href":"https:\/\/agora.xtec.cat\/ies-baix-montseny\/wp-json\/wp\/v2\/types\/post"}],"author":[{"embeddable":true,"href":"https:\/\/agora.xtec.cat\/ies-baix-montseny\/wp-json\/wp\/v2\/users\/1"}],"replies":[{"embeddable":true,"href":"https:\/\/agora.xtec.cat\/ies-baix-montseny\/wp-json\/wp\/v2\/comments?post=2147"}],"version-history":[{"count":2,"href":"https:\/\/agora.xtec.cat\/ies-baix-montseny\/wp-json\/wp\/v2\/posts\/2147\/revisions"}],"predecessor-version":[{"id":2153,"href":"https:\/\/agora.xtec.cat\/ies-baix-montseny\/wp-json\/wp\/v2\/posts\/2147\/revisions\/2153"}],"wp:featuredmedia":[{"embeddable":true,"href":"https:\/\/agora.xtec.cat\/ies-baix-montseny\/wp-json\/wp\/v2\/media\/1979"}],"wp:attachment":[{"href":"https:\/\/agora.xtec.cat\/ies-baix-montseny\/wp-json\/wp\/v2\/media?parent=2147"}],"wp:term":[{"taxonomy":"category","embeddable":true,"href":"https:\/\/agora.xtec.cat\/ies-baix-montseny\/wp-json\/wp\/v2\/categories?post=2147"},{"taxonomy":"post_tag","embeddable":true,"href":"https:\/\/agora.xtec.cat\/ies-baix-montseny\/wp-json\/wp\/v2\/tags?post=2147"}],"curies":[{"name":"wp","href":"https:\/\/api.w.org\/{rel}","templated":true}]}}