{"id":21361,"date":"2023-01-20T13:06:40","date_gmt":"2023-01-20T12:06:40","guid":{"rendered":"https:\/\/agora.xtec.cat\/ies-baix-montseny\/?p=21361"},"modified":"2023-02-10T11:40:42","modified_gmt":"2023-02-10T10:40:42","slug":"visita-a-salerm-cosmetics","status":"publish","type":"post","link":"https:\/\/agora.xtec.cat\/ies-baix-montseny\/general\/visita-a-salerm-cosmetics\/","title":{"rendered":"Visita a SALERM COSMETICS"},"content":{"rendered":"<p>L&#8217;alumnat de 1r del CFGS de Qu\u00edmica Industrial del Centre ha visitat la planta de <a href=\"https:\/\/vmvcosmeticgroup.com\/\" target=\"_blank\" rel=\"noopener\">Salerm Cosmetics<\/a> situada a Lli\u00e7\u00e0 de Vall.<\/p>\n<p>Ens van mostrar la log\u00edstica utilitzada en l&#8217;emmagatzematge dels productes que reben i envien, les zones d&#8217;elaboraci\u00f3 i envasat del que fabriquen, els serveis que donen, el laboratori i l&#8217;\u00e0rea de tests dels productes finals.<\/p>\n<p>Agra\u00efm als responsables de l&#8217;empresa l&#8217;atenci\u00f3 que ens van donar.<\/p>\n<table style=\"border-collapse: collapse; width: 100%;\">\n<tbody>\n<tr>\n<td style=\"width: 100%; background-color: #ab4444;\"><a href=\"https:\/\/agora.xtec.cat\/ies-baix-montseny\/wp-content\/uploads\/usu1288\/2023\/01\/WhatsApp-Image-2023-01-19-at-16.09.11.jpeg\"><img loading=\"lazy\" decoding=\"async\" class=\"aligncenter size-large wp-image-21365\" src=\"https:\/\/agora.xtec.cat\/ies-baix-montseny\/wp-content\/uploads\/usu1288\/2023\/01\/WhatsApp-Image-2023-01-19-at-16.09.11-1024x576.jpeg\" alt=\"\" width=\"1024\" height=\"576\" srcset=\"https:\/\/agora.xtec.cat\/ies-baix-montseny\/wp-content\/uploads\/usu1288\/2023\/01\/WhatsApp-Image-2023-01-19-at-16.09.11-1024x576.jpeg 1024w, https:\/\/agora.xtec.cat\/ies-baix-montseny\/wp-content\/uploads\/usu1288\/2023\/01\/WhatsApp-Image-2023-01-19-at-16.09.11-300x169.jpeg 300w, https:\/\/agora.xtec.cat\/ies-baix-montseny\/wp-content\/uploads\/usu1288\/2023\/01\/WhatsApp-Image-2023-01-19-at-16.09.11-768x432.jpeg 768w, https:\/\/agora.xtec.cat\/ies-baix-montseny\/wp-content\/uploads\/usu1288\/2023\/01\/WhatsApp-Image-2023-01-19-at-16.09.11-1536x864.jpeg 1536w, https:\/\/agora.xtec.cat\/ies-baix-montseny\/wp-content\/uploads\/usu1288\/2023\/01\/WhatsApp-Image-2023-01-19-at-16.09.11.jpeg 1600w\" sizes=\"auto, (max-width: 1024px) 100vw, 1024px\" \/><\/a><\/td>\n<\/tr>\n<\/tbody>\n<\/table>\n<p>&nbsp;<\/p>\n<table style=\"border-collapse: collapse; width: 100%;\">\n<tbody>\n<tr>\n<td style=\"width: 50%; background-color: #e6b925;\"><a href=\"https:\/\/agora.xtec.cat\/ies-baix-montseny\/wp-content\/uploads\/usu1288\/2023\/01\/WhatsApp-Image-2023-01-19-at-16.09.11-1.jpeg\"><img loading=\"lazy\" decoding=\"async\" class=\"aligncenter size-large wp-image-21364\" src=\"https:\/\/agora.xtec.cat\/ies-baix-montseny\/wp-content\/uploads\/usu1288\/2023\/01\/WhatsApp-Image-2023-01-19-at-16.09.11-1-1024x576.jpeg\" alt=\"\" width=\"1024\" height=\"576\" srcset=\"https:\/\/agora.xtec.cat\/ies-baix-montseny\/wp-content\/uploads\/usu1288\/2023\/01\/WhatsApp-Image-2023-01-19-at-16.09.11-1-1024x576.jpeg 1024w, https:\/\/agora.xtec.cat\/ies-baix-montseny\/wp-content\/uploads\/usu1288\/2023\/01\/WhatsApp-Image-2023-01-19-at-16.09.11-1-300x169.jpeg 300w, https:\/\/agora.xtec.cat\/ies-baix-montseny\/wp-content\/uploads\/usu1288\/2023\/01\/WhatsApp-Image-2023-01-19-at-16.09.11-1-768x432.jpeg 768w, https:\/\/agora.xtec.cat\/ies-baix-montseny\/wp-content\/uploads\/usu1288\/2023\/01\/WhatsApp-Image-2023-01-19-at-16.09.11-1-1536x864.jpeg 1536w, https:\/\/agora.xtec.cat\/ies-baix-montseny\/wp-content\/uploads\/usu1288\/2023\/01\/WhatsApp-Image-2023-01-19-at-16.09.11-1.jpeg 1600w\" sizes=\"auto, (max-width: 1024px) 100vw, 1024px\" \/><\/a><\/td>\n<td style=\"width: 50%; background-color: #e6b925;\"><a href=\"https:\/\/agora.xtec.cat\/ies-baix-montseny\/wp-content\/uploads\/usu1288\/2023\/01\/WhatsApp-Image-2023-01-19-at-16.09.11-2.jpeg\"><img loading=\"lazy\" decoding=\"async\" class=\"aligncenter size-large wp-image-21363\" src=\"https:\/\/agora.xtec.cat\/ies-baix-montseny\/wp-content\/uploads\/usu1288\/2023\/01\/WhatsApp-Image-2023-01-19-at-16.09.11-2-1024x576.jpeg\" alt=\"\" width=\"1024\" height=\"576\" srcset=\"https:\/\/agora.xtec.cat\/ies-baix-montseny\/wp-content\/uploads\/usu1288\/2023\/01\/WhatsApp-Image-2023-01-19-at-16.09.11-2-1024x576.jpeg 1024w, https:\/\/agora.xtec.cat\/ies-baix-montseny\/wp-content\/uploads\/usu1288\/2023\/01\/WhatsApp-Image-2023-01-19-at-16.09.11-2-300x169.jpeg 300w, https:\/\/agora.xtec.cat\/ies-baix-montseny\/wp-content\/uploads\/usu1288\/2023\/01\/WhatsApp-Image-2023-01-19-at-16.09.11-2-768x432.jpeg 768w, https:\/\/agora.xtec.cat\/ies-baix-montseny\/wp-content\/uploads\/usu1288\/2023\/01\/WhatsApp-Image-2023-01-19-at-16.09.11-2-1536x864.jpeg 1536w, https:\/\/agora.xtec.cat\/ies-baix-montseny\/wp-content\/uploads\/usu1288\/2023\/01\/WhatsApp-Image-2023-01-19-at-16.09.11-2.jpeg 1600w\" sizes=\"auto, (max-width: 1024px) 100vw, 1024px\" \/><\/a><\/td>\n<\/tr>\n<\/tbody>\n<\/table>\n<p>&nbsp;<\/p>\n","protected":false},"excerpt":{"rendered":"<p>L&#8217;alumnat de 1r del CFGS de Qu\u00edmica Industrial del Centre ha visitat la planta de <a href=\"https:\/\/vmvcosmeticgroup.com\/\" target=\"_blank\" rel=\"noopener\">Salerm Cosmetics<\/a> situada a Lli\u00e7\u00e0 de Vall.<br \/>\nEns van mostrar la log\u00edstica utilitzada en l&#8217;emmagatzematge dels productes que reben i envien, les zones d&#8217;elaboraci\u00f3 i envasat del que&hellip;  <a href=\"https:\/\/agora.xtec.cat\/ies-baix-montseny\/general\/visita-a-salerm-cosmetics\/\" title=\"Read Visita a SALERM COSMETICS\">Llegeix m\u00e9s\u00bb<\/a><\/p>\n","protected":false},"author":10,"featured_media":21368,"comment_status":"open","ping_status":"closed","sticky":false,"template":"","format":"standard","meta":{"_bbp_topic_count":0,"_bbp_reply_count":0,"_bbp_total_topic_count":0,"_bbp_total_reply_count":0,"_bbp_voice_count":0,"_bbp_anonymous_reply_count":0,"_bbp_topic_count_hidden":0,"_bbp_reply_count_hidden":0,"_bbp_forum_subforum_count":0,"footnotes":""},"categories":[30,1,29],"tags":[139,140],"class_list":["post-21361","post","type-post","status-publish","format-standard","has-post-thumbnail","hentry","category-cicles-formatius","category-general","category-portada","tag-formacio-professional","tag-quimica"],"post_mailing_queue_ids":[],"_links":{"self":[{"href":"https:\/\/agora.xtec.cat\/ies-baix-montseny\/wp-json\/wp\/v2\/posts\/21361","targetHints":{"allow":["GET"]}}],"collection":[{"href":"https:\/\/agora.xtec.cat\/ies-baix-montseny\/wp-json\/wp\/v2\/posts"}],"about":[{"href":"https:\/\/agora.xtec.cat\/ies-baix-montseny\/wp-json\/wp\/v2\/types\/post"}],"author":[{"embeddable":true,"href":"https:\/\/agora.xtec.cat\/ies-baix-montseny\/wp-json\/wp\/v2\/users\/10"}],"replies":[{"embeddable":true,"href":"https:\/\/agora.xtec.cat\/ies-baix-montseny\/wp-json\/wp\/v2\/comments?post=21361"}],"version-history":[{"count":3,"href":"https:\/\/agora.xtec.cat\/ies-baix-montseny\/wp-json\/wp\/v2\/posts\/21361\/revisions"}],"predecessor-version":[{"id":21367,"href":"https:\/\/agora.xtec.cat\/ies-baix-montseny\/wp-json\/wp\/v2\/posts\/21361\/revisions\/21367"}],"wp:featuredmedia":[{"embeddable":true,"href":"https:\/\/agora.xtec.cat\/ies-baix-montseny\/wp-json\/wp\/v2\/media\/21368"}],"wp:attachment":[{"href":"https:\/\/agora.xtec.cat\/ies-baix-montseny\/wp-json\/wp\/v2\/media?parent=21361"}],"wp:term":[{"taxonomy":"category","embeddable":true,"href":"https:\/\/agora.xtec.cat\/ies-baix-montseny\/wp-json\/wp\/v2\/categories?post=21361"},{"taxonomy":"post_tag","embeddable":true,"href":"https:\/\/agora.xtec.cat\/ies-baix-montseny\/wp-json\/wp\/v2\/tags?post=21361"}],"curies":[{"name":"wp","href":"https:\/\/api.w.org\/{rel}","templated":true}]}}